{"id":41995,"date":"2023-12-08T00:44:40","date_gmt":"2023-12-07T23:44:40","guid":{"rendered":"http:\/\/www.infokuryr.cz\/n\/?p=41995"},"modified":"2023-12-07T14:53:59","modified_gmt":"2023-12-07T13:53:59","slug":"strelba-v-bruselu-4-zraneni-na-hlavni-nakupni-ulici-strelec-na-uteku","status":"publish","type":"post","link":"https:\/\/www.infokuryr.cz\/n\/2023\/12\/08\/strelba-v-bruselu-4-zraneni-na-hlavni-nakupni-ulici-strelec-na-uteku\/","title":{"rendered":"St\u0159elba v Bruselu: 4 zran\u011bn\u00ed na hlavn\u00ed n\u00e1kupn\u00ed ulici, st\u0159elec na \u00fat\u011bku"},"content":{"rendered":"<div id=\"fb-root\"><\/div>\n<p><span style=\"font-size: 18pt;\"><strong>Policie odm\u00edtla jako motiv vylou\u010dit teror, ale m\u00edstn\u00ed starosta nazna\u010dil, \u017ee mohlo j\u00edt o drogovou h\u00e1dku mezi gangy<\/strong><\/span><\/p>\n<p><span>\u010cty\u0159i lid\u00e9 byli ve st\u0159edu ve\u010der zran\u011bni p\u0159i hromadn\u00e9 st\u0159elb\u011b v centru Bruselu st\u0159elcem, kter\u00fd z\u016fst\u00e1v\u00e1 na svobod\u011b.<\/span><\/p>\n<p><span>\u00da\u0159ady byly vysl\u00e1ny na Avenue de la Toison d&#8217;Or kolem 19:30 m\u00edstn\u00edho \u010dasu po zpr\u00e1v\u00e1ch o v\u00fdst\u0159elech na hlavn\u00ed n\u00e1kupn\u00ed ulici v belgick\u00e9m hlavn\u00edm m\u011bst\u011b.<\/span><\/p>\n<p><span>\u201eNa\u0161e slu\u017eby okam\u017eit\u011b vyjely na m\u00edsto.\u00a0Byl z\u0159\u00edzen perimetr.\u00a0V sou\u010dasn\u00e9 dob\u011b \u010din\u00edme rozhodnut\u00ed,\u201c uvedla mluv\u010d\u00ed bruselsk\u00e9 policie Ilse Van de Keerseov\u00e1.<\/span><\/p>\n<p><span>Vl\u00e1msk\u00e9 noviny\u00a0<\/span><a class=\"ek-link\" href=\"https:\/\/www.nieuwsblad.be\/cnt\/dmf20231206_97077102\"><span>Het Nieuwsblad<\/span><\/a><span>\u00a0informovaly o tom, jak skupina st\u00e1la na p\u011b\u0161\u00ed z\u00f3n\u011b, kdy\u017e se k nim p\u0159ibl\u00ed\u017eil mu\u017e, kter\u00fd vyt\u00e1hl zbra\u0148 a z bezprost\u0159edn\u00ed bl\u00edzkosti na n\u011b vyst\u0159elil.<\/span><\/p>\n<p><span>Kdy\u017e skupina a kolemjdouc\u00ed z m\u00edsta prchali, st\u0159elec je pron\u00e1sledoval.\u00a0P\u0159i \u00fatoku byli zran\u011bni \u010dty\u0159i lid\u00e9, v\u010detn\u011b t\u0159\u00ed post\u0159elen\u00fdch a dal\u0161\u00edho, kter\u00fd si zlomil kotn\u00edk, kdy\u017e se sna\u017eili p\u0159ed pachatelem uprchnout.<\/span><\/p>\n<figure class=\"wp-block-embed is-type-rich is-provider-twitter wp-block-embed-twitter\">\n<div class=\"wp-block-embed__wrapper\">\n<div class=\"twitter-tweet twitter-tweet-rendered\"><iframe id=\"twitter-widget-0\" class=\"\" title=\"Twitter Tweet\" src=\"https:\/\/platform.twitter.com\/embed\/Tweet.html?dnt=true&amp;embedId=twitter-widget-0&amp;features=eyJ0ZndfdGltZWxpbmVfbGlzdCI6eyJidWNrZXQiOltdLCJ2ZXJzaW9uIjpudWxsfSwidGZ3X2ZvbGxvd2VyX2NvdW50X3N1bnNldCI6eyJidWNrZXQiOnRydWUsInZlcnNpb24iOm51bGx9LCJ0ZndfdHdlZXRfZWRpdF9iYWNrZW5kIjp7ImJ1Y2tldCI6Im9uIiwidmVyc2lvbiI6bnVsbH0sInRmd19yZWZzcmNfc2Vzc2lvbiI6eyJidWNrZXQiOiJvbiIsInZlcnNpb24iOm51bGx9LCJ0ZndfZm9zbnJfc29mdF9pbnRlcnZlbnRpb25zX2VuYWJsZWQiOnsiYnVja2V0Ijoib24iLCJ2ZXJzaW9uIjpudWxsfSwidGZ3X21peGVkX21lZGlhXzE1ODk3Ijp7ImJ1Y2tldCI6InRyZWF0bWVudCIsInZlcnNpb24iOm51bGx9LCJ0ZndfZXhwZXJpbWVudHNfY29va2llX2V4cGlyYXRpb24iOnsiYnVja2V0IjoxMjA5NjAwLCJ2ZXJzaW9uIjpudWxsfSwidGZ3X3Nob3dfYmlyZHdhdGNoX3Bpdm90c19lbmFibGVkIjp7ImJ1Y2tldCI6Im9uIiwidmVyc2lvbiI6bnVsbH0sInRmd19kdXBsaWNhdGVfc2NyaWJlc190b19zZXR0aW5ncyI6eyJidWNrZXQiOiJvbiIsInZlcnNpb24iOm51bGx9LCJ0ZndfdXNlX3Byb2ZpbGVfaW1hZ2Vfc2hhcGVfZW5hYmxlZCI6eyJidWNrZXQiOiJvbiIsInZlcnNpb24iOm51bGx9LCJ0ZndfdmlkZW9faGxzX2R5bmFtaWNfbWFuaWZlc3RzXzE1MDgyIjp7ImJ1Y2tldCI6InRydWVfYml0cmF0ZSIsInZlcnNpb24iOm51bGx9LCJ0ZndfbGVnYWN5X3RpbWVsaW5lX3N1bnNldCI6eyJidWNrZXQiOnRydWUsInZlcnNpb24iOm51bGx9LCJ0ZndfdHdlZXRfZWRpdF9mcm9udGVuZCI6eyJidWNrZXQiOiJvbiIsInZlcnNpb24iOm51bGx9fQ%3D%3D&amp;frame=false&amp;hideCard=false&amp;hideThread=false&amp;id=1732526603299586139&amp;lang=cs&amp;origin=https%3A%2F%2Frmx.news%2Fbelgium%2Fbrussels-shooting-4-injured-on-major-shopping-street-gunman-on-the-loose%2F&amp;sessionId=115655cde92873d76f11d82de301e3e1bdd20fdc&amp;theme=light&amp;widgetsVersion=01917f4d1d4cb%3A1696883169554&amp;width=550px\" frameborder=\"0\" scrolling=\"no\" allowfullscreen=\"allowfullscreen\" data-tweet-id=\"1732526603299586139\" data-mce-fragment=\"1\"><\/iframe><\/div>\n<\/div>\n<\/figure>\n<p><span>Alain Gagnaire, mana\u017eer brasserie Couleur Caf\u00e9, kter\u00e1 se nach\u00e1z\u00ed uvnit\u0159 Galerie Toison d&#8217;Or, \u0159ekl den\u00edku\u00a0<\/span><a class=\"ek-link\" href=\"https:\/\/www.lesoir.be\/553895\/article\/2023-12-06\/bruxelles-une-fusillade-porte-de-namur-fait-au-moins-4-blesses-dont-un-en-danger\"><span>Le Soir<\/span><\/a><span>\u00a0: \u201eUprost\u0159ed Avenue de la Toison d&#8217;Or p\u0159i\u0161el mu\u017e se zbran\u00ed, n\u011bkolikr\u00e1t vyst\u0159elil, n\u00e1sledovala panika s asi dvaceti lidmi, kte\u0159\u00ed se p\u0159i\u0161li uch\u00fdlit do galerie, v\u010detn\u011b \u017eeny zran\u011bn\u00e9 na prav\u00e9 noze, turistky.\u00a0Zavolal jsem policajty a ti p\u0159ijeli v pln\u00e9 s\u00edle s hasi\u010di.&#8220;<\/span><\/p>\n<p><span>Jednou z ob\u011bt\u00ed m\u00e1 b\u00fdt \u0161v\u00e9dsk\u00fd st\u00e1tn\u00ed p\u0159\u00edslu\u0161n\u00edk, kter\u00fd pracuje jako asistent v Evropsk\u00e9m parlamentu pro nejmenovan\u00e9ho poslance Evropsk\u00e9ho parlamentu ze \u0160v\u00e9dsk\u00e9 strany um\u00edrn\u011bn\u00e9 unie (\u201eModeraterna\u201c).\u00a0Ve st\u0159edu ve\u010der to potvrdila strana i \u0161v\u00e9dsk\u00e9 ministerstvo zahrani\u010d\u00ed.<\/span><\/p>\n<p><span>Jeden z na\u0161ich zam\u011bstnanc\u016f byl zran\u011bn p\u0159i st\u0159elb\u011b v Bruselu.\u00a0Hrozn\u00e9,\u201c napsal \u0161v\u00e9dsk\u00fd europoslanec Tomas Tob\u00e9 na X. \u201eDoty\u010dn\u00fd je v sou\u010dasn\u00e9 dob\u011b v p\u00e9\u010di, situace nen\u00ed pova\u017eov\u00e1na za kritickou.\u00a0P\u0159\u00edbuzn\u00ed osoby jsou informov\u00e1ni,\u201c dodal.<\/span><\/p>\n<p><a href=\"https:\/\/stranapro.cz\/\"><img decoding=\"async\" loading=\"lazy\" class=\"alignnone  wp-image-40285 aligncenter\" src=\"http:\/\/www.infokuryr.cz\/n\/wp-content\/uploads\/2023\/11\/11pro-300x79.png\" alt=\"\" width=\"414\" height=\"109\" srcset=\"https:\/\/www.infokuryr.cz\/n\/wp-content\/uploads\/2023\/11\/11pro-300x79.png 300w, https:\/\/www.infokuryr.cz\/n\/wp-content\/uploads\/2023\/11\/11pro.png 363w\" sizes=\"(max-width: 414px) 100vw, 414px\" \/><\/a><\/p>\n<p><span>V tuto chv\u00edli nen\u00ed zn\u00e1mo, zda byla n\u00e1rodnost asistenta faktorem p\u0159i st\u0159elb\u011b stejn\u00fdm zp\u016fsobem, jak\u00fdm byli \u0161v\u00e9d\u0161t\u00ed ob\u010dan\u00e9 ter\u010dem neleg\u00e1ln\u00edho tunisk\u00e9ho migranta Abdesalema Lassoueda p\u0159i teroristick\u00e9m \u00fatoku ve stejn\u00e9m m\u011bst\u011b 16. \u0159\u00edjna.<\/span><\/p>\n<p><span>Belgick\u00e1 policie odhalila, \u017ee nem\u016f\u017ee vylou\u010dit teror jako motiv, ale \u017ee to \u201ev tuto chv\u00edli\u201c nepova\u017euje za tento p\u0159\u00edpad.<\/span><\/p>\n<p><span>Starosta Ixelles Christos Doulkeridis pozd\u011bji nazna\u010dil, \u017ee \u00fatok mohl souviset s drogami.\u00a0&#8222;Jsme sp\u00ed\u0161e ve sc\u00e9n\u00e1\u0159i m\u011bstsk\u00fdch gang\u016f,&#8220; \u0159ekl m\u00edstn\u00edm m\u00e9di\u00edm.<\/span><\/p>\n<p><span>V tiskov\u00e9 zpr\u00e1v\u011b bruselsk\u00e9 st\u00e1tn\u00ed zastupitelstv\u00ed potvrdilo, \u017ee po\u017e\u00e1dalo vy\u0161et\u0159uj\u00edc\u00edho soudce, aby zv\u00e1\u017eil obvin\u011bn\u00ed z pokusu o zabit\u00ed.<\/span><\/p>\n<p><span>&#8222;Vy\u0161et\u0159uj\u00edc\u00ed soudce doraz\u00ed na m\u00edsto dnes ve\u010der za p\u0159\u00edtomnosti st\u00e1tn\u00edho z\u00e1stupce, feder\u00e1ln\u00ed policejn\u00ed laborato\u0159e a balistick\u00e9ho experta,&#8220; dodal.<\/span><\/p>\n<p><span>Od 2:00 SE\u010c nebyl nikdo zat\u010den.<\/span><\/p>\n<p><img decoding=\"async\" loading=\"lazy\" class=\"alignnone size-full wp-image-1185\" src=\"http:\/\/www.infokuryr.cz\/n\/wp-content\/uploads\/2021\/04\/kuryr-podpis.png\" alt=\"\" width=\"84\" height=\"24\" \/><\/p>\n<p>&nbsp;<\/p>\n<p>&nbsp;<\/p>\n","protected":false},"excerpt":{"rendered":"<p>Policie odm\u00edtla jako motiv vylou\u010dit teror, ale m\u00edstn\u00ed starosta nazna\u010dil, \u017ee mohlo j\u00edt o drogovou&#8230;<\/p>\n","protected":false},"author":2,"featured_media":41996,"comment_status":"closed","ping_status":"closed","sticky":false,"template":"","format":"standard","meta":[],"categories":[7],"tags":[640,369,320],"_links":{"self":[{"href":"https:\/\/www.infokuryr.cz\/n\/wp-json\/wp\/v2\/posts\/41995"}],"collection":[{"href":"https:\/\/www.infokuryr.cz\/n\/wp-json\/wp\/v2\/posts"}],"about":[{"href":"https:\/\/www.infokuryr.cz\/n\/wp-json\/wp\/v2\/types\/post"}],"author":[{"embeddable":true,"href":"https:\/\/www.infokuryr.cz\/n\/wp-json\/wp\/v2\/users\/2"}],"replies":[{"embeddable":true,"href":"https:\/\/www.infokuryr.cz\/n\/wp-json\/wp\/v2\/comments?post=41995"}],"version-history":[{"count":0,"href":"https:\/\/www.infokuryr.cz\/n\/wp-json\/wp\/v2\/posts\/41995\/revisions"}],"wp:featuredmedia":[{"embeddable":true,"href":"https:\/\/www.infokuryr.cz\/n\/wp-json\/wp\/v2\/media\/41996"}],"wp:attachment":[{"href":"https:\/\/www.infokuryr.cz\/n\/wp-json\/wp\/v2\/media?parent=41995"}],"wp:term":[{"taxonomy":"category","embeddable":true,"href":"https:\/\/www.infokuryr.cz\/n\/wp-json\/wp\/v2\/categories?post=41995"},{"taxonomy":"post_tag","embeddable":true,"href":"https:\/\/www.infokuryr.cz\/n\/wp-json\/wp\/v2\/tags?post=41995"}],"curies":[{"name":"wp","href":"https:\/\/api.w.org\/{rel}","templated":true}]}}