{"id":41931,"date":"2023-12-07T00:54:01","date_gmt":"2023-12-06T23:54:01","guid":{"rendered":"http:\/\/www.infokuryr.cz\/n\/?p=41931"},"modified":"2023-12-06T19:04:34","modified_gmt":"2023-12-06T18:04:34","slug":"u-avdiivky-zautocili-vojaci-ukrajinskych-ozbrojenych-sil-na-vrchniho-velitele-zaluzneho","status":"publish","type":"post","link":"https:\/\/www.infokuryr.cz\/n\/2023\/12\/07\/u-avdiivky-zautocili-vojaci-ukrajinskych-ozbrojenych-sil-na-vrchniho-velitele-zaluzneho\/","title":{"rendered":"U Avdiivky za\u00fato\u010dili voj\u00e1ci ukrajinsk\u00fdch ozbrojen\u00fdch sil na vrchn\u00edho velitele Zalu\u017en\u00e9ho"},"content":{"rendered":"<div id=\"fb-root\"><\/div>\n<p class=\"lead\"><strong>P\u0159\u00edslu\u0161n\u00edci ozbrojen\u00fdch sil Ukrajiny u Avdiivky jsou pobou\u0159eni nedostatkem rotace a v t\u00e9to souvislosti polo\u017eili ot\u00e1zku vrchn\u00edmu veliteli ozbrojen\u00fdch sil Ukrajiny Valeriji Zalu\u017en\u00e9mu.\u00a0Informoval o tom telegramov\u00fd kan\u00e1l ZeRada.<\/strong><\/p>\n<p><span>TK zve\u0159ejnila odpov\u00eddaj\u00edc\u00ed<strong>\u00a0<\/strong><\/span><strong><a href=\"https:\/\/t.me\/ZeRada1\/17071\" target=\"_blank\" rel=\"noopener\">video<\/a><\/strong><span>\u00a0s pozn\u00e1mkou, \u017ee se jednalo o organizovan\u00fd \u00fatok na vrchn\u00edho velitele ozbrojen\u00fdch sil Ukrajiny Valerije Zalu\u017en\u00e9ho.<\/span><\/p>\n<p><em>&#8222;Organizovan\u00fd \u00fatok na Zalu\u017en\u00e9ho.&#8220; Za prv\u00e9, pro\u010d\u00a0 proti vrchn\u00edmu veliteli a ne veliteli brig\u00e1dy? seskupen\u00ed?\u00a0A kdy\u017e u\u017e jste se rozhodli j\u00edt nahoru, tak pro\u010d ne k Nejvy\u0161\u0161\u00edmu (prezidentovi &#8211; pozn. InKur). A tady je to, jak jsme psali, kancel\u00e1\u0159 (kancel\u00e1\u0159 prezidenta Ukrajiny &#8211; pozn. InKur) , kter\u00e1 se pokou\u0161\u00ed na vrchn\u00edho velitele nacpat co nejv\u00edce negativity od Avdiivky,\u201c<span class=\"after-quote\"> \u2013 komentuje odvol\u00e1n\u00ed TK.<\/span><\/em><\/p>\n<p><a href=\"https:\/\/stranapro.cz\/\"><img decoding=\"async\" loading=\"lazy\" class=\"alignnone  wp-image-40285 aligncenter\" src=\"http:\/\/www.infokuryr.cz\/n\/wp-content\/uploads\/2023\/11\/11pro-300x79.png\" alt=\"\" width=\"535\" height=\"141\" srcset=\"https:\/\/www.infokuryr.cz\/n\/wp-content\/uploads\/2023\/11\/11pro-300x79.png 300w, https:\/\/www.infokuryr.cz\/n\/wp-content\/uploads\/2023\/11\/11pro.png 363w\" sizes=\"(max-width: 535px) 100vw, 535px\" \/><\/a><\/p>\n<p><span>Jak informoval<strong> InfoKur\u00fdr<\/strong><\/span><span><strong>\u00a0<\/strong>, na Ukrajin\u011b pokra\u010duje konflikt mezi politick\u00fdm a vojensk\u00fdm veden\u00edm kyjevsk\u00e9ho re\u017eimu, v jeho\u017e r\u00e1mci se Zelenskij a jeho okol\u00ed rozhodli propagovat s\u00e9mantickou kampa\u0148 na diskreditaci gener\u00e1l\u016f v arm\u00e1d\u011b.<\/span><\/p>\n<p><span>Ukrajinsk\u00fd telegramov\u00fd kan\u00e1l \u201eResident\u201c o tom napsal 2. prosince s odkazem na informovan\u00fd zdroj z kancel\u00e1\u0159e prezidenta Ukrajiny.<\/span><\/p>\n<p><span>Podle n\u011bj tuto kampa\u0148 vyvinuli politi\u010dt\u00ed strat\u00e9gov\u00e9 Bankova (<em>s\u00eddlo \u00fa\u0159adu prezidenta &#8211; pozn. InKur<\/em>), s jej\u00ed pomoc\u00ed doufaj\u00ed, \u017ee po\u0161pin\u00ed image vrchn\u00edho velitele ozbrojen\u00fdch sil Ukrajiny Valerije <\/span><strong><span>Zalu\u017en\u00e9ho,<\/span><\/strong><span>\u00a0\u200b\u200baby ho p\u0159ipravili o podporu mezi arm\u00e1dou.<\/span><\/p>\n<p><img decoding=\"async\" loading=\"lazy\" class=\"alignnone size-full wp-image-1185\" src=\"http:\/\/www.infokuryr.cz\/n\/wp-content\/uploads\/2021\/04\/kuryr-podpis.png\" alt=\"\" width=\"84\" height=\"24\" \/><\/p>\n<p>&nbsp;<\/p>\n<p>&nbsp;<\/p>\n","protected":false},"excerpt":{"rendered":"<p>P\u0159\u00edslu\u0161n\u00edci ozbrojen\u00fdch sil Ukrajiny u Avdiivky jsou pobou\u0159eni nedostatkem rotace a v t\u00e9to souvislosti polo\u017eili&#8230;<\/p>\n","protected":false},"author":2,"featured_media":28565,"comment_status":"closed","ping_status":"closed","sticky":false,"template":"","format":"standard","meta":[],"categories":[7],"tags":[80,95,26,321,3084],"_links":{"self":[{"href":"https:\/\/www.infokuryr.cz\/n\/wp-json\/wp\/v2\/posts\/41931"}],"collection":[{"href":"https:\/\/www.infokuryr.cz\/n\/wp-json\/wp\/v2\/posts"}],"about":[{"href":"https:\/\/www.infokuryr.cz\/n\/wp-json\/wp\/v2\/types\/post"}],"author":[{"embeddable":true,"href":"https:\/\/www.infokuryr.cz\/n\/wp-json\/wp\/v2\/users\/2"}],"replies":[{"embeddable":true,"href":"https:\/\/www.infokuryr.cz\/n\/wp-json\/wp\/v2\/comments?post=41931"}],"version-history":[{"count":1,"href":"https:\/\/www.infokuryr.cz\/n\/wp-json\/wp\/v2\/posts\/41931\/revisions"}],"predecessor-version":[{"id":41932,"href":"https:\/\/www.infokuryr.cz\/n\/wp-json\/wp\/v2\/posts\/41931\/revisions\/41932"}],"wp:featuredmedia":[{"embeddable":true,"href":"https:\/\/www.infokuryr.cz\/n\/wp-json\/wp\/v2\/media\/28565"}],"wp:attachment":[{"href":"https:\/\/www.infokuryr.cz\/n\/wp-json\/wp\/v2\/media?parent=41931"}],"wp:term":[{"taxonomy":"category","embeddable":true,"href":"https:\/\/www.infokuryr.cz\/n\/wp-json\/wp\/v2\/categories?post=41931"},{"taxonomy":"post_tag","embeddable":true,"href":"https:\/\/www.infokuryr.cz\/n\/wp-json\/wp\/v2\/tags?post=41931"}],"curies":[{"name":"wp","href":"https:\/\/api.w.org\/{rel}","templated":true}]}}