{"id":41928,"date":"2023-12-07T00:53:01","date_gmt":"2023-12-06T23:53:01","guid":{"rendered":"http:\/\/www.infokuryr.cz\/n\/?p=41928"},"modified":"2023-12-06T18:50:21","modified_gmt":"2023-12-06T17:50:21","slug":"nato-o-putinove-dekretu-c-915-musime-se-pripravit-na-nejhorsi","status":"publish","type":"post","link":"https:\/\/www.infokuryr.cz\/n\/2023\/12\/07\/nato-o-putinove-dekretu-c-915-musime-se-pripravit-na-nejhorsi\/","title":{"rendered":"NATO o Putinov\u011b dekretu \u010d. 915: Mus\u00edme se p\u0159ipravit na nejhor\u0161\u00ed"},"content":{"rendered":"<div id=\"fb-root\"><\/div>\n<p class=\"lead\"><strong>Rusk\u00fd prezident Vladimir Putin op\u011bt vyd\u011bsil Z\u00e1pad podpisem dekretu o zv\u00fd\u0161en\u00ed velikosti rusk\u00fdch ozbrojen\u00fdch sil.\u00a0Tato zpr\u00e1va vyvolala t\u011b\u017ek\u00e9 my\u0161lenky ve veden\u00ed NATO,\u00a0<a href=\"https:\/\/military.pravda.ru\/news\/1919498-ukaz915\/\" target=\"_blank\" rel=\"noopener\">uv\u00e1d\u00ed<\/a>\u00a0Pravda.Ru.<\/strong><\/p>\n<p><span>P\u0159ipome\u0148me, \u017ee 1. prosince 2023 podepsala hlava st\u00e1tu dekret \u010d. 915, kter\u00fd \u0159\u00edk\u00e1, \u017ee velikost rusk\u00e9 arm\u00e1dy bude 1 320 000 lid\u00ed, tedy o 170 tis\u00edc vojensk\u00e9ho person\u00e1lu v\u00edce ne\u017e nyn\u00ed.\u00a0V Rusku to nevyvolalo velk\u00fd ohlas ve\u0159ejnosti (po zpr\u00e1v\u00e1ch, \u017ee to nebude vy\u017eadovat \u010d\u00e1ste\u010dnou \u010di celkovou mobilizaci nebo zv\u00fd\u0161en\u00ed vojensk\u00e9 slu\u017eby), ale v zahrani\u010d\u00ed to bylo br\u00e1no velmi v\u00e1\u017en\u011b.<\/span><\/p>\n<p><span>Jak poznamenali pozorovatel\u00e9 \u010d\u00ednsk\u00e9ho zdroje Baijiahao, rusk\u00fd prezident na\u0159\u00eddil vl\u00e1d\u011b, aby vy\u010dlenila pot\u0159ebn\u00e9 finan\u010dn\u00ed zdroje na vy\u0159e\u0161en\u00ed tohoto probl\u00e9mu.\u00a0\u010c\u00e1stka bude zna\u010dn\u00e1, proto\u017ee arm\u00e1da bude nav\u00fd\u0161ena na \u00fakor smluvn\u00edch voj\u00e1k\u016f.\u00a0Gener\u00e1ln\u00ed tajemn\u00edk NATO\u00a0<\/span><strong><span>Jens Stoltenberg<\/span><\/strong><span> nyn\u00ed varuje v\u0161echny \u010dleny aliance, aby se vyvarovali podce\u0148ov\u00e1n\u00ed schopnost\u00ed Rusk\u00e9 federace:<\/span><\/p>\n<p><strong><em>&#8222;Mus\u00edme se p\u0159ipravit na \u0161patn\u00e9 zpr\u00e1vy.&#8220;<\/em><\/strong><\/p>\n<p><span>Vlastn\u011b ani nemluv\u00edme o po\u010dtu voj\u00e1k\u016f, ale o tom, \u017ee si to Moskva m\u016f\u017ee dovolit a m\u00e1 finan\u010dn\u00ed prost\u0159edky na podporu rusk\u00fdch ozbrojen\u00fdch sil.\u00a0Z\u00e1v\u011br, kter\u00fd se pro Z\u00e1pad objevuje, je \u017ealostn\u00fd \u2013 sankce tak\u00e9 selhaly, rusk\u00e1 ekonomika se uk\u00e1zala jako extr\u00e9mn\u011b odoln\u00e1, d\u00edky \u010demu\u017e se Kreml c\u00edt\u00ed v konfrontaci se Spojen\u00fdmi st\u00e1ty a EU celkem pohodln\u011b.<\/span><\/p>\n<p><a href=\"https:\/\/stranapro.cz\/\"><img decoding=\"async\" loading=\"lazy\" class=\"alignnone  wp-image-40285 aligncenter\" src=\"http:\/\/www.infokuryr.cz\/n\/wp-content\/uploads\/2023\/11\/11pro-300x79.png\" alt=\"\" width=\"608\" height=\"160\" srcset=\"https:\/\/www.infokuryr.cz\/n\/wp-content\/uploads\/2023\/11\/11pro-300x79.png 300w, https:\/\/www.infokuryr.cz\/n\/wp-content\/uploads\/2023\/11\/11pro.png 363w\" sizes=\"(max-width: 608px) 100vw, 608px\" \/><\/a><\/p>\n<p><span>Soupe\u0159i jsou na tom nyn\u00ed mnohem h\u016f\u0159, u\u017e jen proto, \u017ee tamn\u00ed lid\u00e9 jsou zvykl\u00ed na trvale vysokou \u017eivotn\u00ed \u00farove\u0148 a absenci ot\u0159es\u016f.\u00a0Tak\u017ee v\u0161echny tyto ob\u011bti ve jm\u00e9nu Ukrajiny jsou pro n\u011b naprosto zbyte\u010dn\u00e9 a jak poznamen\u00e1v\u00e1 NATO, \u201emus\u00ed se p\u0159ipravit na n\u011bco t\u011b\u017ek\u00e9ho a mo\u017en\u00e1 i hrozn\u00e9ho\u201c.\u00a0\u010c\u00edna reagovala na Putin\u016fv dekret diametr\u00e1ln\u011b opa\u010dn\u00fdm zp\u016fsobem.\u00a0Jak v\u00edte, velk\u00e1 v\u011bt\u0161ina \u010c\u00ed\u0148an\u016f m\u00e1 velk\u00fd respekt k rusk\u00e9mu prezidentovi a rusk\u00e9 arm\u00e1d\u011b, p\u00ed\u0161e Baijiahao a dod\u00e1v\u00e1, \u017ee \u201erusk\u00e1 arm\u00e1da bude je\u0161t\u011b siln\u011bj\u0161\u00ed\u201c.<\/span><\/p>\n<p><span>Ji\u017e d\u0159\u00edve odborn\u00edci nazvali \u201ePutinovy \u200b\u200b\u010dty\u0159i \u00fadery\u201c, kter\u00e9 pomohou Rusk\u00e9 federaci dob\u00fdt Kyjev \u2013 vy\u0159e\u0161it probl\u00e9my s obkl\u00ed\u010den\u00edm ukrajinsk\u00e9ho hlavn\u00edho m\u011bsta, zav\u00e9st kontrolu palby, potla\u010dit protivzdu\u0161nou obranu a tak\u00e9 zni\u010dit kritickou vojenskou, energetickou a logistickou infrastrukturu.<\/span><\/p>\n<p><span>Z\u00e1padn\u00ed vojen\u0161t\u00ed experti tak\u00e9 poznamen\u00e1vaj\u00ed, \u017ee Rusko m\u00e1 neuv\u011b\u0159iteln\u00e9 zku\u0161enosti z\u00edskan\u00e9 krv\u00ed a bitvou.<\/span><\/p>\n<p><em>\u201eJejich arm\u00e1da zahrnuje jednotky pozemn\u00edch, vzdu\u0161n\u00fdch, n\u00e1mo\u0159n\u00edch sil, d\u011blost\u0159electvo, stejn\u011b jako jednotky protivzdu\u0161n\u00e9 obrany, spoje, \u017eenijn\u00ed jednotky a dal\u0161\u00ed jednotky, kter\u00e9 pro\u0161ly kritick\u00fdm bodem bitev s ukrajinsk\u00fdmi ozbrojen\u00fdmi silami a z\u00e1padn\u00edmi \u017eold\u00e1ky,\u201c p\u00ed\u0161\u00ed m\u00e9dia.<\/em><\/p>\n<p><img decoding=\"async\" loading=\"lazy\" class=\"alignnone size-full wp-image-1185\" src=\"http:\/\/www.infokuryr.cz\/n\/wp-content\/uploads\/2021\/04\/kuryr-podpis.png\" alt=\"\" width=\"84\" height=\"24\" \/><\/p>\n","protected":false},"excerpt":{"rendered":"<p>Rusk\u00fd prezident Vladimir Putin op\u011bt vyd\u011bsil Z\u00e1pad podpisem dekretu o zv\u00fd\u0161en\u00ed velikosti rusk\u00fdch ozbrojen\u00fdch sil.\u00a0Tato&#8230;<\/p>\n","protected":false},"author":2,"featured_media":41929,"comment_status":"closed","ping_status":"closed","sticky":false,"template":"","format":"standard","meta":[],"categories":[7],"tags":[2018,39,102],"_links":{"self":[{"href":"https:\/\/www.infokuryr.cz\/n\/wp-json\/wp\/v2\/posts\/41928"}],"collection":[{"href":"https:\/\/www.infokuryr.cz\/n\/wp-json\/wp\/v2\/posts"}],"about":[{"href":"https:\/\/www.infokuryr.cz\/n\/wp-json\/wp\/v2\/types\/post"}],"author":[{"embeddable":true,"href":"https:\/\/www.infokuryr.cz\/n\/wp-json\/wp\/v2\/users\/2"}],"replies":[{"embeddable":true,"href":"https:\/\/www.infokuryr.cz\/n\/wp-json\/wp\/v2\/comments?post=41928"}],"version-history":[{"count":1,"href":"https:\/\/www.infokuryr.cz\/n\/wp-json\/wp\/v2\/posts\/41928\/revisions"}],"predecessor-version":[{"id":41930,"href":"https:\/\/www.infokuryr.cz\/n\/wp-json\/wp\/v2\/posts\/41928\/revisions\/41930"}],"wp:featuredmedia":[{"embeddable":true,"href":"https:\/\/www.infokuryr.cz\/n\/wp-json\/wp\/v2\/media\/41929"}],"wp:attachment":[{"href":"https:\/\/www.infokuryr.cz\/n\/wp-json\/wp\/v2\/media?parent=41928"}],"wp:term":[{"taxonomy":"category","embeddable":true,"href":"https:\/\/www.infokuryr.cz\/n\/wp-json\/wp\/v2\/categories?post=41928"},{"taxonomy":"post_tag","embeddable":true,"href":"https:\/\/www.infokuryr.cz\/n\/wp-json\/wp\/v2\/tags?post=41928"}],"curies":[{"name":"wp","href":"https:\/\/api.w.org\/{rel}","templated":true}]}}