{"id":41919,"date":"2023-12-07T00:45:08","date_gmt":"2023-12-06T23:45:08","guid":{"rendered":"http:\/\/www.infokuryr.cz\/n\/?p=41919"},"modified":"2023-12-06T16:37:23","modified_gmt":"2023-12-06T15:37:23","slug":"nedelnik-adama-b-bartose-153-bude-jen-hur-ale-nevzdavejme-to","status":"publish","type":"post","link":"https:\/\/www.infokuryr.cz\/n\/2023\/12\/07\/nedelnik-adama-b-bartose-153-bude-jen-hur-ale-nevzdavejme-to\/","title":{"rendered":"NED\u011aLN\u00cdK ADAMA B. BARTO\u0160E (153) BUDE JEN H\u016e\u0158, ALE NEVZD\u00c1VEJME TO"},"content":{"rendered":"<div id=\"fb-root\"><\/div>\n<p align=\"JUSTIFY\"><strong>P\u011bkn\u00e9 pond\u011bl\u00ed. Dva t\u00fddny jsem tu nebyl, nebo\u0165 pracovn\u00ed povinnosti mi nenechaly ani trochu \u010dasu na seps\u00e1n\u00ed ned\u011bln\u00edku. Bal\u00edm a pos\u00edl\u00e1m novou knihu pana VK, aby se k v\u00e1m dostala je\u0161t\u011b do V\u00e1noc.<\/strong><span id=\"more-14005\"><\/span><\/p>\n<p align=\"JUSTIFY\">Bez ohledu na to, zda jsme, \u010di nejsme v\u011b\u0159\u00edc\u00ed, si v\u011bt\u0161ina z n\u00e1s v ned\u011bli p\u0159ipomn\u011bla za\u010d\u00e1tek Adventu. Man\u017eelky p\u0159ed n\u00edm vy\u0161iluj\u00ed, \u017ee mus\u00ed m\u00edt v\u0161e uklizeno (i kdy\u017e je t\u00e9m\u011b\u0159 jist\u00e9, \u017ee tak brzk\u00fd p\u0159edv\u00e1no\u010dn\u00ed \u00faklid nevydr\u017e\u00ed a jen zp\u016fsob\u00ed, \u017ee si jej p\u0159ed \u0160t\u011bdr\u00fdm dnem budeme muset st\u0159ihnout minim\u00e1ln\u011b je\u0161t\u011b jednou) a k\u0159es\u0165ansk\u00fd po\u017eadavek na zklidn\u011bn\u00ed, rozj\u00edm\u00e1n\u00ed a \u201ep\u0159\u00edpravu\u201c na oslavu Kristova narozen\u00ed je zast\u00edn\u011bn p\u0159edv\u00e1no\u010dn\u00ed konzumn\u00ed d\u011blost\u0159elbou na na\u0161e pen\u011b\u017eenky a stresem z toho, abychom v\u0161e stihli na V\u00e1noce p\u0159ipravit. Proto\u017ee ale od \u201evertik\u00e1l\u201c a \u201educhovn\u00edch p\u0159esah\u016f\u201c je tu Petr H\u00e1jek, nebudeme tu o adventu mudrovat z tohoto hlediska \u2013 ostatn\u011b, je mezi n\u00e1mi i mnoho t\u011bch, kte\u0159\u00ed V\u00e1noce vn\u00edmaj\u00ed v jejich p\u016fvodn\u00edm, p\u0159edk\u0159es\u0165ansk\u00e9m, smyslu. Pro n\u00e1s, co nesn\u00e1\u0161\u00edme zimu, je dobr\u00e9 v\u011bd\u011bt, \u017ee se bl\u00ed\u017e\u00edme bodu zlomu, od kdy zase bude v\u00edce slunce, tepla a sv\u011btla\u2026<\/p>\n<p align=\"JUSTIFY\">M\u00e1me tu tedy posledn\u00ed m\u011bs\u00edc v roce a spolu s t\u00edm nevy\u0159\u010denou ot\u00e1zku, jak\u00fd bude asi ten rok dal\u0161\u00ed. Bude jako ka\u017ed\u00fd jin\u00fd \u2013 rozhodn\u011b nebude lep\u0161\u00ed, proto\u017ee \u201el\u00e9pe u\u017e bylo\u201c. Na\u0161i politici (u n\u00e1s doma) a sv\u011btov\u00e9 elity (kter\u00fdm na\u0161i politici posluhuj\u00ed) s n\u00e1mi budou cht\u00edt \u201evyjebat\u201c a \u201eojebat n\u00e1s\u201c a my se zase budeme sna\u017eit, abychom to p\u0159e\u017eili, abychom tomu u\u0161li, n\u011bjak se tomu vyhnuli, n\u011bjak se adaptovali. Elekt\u0159ina zase zdra\u017e\u00ed, budou nov\u00e9 mutace, Izrael bude d\u00e1t likvidovat Palestince, Evropsk\u00e1 unie bude d\u00e1l vymej\u0161let hovadiny, Fiala bude je\u0161t\u011b fialov\u011bj\u0161\u00ed a Biden je\u0161t\u011b dementn\u011bj\u0161\u00ed, tak\u017ee si v USA rad\u011bji zvol\u00ed \u201ezl\u00e9ho\u201c Trumpa (podobn\u011b jako v Rusku \u201ezl\u00e9ho\u201c Putina, zat\u00edmco \u201ehrdina\u201c Zelenskij uprchne za velkou lou\u017ei). \u010c\u00edna poroste, Spojen\u00e9 st\u00e1ty p\u016fjdou ke dnu, sv\u011bt budou ale d\u00e1l \u0159\u00eddit Rothschildov\u00e9 a jejich poh\u016fnci (\u0161v\u00e1bov\u00e9 a dal\u0161\u00ed paraziti na na\u0161ich dan\u00edch). My budeme zase o rok star\u0161\u00ed, v\u0161e bude rychlej\u0161\u00ed, digit\u00e1ln\u011bj\u0161\u00ed (co\u017e znamen\u00e1 zneu\u017eiteln\u011bj\u0161\u00ed, hor\u0161\u00ed, m\u00e9n\u011b svobodn\u00e9), vesm\u00edr se bude d\u00e1le rozp\u00ednat, liber\u00e1lov\u00e9 se budou p\u0159edh\u00e1n\u011bt ve sv\u00fdch \u0161\u00edlen\u00fdch n\u00e1padech, sv\u011bt bude zbrojit, Velk\u00fd bratr bude v\u00edce \u0161m\u00edrovat, vlastenci se budou h\u00e1dat a nebudou cht\u00edt vystoupit z EU a u\u017e v\u016fbec ne z NATO, migranti budou migrovat, korporace s\u00edlit, lid\u00e9 budou um\u00edrat na n\u00e1sledky \u201ete\u010dkov\u00e1n\u00ed\u201c, d\u011bti hloupnout kv\u016fli inkluzi. Bude pokra\u010dovat ukrajinizace \u010cesk\u00e9 republiky, prost\u011b v\u0161e pob\u011b\u017e\u00ed d\u00e1l sv\u00fdm vlastn\u00edm tempem \u2013 d\u00edlem ze setrva\u010dnosti a z neochoty cokoli m\u011bnit, d\u00edlem proto, \u017ee n\u011bkte\u0159\u00ed d\u00e1l p\u0159ikl\u00e1daj\u00ed pod kotel, aby ma\u0161ina progresu ani na chv\u00edli nezpomalila. Budeme se \u2013 jako n\u00e1rod \u2013 d\u00e1l \u0159\u00edtit vst\u0159\u00edc sv\u00e9mu vlastn\u00edmu konci, i kdy\u017e se n\u00e1m t\u0159eba bude v osobn\u00edm a rodinn\u00e9m \u017eivot\u011b da\u0159it.<\/p>\n<p align=\"JUSTIFY\">\u017de jsem pesimistick\u00fd? Ale kde\u017ee. Je to norm\u00e1ln\u00ed. Co sv\u011bt sv\u011btem stoj\u00ed, nelep\u0161\u00ed se, ba naopak. To jen intelektu\u00e1ln\u00ed blouznivci v\u011b\u0159\u00ed v pomysln\u00fd pokrok, kter\u00fd je ale vlastn\u011b v\u017edy jen pomalou asistovanou sebevra\u017edou. Navzdory technologi\u00edm a vymo\u017eenostem jsme m\u00e9n\u011b \u0161\u0165astn\u00ed, v\u00edce z\u00e1visl\u00ed a nesvobodn\u00ed, fyzicky nemocn\u00ed a psychicky vy\u010derpan\u00ed. Jsme zahlceni informacemi, nest\u00edh\u00e1me \u0161\u00edlen\u00e9 tempo a neust\u00e1l\u00e9 \u201epr\u016fmyslov\u00e9 revoluce\u201c. Zvl\u00e1\u0161t\u011b my na \u201eZ\u00e1pad\u011b\u201c a zvl\u00e1\u0161t\u011b v posledn\u00edch t\u0159iceti dek\u00e1d\u00e1ch.<\/p>\n<p align=\"JUSTIFY\">Mo\u017en\u00e1 je to t\u00edm, \u017ee u\u017e jsem p\u0159ed p\u00e1r lety p\u0159ekro\u010dil \u010dty\u0159ic\u00edtku a ka\u017ed\u00fd dal\u0161\u00ed rok proto vn\u00edm\u00e1m s obavami, co zase p\u0159inese. Bezstarostn\u00e9 a sebev\u011bdom\u00e9 ml\u00e1d\u00ed vyst\u0159\u00eddalo krut\u00e9 pozn\u00e1n\u00ed, \u017ee sv\u011bt je k\u00fdmsi \u0159\u00edzen a tento kdosi nem\u00e1 v\u016fbec dobr\u00e9 \u00famysly, jakkoli je ve\u0159ejn\u011b za u\u0161lechtil\u00e9 proklamuje. N\u00e1\u0161 \u017eivot se redukuje na to \u2013 p\u0159e\u017e\u00edt a zajistit pokra\u010dov\u00e1n\u00ed rodu. N\u011bkte\u0159\u00ed jsou ale u\u017e tak zblbl\u00ed, \u017ee i to pokra\u010dov\u00e1n\u00ed rodu je jim p\u0159e\u017eitkem. D\u011bti bu\u010f m\u00edt necht\u011bj\u00ed, nebo \u2013 kdy\u017e je maj\u00ed \u2013 klidn\u011b je nechaj\u00ed o\u010dkovat nebo mrza\u010dit si pohlav\u00ed (tedy \u2013 nechaj\u00ed je kastrovat). I toho v p\u0159\u00ed\u0161t\u00edm roce jistojist\u011b p\u0159ibude, proto\u017ee zlo si v\u017edy hled\u00e1 cestu, a\u017e si ji najde \u2013 a najde si ji p\u0159ev\u00e1\u017en\u011b tam, kde panuje nez\u00e1jem, lhostejnost a sobectv\u00ed, co\u017e jsou hodnoty, ke kter\u00fdm n\u00e1s porevolu\u010dn\u00ed re\u017eim vychov\u00e1v\u00e1.<\/p>\n<p align=\"JUSTIFY\">I p\u0159esto v\u0161echno m\u00e1 ale smysl o n\u011bco usilovat. M\u00e1 smysl se sna\u017eit v\u011bci zm\u011bnit. M\u00e1 smysl v\u011b\u0159it. M\u00e1 smysl chodit k volb\u00e1m. M\u00e1 smysl \u0161\u00ed\u0159it informace a probouzet lidi. M\u00e1 smysl vyd\u00e1vat kn\u00ed\u017eky. M\u00e1 smysl vzd\u011bl\u00e1vat se. M\u00e1 smysl duchovn\u011b r\u016fst. M\u00e1 smysl vytv\u00e1\u0159et volebn\u00ed projekty. M\u00e1 smysl ovliv\u0148ovat sv\u00e9 d\u011bti. M\u00e1 smysl sna\u017eit se b\u00fdt lep\u0161\u00edm \u010dlov\u011bkem.<\/p>\n<p align=\"JUSTIFY\">Nikdo toti\u017e p\u0159esn\u011b nev\u00ed, jak to v\u0161echno nakonec dopadne. Co s n\u00e1mi bude. Co je na druh\u00e9 stran\u011b. Co se stane \u201epotom\u201c. M\u00e1 smysl b\u00fdt pokorn\u00fd, m\u00e1 smysl hledat pravdu a \u017e\u00edt v pravd\u011b. M\u00e1 smysl vzdorovat. M\u00e1 smysl bojovat. M\u00e1 smysl nevzd\u00e1vat se.<\/p>\n<p align=\"JUSTIFY\">V\u0161echno se toti\u017e po\u010d\u00edt\u00e1. To je m\u00e9 adventn\u00ed poselstv\u00ed\u2026<\/p>\n<p align=\"JUSTIFY\"><em><a href=\"https:\/\/narodnidemokracie.cz\/nedelnik-adama-b-bartose-153-bude-jen-hur-ale-nevzdavejme-to\/\">Adam B. Barto\u0161<\/a><br \/>\n<\/em><em>p\u0159edseda N\u00e1rodn\u00ed demokracie<\/em><\/p>\n<p align=\"JUSTIFY\"><img decoding=\"async\" loading=\"lazy\" class=\"alignnone size-full wp-image-678\" src=\"http:\/\/www.infokuryr.cz\/n\/wp-content\/uploads\/2021\/04\/narodni_demokracie_logo.jpg\" alt=\"\" width=\"300\" height=\"85\" \/><\/p>\n<p align=\"JUSTIFY\">\n<p align=\"JUSTIFY\">&#8212;&#8212;&#8212;&#8212;&#8212;&#8212;&#8212;&#8212;&#8212;&#8212;&#8212;&#8212;&#8212;&#8212;&#8212;&#8212;&#8211;<\/p>\n<p align=\"JUSTIFY\">\n<p align=\"JUSTIFY\"><a href=\"https:\/\/stranapro.cz\/\"><img decoding=\"async\" loading=\"lazy\" class=\"wp-image-40286 aligncenter\" src=\"http:\/\/www.infokuryr.cz\/n\/wp-content\/uploads\/2023\/11\/12pro-300x87.png\" alt=\"\" width=\"986\" height=\"286\" srcset=\"https:\/\/www.infokuryr.cz\/n\/wp-content\/uploads\/2023\/11\/12pro-300x87.png 300w, https:\/\/www.infokuryr.cz\/n\/wp-content\/uploads\/2023\/11\/12pro.png 366w\" sizes=\"(max-width: 986px) 100vw, 986px\" \/><\/a><\/p>\n<p align=\"JUSTIFY\">\n<p align=\"JUSTIFY\">\n<p align=\"JUSTIFY\">\n","protected":false},"excerpt":{"rendered":"<p>P\u011bkn\u00e9 pond\u011bl\u00ed. Dva t\u00fddny jsem tu nebyl, nebo\u0165 pracovn\u00ed povinnosti mi nenechaly ani trochu \u010dasu&#8230;<\/p>\n","protected":false},"author":2,"featured_media":41920,"comment_status":"closed","ping_status":"closed","sticky":false,"template":"","format":"standard","meta":[],"categories":[6],"tags":[367,29,85],"_links":{"self":[{"href":"https:\/\/www.infokuryr.cz\/n\/wp-json\/wp\/v2\/posts\/41919"}],"collection":[{"href":"https:\/\/www.infokuryr.cz\/n\/wp-json\/wp\/v2\/posts"}],"about":[{"href":"https:\/\/www.infokuryr.cz\/n\/wp-json\/wp\/v2\/types\/post"}],"author":[{"embeddable":true,"href":"https:\/\/www.infokuryr.cz\/n\/wp-json\/wp\/v2\/users\/2"}],"replies":[{"embeddable":true,"href":"https:\/\/www.infokuryr.cz\/n\/wp-json\/wp\/v2\/comments?post=41919"}],"version-history":[{"count":1,"href":"https:\/\/www.infokuryr.cz\/n\/wp-json\/wp\/v2\/posts\/41919\/revisions"}],"predecessor-version":[{"id":41921,"href":"https:\/\/www.infokuryr.cz\/n\/wp-json\/wp\/v2\/posts\/41919\/revisions\/41921"}],"wp:featuredmedia":[{"embeddable":true,"href":"https:\/\/www.infokuryr.cz\/n\/wp-json\/wp\/v2\/media\/41920"}],"wp:attachment":[{"href":"https:\/\/www.infokuryr.cz\/n\/wp-json\/wp\/v2\/media?parent=41919"}],"wp:term":[{"taxonomy":"category","embeddable":true,"href":"https:\/\/www.infokuryr.cz\/n\/wp-json\/wp\/v2\/categories?post=41919"},{"taxonomy":"post_tag","embeddable":true,"href":"https:\/\/www.infokuryr.cz\/n\/wp-json\/wp\/v2\/tags?post=41919"}],"curies":[{"name":"wp","href":"https:\/\/api.w.org\/{rel}","templated":true}]}}