{"id":4189,"date":"2021-08-20T05:00:26","date_gmt":"2021-08-20T03:00:26","guid":{"rendered":"http:\/\/www.infokuryr.cz\/n\/?p=4189"},"modified":"2021-08-20T05:00:26","modified_gmt":"2021-08-20T03:00:26","slug":"rozhovor-s-prof-rndr-jaroslavem-turankem-csc-dsc-o-vakcinach","status":"publish","type":"post","link":"https:\/\/www.infokuryr.cz\/n\/2021\/08\/20\/rozhovor-s-prof-rndr-jaroslavem-turankem-csc-dsc-o-vakcinach\/","title":{"rendered":"Rozhovor s prof. RNDr. JAROSLAVEM TUR\u00c1NKEM, CSc., DSc.  o vakc\u00edn\u00e1ch"},"content":{"rendered":"<div id=\"fb-root\"><\/div>\n<h1 class=\"contentheading\"><span style=\"font-size: 14pt;\">Rozhovor s prof. RNDr. JAROSLAVEM TUR\u00c1NKEM, CSc., DSc. vakcinologem, imunologem, farmakologem o vakc\u00edn\u00e1ch<\/span><\/h1>\n<p>ROZHOVOR s prof. RNDr. JAROSLAVEM TUR\u00c1NKEM, CSc., DSc. o tom, co chyb\u00ed v odborn\u00e9 debat\u011b o nejzn\u00e1m\u011bj\u0161\u00edm viru posledn\u00edch let a p\u0159edch\u00e1zen\u00ed jeho n\u00e1sledk\u016fm. Co v\u011bd\u00ed a co nev\u011bd\u00ed imunologov\u00e9 a dal\u0161\u00ed odborn\u00edci? Vede se dostate\u010dn\u00e1 odborn\u00e1 debata o mo\u017enostech a n\u00e1sledc\u00edch? Jak\u00e9 odborn\u00e9 n\u00e1zory chyb\u00ed ve ve\u0159ejn\u00e9m prostoru a pro\u010d?<\/p>\n<p>&nbsp;<\/p>\n<div class=\"item-page\">\n<div class=\"f2c-maintext\"><iframe loading=\"lazy\" title=\"Rozhovor s prof. RNDr. JAROSLAVEM TUR\u00c1NKEM, CSc., DSc. vakcinologem, imunologem, farmakologem o vakc\u00edn\u00e1ch\" src=\"https:\/\/nastub.cz\/videos\/embed\/a99fd559-4278-4748-b576-ffdfa1214d4a\" width=\"705\" height=\"395\" frameborder=\"0\" sandbox=\"allow-same-origin allow-scripts allow-popups\" allowfullscreen=\"allowfullscreen\" data-mce-fragment=\"1\"><\/iframe><ins class=\"adsbygoogle\" data-ad-layout=\"in-article\" data-ad-format=\"fluid\" data-ad-client=\"ca-pub-3629013881997344\" data-ad-slot=\"2643939390\" data-adsbygoogle-status=\"done\" data-ad-status=\"filled\"><ins id=\"aswift_2_expand\" tabindex=\"0\" title=\"Advertisement\" aria-label=\"Advertisement\"><ins id=\"aswift_2_anchor\"><\/ins><\/ins><\/ins><iframe loading=\"lazy\" title=\"YouTube video player\" src=\"https:\/\/www.youtube.com\/embed\/huzxxLvYm8Q\" width=\"705\" height=\"390\" frameborder=\"0\" allowfullscreen=\"allowfullscreen\" data-mce-fragment=\"1\"><\/iframe>\u00a0<iframe loading=\"lazy\" title=\"YouTube video player\" src=\"https:\/\/www.youtube.com\/embed\/h6cgUe2mhec\" width=\"705\" height=\"390\" frameborder=\"0\" allowfullscreen=\"allowfullscreen\" data-mce-fragment=\"1\"><\/iframe>\u00a0<iframe loading=\"lazy\" title=\"YouTube video player\" src=\"https:\/\/www.youtube.com\/embed\/n6XgeiTBIfU\" width=\"705\" height=\"390\" frameborder=\"0\" allowfullscreen=\"allowfullscreen\" data-mce-fragment=\"1\"><\/iframe><ins class=\"adsbygoogle\" data-ad-client=\"ca-pub-3629013881997344\" data-ad-slot=\"5337690961\" data-ad-format=\"auto\" data-full-width-responsive=\"true\" data-adsbygoogle-status=\"done\" data-ad-status=\"filled\"><ins id=\"aswift_3_expand\" tabindex=\"0\" title=\"Advertisement\" aria-label=\"Advertisement\"><ins id=\"aswift_3_anchor\"><\/ins><\/ins><\/ins><\/div>\n<\/div>\n<div id=\"module103\" class=\"module\">\n<h3 class=\"module-title\"><span style=\"font-size: 8pt;\">SVEDOMINARODA.CZ,\u00a0 SVOBODNEUNIVERSUM<\/span><\/h3>\n<\/div>\n<p>&nbsp;<\/p>\n","protected":false},"excerpt":{"rendered":"<p>Rozhovor s prof. RNDr. JAROSLAVEM TUR\u00c1NKEM, CSc., DSc. vakcinologem, imunologem, farmakologem o vakc\u00edn\u00e1ch ROZHOVOR s&#8230;<\/p>\n","protected":false},"author":2,"featured_media":4190,"comment_status":"closed","ping_status":"closed","sticky":false,"template":"","format":"standard","meta":[],"categories":[6],"tags":[1061,651],"_links":{"self":[{"href":"https:\/\/www.infokuryr.cz\/n\/wp-json\/wp\/v2\/posts\/4189"}],"collection":[{"href":"https:\/\/www.infokuryr.cz\/n\/wp-json\/wp\/v2\/posts"}],"about":[{"href":"https:\/\/www.infokuryr.cz\/n\/wp-json\/wp\/v2\/types\/post"}],"author":[{"embeddable":true,"href":"https:\/\/www.infokuryr.cz\/n\/wp-json\/wp\/v2\/users\/2"}],"replies":[{"embeddable":true,"href":"https:\/\/www.infokuryr.cz\/n\/wp-json\/wp\/v2\/comments?post=4189"}],"version-history":[{"count":0,"href":"https:\/\/www.infokuryr.cz\/n\/wp-json\/wp\/v2\/posts\/4189\/revisions"}],"wp:featuredmedia":[{"embeddable":true,"href":"https:\/\/www.infokuryr.cz\/n\/wp-json\/wp\/v2\/media\/4190"}],"wp:attachment":[{"href":"https:\/\/www.infokuryr.cz\/n\/wp-json\/wp\/v2\/media?parent=4189"}],"wp:term":[{"taxonomy":"category","embeddable":true,"href":"https:\/\/www.infokuryr.cz\/n\/wp-json\/wp\/v2\/categories?post=4189"},{"taxonomy":"post_tag","embeddable":true,"href":"https:\/\/www.infokuryr.cz\/n\/wp-json\/wp\/v2\/tags?post=4189"}],"curies":[{"name":"wp","href":"https:\/\/api.w.org\/{rel}","templated":true}]}}