{"id":41857,"date":"2023-12-06T05:28:36","date_gmt":"2023-12-06T04:28:36","guid":{"rendered":"http:\/\/www.infokuryr.cz\/n\/?p=41857"},"modified":"2023-12-06T05:28:36","modified_gmt":"2023-12-06T04:28:36","slug":"velka-britanie-se-pripravuje-primet-ukrajinu-k-mirovym-rozhovorum","status":"publish","type":"post","link":"https:\/\/www.infokuryr.cz\/n\/2023\/12\/06\/velka-britanie-se-pripravuje-primet-ukrajinu-k-mirovym-rozhovorum\/","title":{"rendered":"Velk\u00e1 Brit\u00e1nie se p\u0159ipravuje p\u0159im\u011bt Ukrajinu k m\u00edrov\u00fdm rozhovor\u016fm"},"content":{"rendered":"<div id=\"fb-root\"><\/div>\n<p><span style=\"font-size: 18pt;\"><strong>Z\u00e1pad je \u00fadajn\u011b zklaman\u00fd ne\u00fasp\u011b\u0161nou protiofenz\u00edvou Kyjeva a pochybuje o jeho schopnosti vyhr\u00e1t v\u00e1lku proti Rusku<\/strong><\/span><\/p>\n<p><span>Brit\u0161t\u00ed diplomat\u00e9 mohou brzy za\u010d\u00edt vyv\u00edjet tlak na Ukrajinu, aby vedla m\u00edrov\u00e1 jedn\u00e1n\u00ed s Ruskem, prohl\u00e1sil Jack Blanchard z Politico s odkazem na \u201ekl\u00e1bosen\u00ed\u201c v diplomatick\u00fdch kruz\u00edch.\u00a0Zpr\u00e1vy z m\u00e9di\u00ed nazna\u010duj\u00ed, \u017ee Z\u00e1pad za\u010dal b\u00fdt znepokojen schopnost\u00ed Kyjeva dos\u00e1hnout v\u00edt\u011bzstv\u00ed na bitevn\u00edm poli.<\/span><\/p>\n<p><span>Blanchard v pond\u011bl\u00ed v nejnov\u011bj\u0161\u00ed epizod\u011b podcastu \u201ePolitika u Jacka a Sama\u201c poznamenal, \u017ee\u00a0<\/span><em><span>\u201evelk\u00e1 ukrajinsk\u00e1 protiofenz\u00edva nebyla ni\u010d\u00edm takov\u00fdm \u00fasp\u011bchem, jak lid\u00e9 doufali, a to vyvol\u00e1v\u00e1 velk\u00e9 ot\u00e1zky o schopnosti Ukrajiny vyhr\u00e1t tuto v\u00e1lku jak\u00fdmkoli smyslupln\u00fdm zp\u016fsobem. vojenskou cestou.&#8220;<\/span><\/em><\/p>\n<p><em><span>Ve sv\u011btle toho Blanchard tvrdil, \u017ee v britsk\u00fdch \u201ediplomatick\u00fdch kruz\u00edch\u201c<\/span><\/em><span>\u00a0koluj\u00ed zv\u011bsti\u00a0o\u00a0<\/span><em><span>\u201evyv\u00edjen\u00ed tlaku na Kyjev, aby si sedl a vyjedn\u00e1val\u201c.<\/span><\/em><\/p>\n<p><span>I kdy\u017e novin\u00e1\u0159 neuvedl \u017e\u00e1dn\u00e9 dal\u0161\u00ed podrobnosti o t\u011bchto f\u00e1m\u00e1ch, jeho koment\u00e1\u0159e p\u0159ich\u00e1zej\u00ed v pat\u00e1ch \u010dl\u00e1nku Washington Post, kter\u00fd tvrd\u00ed, \u017ee Ukrajina ignorovala protiofenzivn\u00ed strategii navr\u017eenou americk\u00fdmi a britsk\u00fdmi d\u016fstojn\u00edky, kter\u00e1 v dubnu doporu\u010dovala c\u00edlen\u00fd \u00fatok na jedin\u00fd sektor frontov\u00e9 linie. a \u017ee se rozhodlo odlo\u017eit operaci do \u010dervna a rozlo\u017eit sv\u00e9 s\u00edly pod\u00e9l n\u011bkolika os.\u00a0<\/span><\/p>\n<p><a href=\"https:\/\/stranapro.cz\/\"><img decoding=\"async\" loading=\"lazy\" class=\"wp-image-40285 aligncenter\" src=\"http:\/\/www.infokuryr.cz\/n\/wp-content\/uploads\/2023\/11\/11pro-300x79.png\" alt=\"\" width=\"566\" height=\"149\" srcset=\"https:\/\/www.infokuryr.cz\/n\/wp-content\/uploads\/2023\/11\/11pro-300x79.png 300w, https:\/\/www.infokuryr.cz\/n\/wp-content\/uploads\/2023\/11\/11pro.png 363w\" sizes=\"(max-width: 566px) 100vw, 566px\" \/><\/a><\/p>\n<p><em><span>\u201eNic ne\u0161lo podle pl\u00e1nu,\u201c<\/span><\/em><span>\u00a0uvedl Post a dodal, \u017ee ukrajinsk\u00e9 trv\u00e1n\u00ed na sv\u00e9 vlastn\u00ed taktice a \u010dasov\u00e9 ose vyvolalo\u00a0<\/span><em><span>\u201et\u0159en\u00ed a dohady mezi Washingtonem a Kyjevem\u201c.<\/span><\/em><\/p>\n<p><span>Podle posledn\u00edch \u00fadaj\u016f rusk\u00e9ho ministerstva obrany ztratila Ukrajina za \u0161est m\u011bs\u00edc\u016f od zah\u00e1jen\u00ed protiofenz\u00edvy 125 000 obslu\u017en\u00e9ho person\u00e1lu a 16 000 kus\u016f t\u011b\u017ek\u00e9 techniky.<\/span><\/p>\n<p><span>Blanchard nen\u00ed prvn\u00edm novin\u00e1\u0159em, kter\u00fd tvrd\u00ed, \u017ee kyjev\u0161t\u00ed patroni jsou p\u0159ipraveni prosazovat m\u00edr.\u00a0Minul\u00fd m\u011bs\u00edc n\u011bmeck\u00fd bulv\u00e1rn\u00ed den\u00edk Bild tvrdil, \u017ee USA a N\u011bmecko p\u0159id\u011bluj\u00ed sv\u00e9 dod\u00e1vky zbran\u00ed Ukrajin\u011b ve snaze p\u0159im\u011bt ukrajinsk\u00e9ho prezidenta Vladimira Zelensk\u00e9ho k jedn\u00e1n\u00ed s Ruskem, ani\u017e by se ho v\u00fdslovn\u011b zeptaly.<\/span><\/p>\n<p><span>Americk\u00e9 ministerstvo zahrani\u010d\u00ed odm\u00edtlo zpr\u00e1vu Bildu a mluv\u010d\u00ed James O&#8217;Brien uvedl, \u017ee rozhodnut\u00ed o tom, kdy \u017ealovat za m\u00edr,\u00a0<\/span><em><span>\u201eje v\u011bc\u00ed rozhodnut\u00ed Ukrajiny\u201c.<\/span><\/em><\/p>\n<p><span>Ve sv\u00e9m projevu na Halifaxsk\u00e9m bezpe\u010dnostn\u00edm f\u00f3ru v Kanad\u011b n\u011bkolik dn\u00ed p\u0159edt\u00edm, ne\u017e byla tato zpr\u00e1va zve\u0159ejn\u011bna, Alexej Danilov, tajemn\u00edk ukrajinsk\u00e9 Rady n\u00e1rodn\u00ed bezpe\u010dnosti a obrany, \u0159ekl, \u017ee\u00a0<\/span><em><span>\u201eUkrajinu znepokojuje skute\u010dnost, \u017ee se zintenzivnily diskuse mezi n\u011bkter\u00fdmi partnery ohledn\u011b pot\u0159eby jedn\u00e1n\u00ed. &#8230;s Rusy.&#8220;<\/span><\/em><\/p>\n<p><span>Danilov trval, stejn\u011b jako Zelenskyj opakovan\u011b od za\u010d\u00e1tku konfliktu, \u017ee\u00a0<\/span><em><span>\u201eUkrajina a ukrajinsk\u00fd lid budou bojovat a\u017e do konce.\u00a0Jsme si jisti sv\u00fdm v\u00edt\u011bzstv\u00edm.&#8220;<\/span><\/em><\/p>\n<p><img decoding=\"async\" loading=\"lazy\" class=\"alignnone size-full wp-image-1185\" src=\"http:\/\/www.infokuryr.cz\/n\/wp-content\/uploads\/2021\/04\/kuryr-podpis.png\" alt=\"\" width=\"84\" height=\"24\" \/><\/p>\n<p>&nbsp;<\/p>\n<p>&nbsp;<\/p>\n","protected":false},"excerpt":{"rendered":"<p>Z\u00e1pad je \u00fadajn\u011b zklaman\u00fd ne\u00fasp\u011b\u0161nou protiofenz\u00edvou Kyjeva a pochybuje o jeho schopnosti vyhr\u00e1t v\u00e1lku proti&#8230;<\/p>\n","protected":false},"author":2,"featured_media":2758,"comment_status":"closed","ping_status":"closed","sticky":false,"template":"","format":"standard","meta":[],"categories":[7],"tags":[1060,565,26,303],"_links":{"self":[{"href":"https:\/\/www.infokuryr.cz\/n\/wp-json\/wp\/v2\/posts\/41857"}],"collection":[{"href":"https:\/\/www.infokuryr.cz\/n\/wp-json\/wp\/v2\/posts"}],"about":[{"href":"https:\/\/www.infokuryr.cz\/n\/wp-json\/wp\/v2\/types\/post"}],"author":[{"embeddable":true,"href":"https:\/\/www.infokuryr.cz\/n\/wp-json\/wp\/v2\/users\/2"}],"replies":[{"embeddable":true,"href":"https:\/\/www.infokuryr.cz\/n\/wp-json\/wp\/v2\/comments?post=41857"}],"version-history":[{"count":0,"href":"https:\/\/www.infokuryr.cz\/n\/wp-json\/wp\/v2\/posts\/41857\/revisions"}],"wp:featuredmedia":[{"embeddable":true,"href":"https:\/\/www.infokuryr.cz\/n\/wp-json\/wp\/v2\/media\/2758"}],"wp:attachment":[{"href":"https:\/\/www.infokuryr.cz\/n\/wp-json\/wp\/v2\/media?parent=41857"}],"wp:term":[{"taxonomy":"category","embeddable":true,"href":"https:\/\/www.infokuryr.cz\/n\/wp-json\/wp\/v2\/categories?post=41857"},{"taxonomy":"post_tag","embeddable":true,"href":"https:\/\/www.infokuryr.cz\/n\/wp-json\/wp\/v2\/tags?post=41857"}],"curies":[{"name":"wp","href":"https:\/\/api.w.org\/{rel}","templated":true}]}}