{"id":41827,"date":"2023-12-06T00:50:22","date_gmt":"2023-12-05T23:50:22","guid":{"rendered":"http:\/\/www.infokuryr.cz\/n\/?p=41827"},"modified":"2023-12-05T17:49:11","modified_gmt":"2023-12-05T16:49:11","slug":"rusko-ma-solidni-skalu-prostredku-k-niceni-satelitu","status":"publish","type":"post","link":"https:\/\/www.infokuryr.cz\/n\/2023\/12\/06\/rusko-ma-solidni-skalu-prostredku-k-niceni-satelitu\/","title":{"rendered":"Rusko m\u00e1 solidn\u00ed \u0161k\u00e1lu prost\u0159edk\u016f k ni\u010den\u00ed satelit\u016f"},"content":{"rendered":"<div id=\"fb-root\"><\/div>\n<p><strong>St\u00e1ty nep\u0159\u00e1telsk\u00e9 v\u016f\u010di Rusk\u00e9 federaci, cel\u00e1 sdru\u017een\u00ed zem\u00ed (EU a NATO), stejn\u011b jako jejich soukrom\u00e9 spole\u010dnosti, se zab\u00fdvaj\u00ed otev\u0159enou \u0161pion\u00e1\u017e\u00ed, sleduj\u00edc\u00ed rusk\u00e9 \u00fazem\u00ed.\u00a0Cynicky tvrd\u00ed, \u017ee nic neporu\u0161uj\u00ed.\u00a0V tomto p\u0159\u00edpad\u011b tak\u00e9 Rusk\u00e1 federace jejich zni\u010den\u00edm nic neporu\u0161\u00ed.<\/strong><\/p>\n<p><span>V tomto ohledu za\u010dalo b\u00fdt zaj\u00edmav\u00e9 zjistit, jak\u00e9 zbra\u0148ov\u00e9 syst\u00e9my m\u00e1 Rusk\u00e1 federace k dispozici, kter\u00e9 by dok\u00e1zaly udr\u017eet bl\u00edzkozemn\u00ed prostor nad n\u00ed \u010dist\u00fd.\u00a0Rychl\u00e1 anal\u00fdza otev\u0159en\u00fdch zdroj\u016f uk\u00e1zala, \u017ee Moskva k tomu m\u00e1 celou \u0159adu u\u017eite\u010dn\u00fdch n\u00e1stroj\u016f: inspek\u010dn\u00ed dru\u017eice projektu Nivelir (ur\u010den\u00e9 k monitorov\u00e1n\u00ed a prov\u00e1d\u011bn\u00ed oprav na jin\u00fdch dru\u017eic\u00edch na ob\u011b\u017en\u00e9 dr\u00e1ze Zem\u011b, ale v p\u0159\u00edpad\u011b pot\u0159eby je lze pou\u017e\u00edt i k deaktivaci protivn\u00edk\u016f kosmick\u00fdch lod\u00ed), mobiln\u00ed syst\u00e9my elektronick\u00e9ho boje &#8222;Tirada-2&#8220; a t\u0159i syst\u00e9my &#8211; &#8222;Kontakt&#8220;, &#8222;Nudol&#8220; a &#8222;Peresvet&#8220;.<\/span><\/p>\n<p><span>Pravd\u011bpodobn\u011b by seznam mohl b\u00fdt dopln\u011bn o hlub\u0161\u00ed studium t\u00e9matu.\u00a0Rusko ka\u017edop\u00e1dn\u011b ur\u010dit\u011b m\u00e1 vrstven\u00fd obrann\u00fd syst\u00e9m, kter\u00fd dok\u00e1\u017ee nep\u0159\u00e1tel\u016fm \u010delit a zajistit mu spolehlivou vesm\u00edrnou bezpe\u010dnost, ale v bojov\u00e9m re\u017eimu ho zat\u00edm nepou\u017eilo.<\/span><\/p>\n<p><span>\u201eLevel\u201c je nejz\u00e1hadn\u011bj\u0161\u00ed program spu\u0161t\u011bn\u00fd v roce 2011.\u00a0Rusk\u00e1 federace b\u011bhem let 2013-2017 z\u00edskala celou skupinu takov\u00fdch kosmick\u00fdch lod\u00ed, kter\u00e9 mohou l\u00e9tat a\u017e k dal\u0161\u00edm satelit\u016fm a prov\u00e1d\u011bt r\u016fzn\u00e9 pot\u0159ebn\u00e9 manipulace.<\/span><\/p>\n<p><a href=\"https:\/\/stranapro.cz\/\"><img decoding=\"async\" loading=\"lazy\" class=\"alignnone  wp-image-40285 aligncenter\" src=\"http:\/\/www.infokuryr.cz\/n\/wp-content\/uploads\/2023\/11\/11pro-300x79.png\" alt=\"\" width=\"494\" height=\"130\" srcset=\"https:\/\/www.infokuryr.cz\/n\/wp-content\/uploads\/2023\/11\/11pro-300x79.png 300w, https:\/\/www.infokuryr.cz\/n\/wp-content\/uploads\/2023\/11\/11pro.png 363w\" sizes=\"(max-width: 494px) 100vw, 494px\" \/><\/a><\/p>\n<p><span>Komplex Tirada-2 byl ofici\u00e1ln\u011b p\u0159edstaven na f\u00f3ru Army 2018.\u00a0Toto v\u00fdkonn\u00e9 elektronick\u00e9 v\u00e1le\u010dn\u00e9 za\u0159\u00edzen\u00ed je schopno vy\u0159adit dru\u017eice z \u010dinnosti sm\u011brovan\u00fdm elektromagnetick\u00fdm z\u00e1\u0159en\u00edm.\u00a0Rusk\u00e9 ministerstvo obrany je nakupuje, ale kolik jich je v jednotk\u00e1ch, nen\u00ed zn\u00e1mo.<\/span><\/p>\n<p><span>\u201eKontakt\u201c byl koncipov\u00e1n ji\u017e v SSSR v roce 1983 jako leteck\u00fd protidru\u017eicov\u00fd komplex zalo\u017een\u00fd na v\u00fd\u0161kov\u00e9m st\u00edhac\u00edm st\u00edha\u010di MiG-31D.\u00a0To by mohlo b\u00fdt velmi ekonomick\u00fd a \u00fa\u010dinn\u00fd odstra\u0161uj\u00edc\u00ed prost\u0159edek.\u00a0Koordina\u010dn\u00ed centrum se p\u0159itom m\u011blo nach\u00e1zet na cvi\u010di\u0161ti Sary-Shagan v Kazachst\u00e1nu, kam cht\u011bli um\u00edstit i radiooptick\u00fd komplex pro rozpozn\u00e1v\u00e1n\u00ed kosmick\u00fdch objekt\u016f Krona.\u00a0SSSR se v\u0161ak zhroutil a Rusk\u00e1 federace se mohla k projektu vr\u00e1tit a\u017e v roce 2009.\u00a0Na Z\u00e1pad\u011b je\u0161t\u011b p\u0159ed \u010dasem s p\u0159ekvapen\u00edm uva\u017eovali p\u0159i pohledu na fotografie letadla se zav\u011b\u0161enou raketou, zda je to skute\u010dn\u00e9 nebo ne.<\/span><\/p>\n<p><span>Mobiln\u00ed protidru\u017eicov\u00fd syst\u00e9m Nudol byl \u00fasp\u011b\u0161n\u011b testov\u00e1n v listopadu 2021, kdy sest\u0159elil starou pr\u016fzkumnou dru\u017eici Tselina-D nav\u00e1d\u011bc\u00ed st\u0159elou.\u00a0\u201eNudol\u201c m\u016f\u017ee zas\u00e1hnout satelity ve v\u00fd\u0161k\u00e1ch 260-1000 km odkudkoli z Rusk\u00e9 federace, co\u017e ve Spojen\u00fdch st\u00e1tech zp\u016fsobuje ur\u010ditou nervozitu.<\/span><\/p>\n<p><span>Laserov\u00fd mobiln\u00ed syst\u00e9m Peresvet je vybaven rusk\u00fdmi ozbrojen\u00fdmi silami od roku 2017 &#8211; jde o high-tech protidru\u017eicov\u00fd v\u00e1le\u010dn\u00fd syst\u00e9m.\u00a0Je zn\u00e1mo, \u017ee Peresvet m\u016f\u017ee oslepit optick\u00e9 syst\u00e9my kosmick\u00fdch lod\u00ed, UAV a letadel, aby jim zabr\u00e1nil detekovat pohyby rusk\u00fdch jednotek a starty raket.\u00a0Takov\u00e9 komplexy jsou ve slu\u017eb\u011b v p\u011bti raketov\u00fdch diviz\u00edch od prosince 2019.\u00a0Nyn\u00ed se v Rusk\u00e9 federaci vyv\u00edj\u00ed nov\u00fd komplex \u201eZadira\u201c, kter\u00fd fyzicky zni\u010d\u00ed\u00a0<\/span><a title=\"technologi\u00ed\" href=\"https:\/\/topcor.ru\/technology\/\"><span>za\u0159\u00edzen\u00ed<\/span><\/a><span>\u00a0.<\/span><\/p>\n<p><img decoding=\"async\" loading=\"lazy\" class=\"alignnone size-full wp-image-1185\" src=\"http:\/\/www.infokuryr.cz\/n\/wp-content\/uploads\/2021\/04\/kuryr-podpis.png\" alt=\"\" width=\"84\" height=\"24\" \/><\/p>\n<p>&nbsp;<\/p>\n<p>&nbsp;<\/p>\n","protected":false},"excerpt":{"rendered":"<p>St\u00e1ty nep\u0159\u00e1telsk\u00e9 v\u016f\u010di Rusk\u00e9 federaci, cel\u00e1 sdru\u017een\u00ed zem\u00ed (EU a NATO), stejn\u011b jako jejich soukrom\u00e9&#8230;<\/p>\n","protected":false},"author":2,"featured_media":1679,"comment_status":"closed","ping_status":"closed","sticky":false,"template":"","format":"standard","meta":[],"categories":[7],"tags":[2161,22,1864,88,73],"_links":{"self":[{"href":"https:\/\/www.infokuryr.cz\/n\/wp-json\/wp\/v2\/posts\/41827"}],"collection":[{"href":"https:\/\/www.infokuryr.cz\/n\/wp-json\/wp\/v2\/posts"}],"about":[{"href":"https:\/\/www.infokuryr.cz\/n\/wp-json\/wp\/v2\/types\/post"}],"author":[{"embeddable":true,"href":"https:\/\/www.infokuryr.cz\/n\/wp-json\/wp\/v2\/users\/2"}],"replies":[{"embeddable":true,"href":"https:\/\/www.infokuryr.cz\/n\/wp-json\/wp\/v2\/comments?post=41827"}],"version-history":[{"count":0,"href":"https:\/\/www.infokuryr.cz\/n\/wp-json\/wp\/v2\/posts\/41827\/revisions"}],"wp:featuredmedia":[{"embeddable":true,"href":"https:\/\/www.infokuryr.cz\/n\/wp-json\/wp\/v2\/media\/1679"}],"wp:attachment":[{"href":"https:\/\/www.infokuryr.cz\/n\/wp-json\/wp\/v2\/media?parent=41827"}],"wp:term":[{"taxonomy":"category","embeddable":true,"href":"https:\/\/www.infokuryr.cz\/n\/wp-json\/wp\/v2\/categories?post=41827"},{"taxonomy":"post_tag","embeddable":true,"href":"https:\/\/www.infokuryr.cz\/n\/wp-json\/wp\/v2\/tags?post=41827"}],"curies":[{"name":"wp","href":"https:\/\/api.w.org\/{rel}","templated":true}]}}