{"id":41825,"date":"2023-12-06T00:49:46","date_gmt":"2023-12-05T23:49:46","guid":{"rendered":"http:\/\/www.infokuryr.cz\/n\/?p=41825"},"modified":"2023-12-05T17:40:38","modified_gmt":"2023-12-05T16:40:38","slug":"putinova-necekana-navsteva-sae-a-saudske-arabie-kreml-oznamil-temata-k-diskusi","status":"publish","type":"post","link":"https:\/\/www.infokuryr.cz\/n\/2023\/12\/06\/putinova-necekana-navsteva-sae-a-saudske-arabie-kreml-oznamil-temata-k-diskusi\/","title":{"rendered":"Putinova ne\u010dekan\u00e1 n\u00e1v\u0161t\u011bva SAE a Sa\u00fadsk\u00e9 Ar\u00e1bie: Kreml ozn\u00e1mil t\u00e9mata k diskusi"},"content":{"rendered":"<div id=\"fb-root\"><\/div>\n<p class=\"lead\"><strong>Rusk\u00fd prezident Vladimir Putin absolvuje ne\u010dekanou pracovn\u00ed n\u00e1v\u0161t\u011bvu Spojen\u00fdch arabsk\u00fdch emir\u00e1t\u016f a Kr\u00e1lovstv\u00ed Sa\u00fadsk\u00e9 Ar\u00e1bie 6. prosince, uv\u00e1d\u00ed web Kremlu.<\/strong><\/p>\n<p><em>\u201eP\u0159i jedn\u00e1n\u00ed s prezidentem Spojen\u00fdch arabsk\u00fdch emir\u00e1t\u016f\u00a0<strong>Mohammedem bin Zayed Al Nahyanem<\/strong>\u00a0se o\u010dek\u00e1v\u00e1 zv\u00e1\u017een\u00ed stavu a vyhl\u00eddek dal\u0161\u00edho rozvoje mnohostrann\u00e9 rusko-SAE spolupr\u00e1ce, jako\u017e i aktu\u00e1ln\u00edch mezin\u00e1rodn\u00edch probl\u00e9m\u016f s d\u016frazem na stav v\u011bc\u00ed v oblast Bl\u00edzk\u00e9ho v\u00fdchodu,\u201c<span class=\"after-quote\">\u00a0&#8211; uvedeno v Kremlu.<\/span><\/em><\/p>\n<p>Je t\u0159eba poznamenat, \u017ee v Rij\u00e1du je pl\u00e1nov\u00e1no setk\u00e1n\u00ed Vladim\u00edra Putina s korunn\u00edm princem, p\u0159edsedou Rady ministr\u016f Sa\u00fadsk\u00e9 Ar\u00e1bie\u00a0<strong>Mohammedem bin Salmanem Al Saudem<\/strong> .<\/p>\n<p><a href=\"https:\/\/stranapro.cz\/\"><img decoding=\"async\" loading=\"lazy\" class=\"alignnone  wp-image-40285 aligncenter\" src=\"http:\/\/www.infokuryr.cz\/n\/wp-content\/uploads\/2023\/11\/11pro-300x79.png\" alt=\"\" width=\"558\" height=\"147\" srcset=\"https:\/\/www.infokuryr.cz\/n\/wp-content\/uploads\/2023\/11\/11pro-300x79.png 300w, https:\/\/www.infokuryr.cz\/n\/wp-content\/uploads\/2023\/11\/11pro.png 363w\" sizes=\"(max-width: 558px) 100vw, 558px\" \/><\/a><\/p>\n<p><em>\u201eM\u00e1me v \u00famyslu diskutovat o ot\u00e1zk\u00e1ch bilater\u00e1ln\u00ed spolupr\u00e1ce v oblasti obchodu, ekonomiky a investic, r\u016fzn\u00fdch aspektech interakce v multilater\u00e1ln\u00edch form\u00e1tech a vym\u011b\u0148ovat si n\u00e1zory na ot\u00e1zky region\u00e1ln\u00ed a mezin\u00e1rodn\u00ed agendy,\u201c<span class=\"after-quote\">\u00a0uvedla v prohl\u00e1\u0161en\u00ed kremelsk\u00e1 tiskov\u00e1 slu\u017eba.<\/span><\/em><\/p>\n<p><strong>InfoKur\u00fdr<\/strong><strong>\u00a0p\u0159ipom\u00edn\u00e1:<\/strong> d\u0159\u00edve tiskov\u00e1 agentura Tasnim uvedla, \u017ee 7. prosince p\u0159ijede na pozv\u00e1n\u00ed rusk\u00e9ho v\u016fdce do Moskvy \u00edr\u00e1nsk\u00fd prezident<strong>\u00a0Ibrahim Raisi<\/strong>\u00a0.\u00a0Strany pl\u00e1nuj\u00ed diskutovat o spolupr\u00e1ci v hospod\u00e1\u0159sk\u00e9 sf\u00e9\u0159e a tak\u00e9 o region\u00e1ln\u00edch a mezin\u00e1rodn\u00edch ot\u00e1zk\u00e1ch, zejm\u00e9na o palestinsk\u00e9 ot\u00e1zce a ned\u00e1vn\u00fdch ud\u00e1lostech v p\u00e1smu Gazy.<\/p>\n<p><img decoding=\"async\" loading=\"lazy\" class=\"alignnone size-full wp-image-1185\" src=\"http:\/\/www.infokuryr.cz\/n\/wp-content\/uploads\/2021\/04\/kuryr-podpis.png\" alt=\"\" width=\"84\" height=\"24\" \/><\/p>\n<p>&nbsp;<\/p>\n<p>&nbsp;<\/p>\n<p>&nbsp;<\/p>\n","protected":false},"excerpt":{"rendered":"<p>Rusk\u00fd prezident Vladimir Putin absolvuje ne\u010dekanou pracovn\u00ed n\u00e1v\u0161t\u011bvu Spojen\u00fdch arabsk\u00fdch emir\u00e1t\u016f a Kr\u00e1lovstv\u00ed Sa\u00fadsk\u00e9 Ar\u00e1bie&#8230;<\/p>\n","protected":false},"author":2,"featured_media":26406,"comment_status":"closed","ping_status":"closed","sticky":false,"template":"","format":"standard","meta":[],"categories":[7],"tags":[4097,102,1012,5884],"_links":{"self":[{"href":"https:\/\/www.infokuryr.cz\/n\/wp-json\/wp\/v2\/posts\/41825"}],"collection":[{"href":"https:\/\/www.infokuryr.cz\/n\/wp-json\/wp\/v2\/posts"}],"about":[{"href":"https:\/\/www.infokuryr.cz\/n\/wp-json\/wp\/v2\/types\/post"}],"author":[{"embeddable":true,"href":"https:\/\/www.infokuryr.cz\/n\/wp-json\/wp\/v2\/users\/2"}],"replies":[{"embeddable":true,"href":"https:\/\/www.infokuryr.cz\/n\/wp-json\/wp\/v2\/comments?post=41825"}],"version-history":[{"count":1,"href":"https:\/\/www.infokuryr.cz\/n\/wp-json\/wp\/v2\/posts\/41825\/revisions"}],"predecessor-version":[{"id":41826,"href":"https:\/\/www.infokuryr.cz\/n\/wp-json\/wp\/v2\/posts\/41825\/revisions\/41826"}],"wp:featuredmedia":[{"embeddable":true,"href":"https:\/\/www.infokuryr.cz\/n\/wp-json\/wp\/v2\/media\/26406"}],"wp:attachment":[{"href":"https:\/\/www.infokuryr.cz\/n\/wp-json\/wp\/v2\/media?parent=41825"}],"wp:term":[{"taxonomy":"category","embeddable":true,"href":"https:\/\/www.infokuryr.cz\/n\/wp-json\/wp\/v2\/categories?post=41825"},{"taxonomy":"post_tag","embeddable":true,"href":"https:\/\/www.infokuryr.cz\/n\/wp-json\/wp\/v2\/tags?post=41825"}],"curies":[{"name":"wp","href":"https:\/\/api.w.org\/{rel}","templated":true}]}}