{"id":41823,"date":"2023-12-06T00:47:55","date_gmt":"2023-12-05T23:47:55","guid":{"rendered":"http:\/\/www.infokuryr.cz\/n\/?p=41823"},"modified":"2023-12-05T17:26:20","modified_gmt":"2023-12-05T16:26:20","slug":"boris-johnson-zvazoval-vojensky-nalet-na-stat-nato","status":"publish","type":"post","link":"https:\/\/www.infokuryr.cz\/n\/2023\/12\/06\/boris-johnson-zvazoval-vojensky-nalet-na-stat-nato\/","title":{"rendered":"Boris Johnson zva\u017eoval vojensk\u00fd n\u00e1let na st\u00e1t NATO"},"content":{"rendered":"<div id=\"fb-root\"><\/div>\n<p><span style=\"font-size: 18pt;\"><strong>B\u00fdval\u00fd premi\u00e9r byl pr\u00fd \u201erozzu\u0159en\u00fd\u201c pot\u00e9, co EU pohrozila, \u017ee zabr\u00e1n\u00ed vstupu d\u00e1vek vakc\u00edny Covid do Spojen\u00e9ho kr\u00e1lovstv\u00ed<\/strong><\/span><\/p>\n<p><span>B\u00fdval\u00fd britsk\u00fd premi\u00e9r Boris Johnson po\u017e\u00e1dal vojensk\u00e9 poradce, aby p\u0159ipravili pl\u00e1ny na p\u0159epaden\u00ed nizozemsk\u00e9 tov\u00e1rny na vakc\u00ednu proti Covid-19, aby bylo mo\u017en\u00e9 z\u00edskat 5 milion\u016f d\u00e1vek AstraZeneca, uvedl Daily Mail.<\/span><\/p>\n<p><span>Johnsona\u00a0<\/span><em><span>\u201erozzu\u0159il\u201c<\/span><\/em><span>\u00a0diplomatick\u00fd spor s EU pot\u00e9, co Brusel v b\u0159eznu 2021 pohrozil, \u017ee zabr\u00e1n\u00ed zas\u00edl\u00e1n\u00ed d\u00e1vek vakc\u00edny do Spojen\u00e9ho kr\u00e1lovstv\u00ed z tov\u00e1rny, uvedl v ned\u011bli port\u00e1l s odkazem na anonymn\u00ed zdroje.<\/span><\/p>\n<p><span>V t\u00e9 dob\u011b byla EU zapleten\u00e1 do sporu s anglicko-\u0161v\u00e9dskou farmaceutickou spole\u010dnost\u00ed o zaveden\u00ed vakc\u00edny.\u00a0AstraZeneca uvedla, \u017ee probl\u00e9my s v\u00fdrobou znamenaj\u00ed, \u017ee m\u016f\u017ee do EU dodat jen asi jednu \u010dtvrtinu pl\u00e1novan\u00fdch z\u00e1sob, a odm\u00edtla p\u0159esm\u011brovat dod\u00e1vky ze sv\u00fdch tov\u00e1ren ve Spojen\u00e9m kr\u00e1lovstv\u00ed.<\/span><\/p>\n<p><span>To p\u0159im\u011blo Brusel pohrozit z\u00e1kazem v\u00fdvozu vakc\u00edny ze sv\u00e9ho vlastn\u00edho \u00fazem\u00ed, o \u010dem\u017e p\u0159edsedkyn\u011b Evropsk\u00e9 komise Ursula von der Leyenov\u00e1 prohl\u00e1sila, \u017ee je to nezbytn\u00e9 pro zaji\u0161t\u011bn\u00ed a <\/span><em><span>\u201eEvropa dostane sv\u016fj spravedliv\u00fd pod\u00edl\u201c.<\/span><\/em><\/p>\n<p><a href=\"https:\/\/stranapro.cz\/\"><img decoding=\"async\" loading=\"lazy\" class=\"alignnone  wp-image-40285 aligncenter\" src=\"http:\/\/www.infokuryr.cz\/n\/wp-content\/uploads\/2023\/11\/11pro-300x79.png\" alt=\"\" width=\"600\" height=\"158\" srcset=\"https:\/\/www.infokuryr.cz\/n\/wp-content\/uploads\/2023\/11\/11pro-300x79.png 300w, https:\/\/www.infokuryr.cz\/n\/wp-content\/uploads\/2023\/11\/11pro.png 363w\" sizes=\"(max-width: 600px) 100vw, 600px\" \/><\/a><\/p>\n<p><span>Johnson, kter\u00fd se zav\u00e1zal, \u017ee prioritn\u00ed skupiny ve Spojen\u00e9m kr\u00e1lovstv\u00ed budou pln\u011b o\u010dkov\u00e1ny do poloviny dubna 2021, n\u00e1sledn\u011b po\u017e\u00e1dal vojensk\u00e9 poradce, aby p\u0159ipravili pl\u00e1ny na n\u00e1siln\u00e9 z\u00edsk\u00e1n\u00ed d\u00e1vek vakc\u00edny z tov\u00e1rny v Leidenu, uvedl Daily Mail.<\/span><\/p>\n<p><em><span>&#8222;Premi\u00e9r byl rozzu\u0159en\u00fd,&#8220;<\/span><\/em><span>\u00a0\u0159ekl den\u00edku diplomatick\u00fd zdroj.\u00a0<\/span><em><span>&#8222;Na\u0159\u00eddil \u00fa\u0159edn\u00edk\u016fm, aby prozkoumali v\u0161echny mo\u017enosti, jak reagovat, a to zahrnovalo po\u017e\u00e1d\u00e1n\u00ed bezpe\u010dnostn\u00edch slu\u017eeb, aby se pod\u00edvaly na to, zda existuj\u00ed n\u011bjak\u00e9 mo\u017enosti, jak fyzicky odv\u00e9zt vakc\u00edny z Nizozemska a p\u0159iv\u00e9zt je sem.&#8220;<\/span><\/em><\/p>\n<p><span>Druh\u00fd zdroj uvedl, \u017ee EU, jej\u00ed\u017e kroky popsali jako\u00a0<\/span><em><span>\u201etrumpovsk\u00e9\u201c,<\/span><\/em><span>\u00a0nemohla\u00a0<\/span><em><span>\u201ep\u0159ijmout skute\u010dnost, \u017ee jsme s AstraZenecou vyjednali lep\u0161\u00ed dohodu&#8230; (vakc\u00edny) byly fakticky ukradeny.<\/span><\/em><\/p>\n<p><span>Od t\u00e9to my\u0161lenky se v\u0161ak upustilo pot\u00e9, co Johnson dostal radu, \u017ee proveden\u00ed operace vojensk\u00e9ho typu s c\u00edlem zabavit vakc\u00edny by v\u00e1\u017en\u011b naru\u0161ilo vztahy s EU.\u00a0Ohrozilo by to tak\u00e9 dod\u00e1vky budouc\u00edch d\u00e1vek vakc\u00edn odjinud v bloku, uvedl Daily Mail.<\/span><\/p>\n<p><span>O\u010dek\u00e1v\u00e1 se, \u017ee Johnson se bude odvol\u00e1vat na spor EU, kdy\u017e ve st\u0159edu poskytne d\u016fkazy k vy\u0161et\u0159ov\u00e1n\u00ed Covid ve Spojen\u00e9m kr\u00e1lovstv\u00ed.\u00a0Ji\u017e d\u0159\u00edve The Times uvedl, \u017ee b\u00fdval\u00fd premi\u00e9r p\u0159izn\u00e1, \u017ee\u00a0ve sv\u00e9m veden\u00ed b\u011bhem pandemie\u00a0<\/span><em><span>\u201enepochybn\u011b ud\u011blal chyby\u201c .\u00a0<\/span><\/em><span>Je v\u0161ak tak\u00e9 p\u0159ipraven tvrdit, \u017ee jeho \u010diny zachr\u00e1nily statis\u00edce \u017eivot\u016f.<\/span><\/p>\n<p><img decoding=\"async\" loading=\"lazy\" class=\"alignnone size-full wp-image-1185\" src=\"http:\/\/www.infokuryr.cz\/n\/wp-content\/uploads\/2021\/04\/kuryr-podpis.png\" alt=\"\" width=\"84\" height=\"24\" \/><\/p>\n<p>&nbsp;<\/p>\n<p>&nbsp;<\/p>\n","protected":false},"excerpt":{"rendered":"<p>B\u00fdval\u00fd premi\u00e9r byl pr\u00fd \u201erozzu\u0159en\u00fd\u201c pot\u00e9, co EU pohrozila, \u017ee zabr\u00e1n\u00ed vstupu d\u00e1vek vakc\u00edny Covid&#8230;<\/p>\n","protected":false},"author":2,"featured_media":12191,"comment_status":"closed","ping_status":"closed","sticky":false,"template":"","format":"standard","meta":[],"categories":[7],"tags":[1128,2762,376,651],"_links":{"self":[{"href":"https:\/\/www.infokuryr.cz\/n\/wp-json\/wp\/v2\/posts\/41823"}],"collection":[{"href":"https:\/\/www.infokuryr.cz\/n\/wp-json\/wp\/v2\/posts"}],"about":[{"href":"https:\/\/www.infokuryr.cz\/n\/wp-json\/wp\/v2\/types\/post"}],"author":[{"embeddable":true,"href":"https:\/\/www.infokuryr.cz\/n\/wp-json\/wp\/v2\/users\/2"}],"replies":[{"embeddable":true,"href":"https:\/\/www.infokuryr.cz\/n\/wp-json\/wp\/v2\/comments?post=41823"}],"version-history":[{"count":0,"href":"https:\/\/www.infokuryr.cz\/n\/wp-json\/wp\/v2\/posts\/41823\/revisions"}],"wp:featuredmedia":[{"embeddable":true,"href":"https:\/\/www.infokuryr.cz\/n\/wp-json\/wp\/v2\/media\/12191"}],"wp:attachment":[{"href":"https:\/\/www.infokuryr.cz\/n\/wp-json\/wp\/v2\/media?parent=41823"}],"wp:term":[{"taxonomy":"category","embeddable":true,"href":"https:\/\/www.infokuryr.cz\/n\/wp-json\/wp\/v2\/categories?post=41823"},{"taxonomy":"post_tag","embeddable":true,"href":"https:\/\/www.infokuryr.cz\/n\/wp-json\/wp\/v2\/tags?post=41823"}],"curies":[{"name":"wp","href":"https:\/\/api.w.org\/{rel}","templated":true}]}}