{"id":41814,"date":"2023-12-06T00:43:19","date_gmt":"2023-12-05T23:43:19","guid":{"rendered":"http:\/\/www.infokuryr.cz\/n\/?p=41814"},"modified":"2023-12-05T16:23:02","modified_gmt":"2023-12-05T15:23:02","slug":"60-den-izrael-obklicil-nemocnici-kamal-adwan-a-strilel-na-vse-co-se-hybe","status":"publish","type":"post","link":"https:\/\/www.infokuryr.cz\/n\/2023\/12\/06\/60-den-izrael-obklicil-nemocnici-kamal-adwan-a-strilel-na-vse-co-se-hybe\/","title":{"rendered":"60. den: Izrael obkl\u00ed\u010dil nemocnici Kamal Adwan a \u201est\u0159\u00edlel na v\u0161e, co se h\u00fdbe\u201c"},"content":{"rendered":"<div id=\"fb-root\"><\/div>\n<p><span style=\"font-size: 14pt;\"><strong>Izrael p\u0159eru\u0161il internetov\u00e9 a telefonn\u00ed sign\u00e1ly v p\u00e1smu Gazy, kdy\u017e ude\u0159il do oblast\u00ed nap\u0159\u00ed\u010d p\u00e1smem.\u00a0Izraelsk\u00e9 s\u00edly obkl\u00ed\u010dily nemocnici Kamal Adwan na severu a st\u0159\u00edlely \u201ena v\u0161echno, co se h\u00fdbe\u201c.<\/strong><\/span><\/p>\n<h2 class=\"wp-block-heading\"><strong>Ztr\u00e1ty<\/strong><\/h2>\n<ul>\n<li>15 899+ zabit\u00fdch*, v\u010detn\u011b 6 150 d\u011bt\u00ed a 42 000 zran\u011bn\u00fdch v p\u00e1smu Gazy.<\/li>\n<li>Na okupovan\u00e9m Z\u00e1padn\u00edm b\u0159ehu a ve v\u00fdchodn\u00edm Jeruzal\u00e9m\u011b bylo zabito 260 Palestinc\u016f<\/li>\n<li>Izrael reviduje sv\u016fj odhadovan\u00fd po\u010det ob\u011bt\u00ed ze 7. \u0159\u00edjna na 1 400 na 1 147.<\/li>\n<\/ul>\n<p>*\u00a0<em>Toto \u010d\u00edslo bylo potvrzeno ministerstvem zdravotnictv\u00ed Gazy 4. prosince. Kv\u016fli poruch\u00e1m komunika\u010dn\u00edch s\u00edt\u00ed v p\u00e1smu Gazy (zejm\u00e9na v severn\u00ed Gaze) v\u0161ak ministerstvo zdravotnictv\u00ed Gazy nebylo schopno pravideln\u011b a p\u0159esn\u011b aktualizovat sv\u00e9 m\u00fdtn\u00e9. od poloviny listopadu.\u00a0N\u011bkter\u00e9 organizace na ochranu lidsk\u00fdch pr\u00e1v p\u0159ibli\u017euj\u00ed po\u010det ob\u011bt\u00ed 20 000.<\/em><\/p>\n<h2 class=\"wp-block-heading\"><strong>Kl\u00ed\u010dov\u00fd v\u00fdvoj<\/strong><\/h2>\n<ul>\n<li>Palestinci byli od\u0159\u00edznuti od internetu a telefonn\u00edch sign\u00e1l\u016f po\u010dtvrt\u00e9 od doby, kdy Izrael 7. \u0159\u00edjna za\u010dal bombardovat p\u00e1smo Gazy.<\/li>\n<li>108 palestinsk\u00fdch mu\u010dedn\u00edk\u016f bylo zabito a dorazilo do nemocnice Kamal Adwan na severu Gazy v \u00fater\u00fd r\u00e1no.\u00a0Zdravotnick\u00fd person\u00e1l varoval p\u0159ed hroz\u00edc\u00edm izraelsk\u00fdm n\u00e1jezdem do nemocnice a nedostatkem z\u00e1sob pro prov\u00e1d\u011bn\u00ed operac\u00ed, uvedla Al-D\u017eaz\u00edra.<\/li>\n<li>Podle gener\u00e1ln\u00edho \u0159editele ministerstva zdravotnictv\u00ed cestovalo v \u00fater\u00fd p\u0159es p\u0159echod Raf\u00e1h do Egypta 400 zran\u011bn\u00fdch, aby se jim dostalo l\u00e9ka\u0159sk\u00e9 p\u00e9\u010de.<\/li>\n<li>Podle zpr\u00e1vy\u00a0<em>Wall Street Journal<\/em>\u00a0pl\u00e1nuj\u00ed izraelsk\u00e9 s\u00edly pumpovat mo\u0159skou vodu do tunel\u016f Gazy, aby vyhnaly Ham\u00e1s , a to navzdory skute\u010dnosti, \u017ee se m\u00e1 za to, \u017ee v nich jsou dr\u017eeni n\u011bjac\u00ed izrael\u0161t\u00ed zajatci.<\/li>\n<li>P\u0159edseda Valn\u00e9ho shrom\u00e1\u017ed\u011bn\u00ed OSN\u00a0<a href=\"https:\/\/twitter.com\/UN_PGA\">Dennis Francis<\/a>\u00a0: &#8222;Jsem hluboce znepokojen a zarmoucen obnoven\u00edm nep\u0159\u00e1telstv\u00ed na Bl\u00edzk\u00e9m v\u00fdchod\u011b.&#8220;<\/li>\n<li>Izrael dosp\u011bl k z\u00e1v\u011bru, \u017ee Hamas str\u00e1vil roky pl\u00e1nov\u00e1n\u00edm p\u0159ekvapiv\u00e9ho \u00fatoku na 7. \u0159\u00edjna, a na z\u00e1klad\u011b informac\u00ed p\u0159ed\u00e1van\u00fdch \u0161piony vypracoval podrobn\u00e9 mapy vojensk\u00fdch z\u00e1kladen a osad.<\/li>\n<li>Muhammad Yousef Hassan Manasra (25) byl zabit a jeho bratr byl zat\u010den, kdy\u017e izraelsk\u00e9 s\u00edly v \u00fater\u00fd za\u00fato\u010dily na uprchlick\u00fd t\u00e1bor Qalandia.<\/li>\n<li>Izraelem kontrolovan\u00e1 obec Jeruzal\u00e9m blokuje palestinsk\u00fdm d\u011btem propu\u0161t\u011bn\u00fdm z izraelsk\u00fdch v\u011bznic v r\u00e1mci dohody o v\u00fdm\u011bn\u011b rukojm\u00edch v n\u00e1vratu do \u0161koly.<\/li>\n<\/ul>\n<h2 class=\"wp-block-heading\"><strong>Izraelsk\u00e9 s\u00edly bombarduj\u00ed okol\u00ed nemocnice Kamal Adwan, bombarduj\u00ed ji\u017en\u00ed Gazu n\u00e1lety<\/strong><\/h2>\n<p>Nejm\u00e9n\u011b 50 Palestinc\u016f bylo v noci na dne\u0161ek zabito p\u0159i izraelsk\u00fdch n\u00e1letech, kter\u00e9 bombardovaly m\u011bsto Khan Younis v ji\u017en\u00edm p\u00e1smu Gazy.\u00a0Palestinci v p\u00e1smu Gazy byli nuceni sn\u00e1\u0161et bombardovac\u00ed kampa\u0148 p\u0159es noc bez p\u0159\u00edstupu k internetu nebo telefonn\u00edmu sign\u00e1lu pot\u00e9, co Izrael od 7. \u0159\u00edjna po\u010dtvrt\u00e9 p\u0159eru\u0161il slu\u017eby v Gaze.<\/p>\n<p>Za posledn\u00edch 24 hodin Izrael bombardoval domy v uprchlick\u00e9m t\u00e1bo\u0159e Nuseirat v centr\u00e1ln\u00edm p\u00e1smu Gazy a zabil nejm\u00e9n\u011b 10 lid\u00ed, uvedly\u00a0<a href=\"https:\/\/www.wafa.ps\/Pages\/Details\/85746\">zpr\u00e1vy Wafa<\/a>\u00a0.<\/p>\n<div id=\"mondo-ads-150658161\" class=\"mondo-ads-injection-1\">\n<div id=\"mondo-ads-1047764786\" class=\"mondo-ads-target\" data-mondo-ads-trackid=\"274201\" data-mondo-ads-trackbid=\"1\">\n<div class=\"ml-embedded\" data-form=\"efHM2I\">\n<div id=\"mlb2-5111043\" class=\"ml-form-embedContainer ml-subscribe-form ml-subscribe-form-5111043\">\n<div class=\"ml-form-align-center \">\n<div class=\"ml-form-embedWrapper embedForm\">\n<div class=\"ml-form-embedBody ml-form-embedBodyHorizontal row-form\">\n<div class=\"ml-form-embedContent\"><\/div>\n<\/div>\n<\/div>\n<\/div>\n<\/div>\n<\/div>\n<\/div>\n<\/div>\n<p>Oblast kolem nemocnice Kamal Adwan v Beit Lahiya na severu Gazy byla p\u0159es noc tak\u00e9 bombardov\u00e1na, co\u017e vyvolalo paniku mezi tis\u00edci palestinsk\u00fdch civilist\u016f, zran\u011bn\u00fdmi pacienty a zdravotnick\u00fdm person\u00e1lem, kte\u0159\u00ed se v nemocnici ukr\u00fdvali.<\/p>\n<p>Al-D\u017eaz\u00edra ozn\u00e1mila, \u017ee v bl\u00edzkosti nemocnice bylo zabito v\u00edce ne\u017e 100 lid\u00ed, co\u017e nazna\u010duje nar\u016fstaj\u00edc\u00ed po\u010det izraelsk\u00fdch \u00fatok\u016f na tuto oblast.\u00a0\u00datoky na nemocnice a jejich okol\u00ed byly hlavn\u00ed taktikou, kterou Izrael pou\u017eil v sou\u010dasn\u00e9 v\u00e1lce v Gaze, aby p\u0159im\u011bl civilisty, aby uprchli ze severn\u00ed Gazy na jih, kde Izrael tak\u00e9 bombarduje.<\/p>\n<p>Zdravotnick\u00fd person\u00e1l varoval p\u0159ed hroz\u00edc\u00edm izraelsk\u00fdm n\u00e1letem do nemocnice.\u00a0Munir Al-Bursh, gener\u00e1ln\u00ed \u0159editel ministerstva zdravotnictv\u00ed, \u0159ekl, \u017ee izrael\u0161t\u00ed odst\u0159elova\u010di a tanky \u201est\u0159\u00edlej\u00ed na ka\u017ed\u00e9ho, kdo se pohne\u201c, kdy\u017e obklopuj\u00ed nemocnici.<\/p>\n<p>V Kamal Adwanu se ukr\u00fdv\u00e1 7 000 lid\u00ed, odhadl Bursh a dodal, \u017ee 400 zran\u011bn\u00fdch lid\u00ed v \u00fater\u00fd opustilo p\u0159echod Rafah, aby jim bylo poskytnuto l\u00e9ka\u0159sk\u00e9 o\u0161et\u0159en\u00ed.\u00a0Od 7. \u0159\u00edjna v\u0161ak bylo zran\u011bno v\u00edce ne\u017e 40 000 lid\u00ed.<\/p>\n<p>\u201eOb\u00e1v\u00e1me se masakru v nemocnici Kamal Adwan, jako se to stalo v nemocnici [Al-Shifa&#8216; Hospital] a [Indon\u00e9sk\u00e9 nemocnici],\u201c \u0159ekl s odkazem na dv\u011b nemocnice, kter\u00e9 izraelsk\u00e9 s\u00edly p\u0159epadly a vyhnaly l\u00e9ka\u0159sk\u00fd person\u00e1l a pacienty z minul\u00e9ho m\u011bs\u00edce v r\u00e1mci p\u0159edpoklad hled\u00e1n\u00ed velitelsk\u00fdch center Ham\u00e1su, kter\u00e1 je\u0161t\u011b nebyla odhalena.<\/p>\n<p>Zam\u011bstnanci nemocnice uvedli, \u017ee se pot\u00fdkaj\u00ed s extr\u00e9mn\u00edm nedostatkem z\u00e1sob a nemo\u017enost\u00ed prov\u00e1d\u011bt operace kv\u016fli v\u00fdpadk\u016fm elekt\u0159iny a nedostatku paliva.\u00a0V severn\u00edm p\u00e1smu Gazy v sou\u010dasnosti funguj\u00ed \u010dty\u0159i nemocnice s minim\u00e1ln\u00ed kapacitou.<\/p>\n<p><a href=\"https:\/\/www.wafa.ps\/Pages\/Details\/85747\">V \u00fater\u00fd r\u00e1no byly obnoveny<\/a>\u00a0komunika\u010dn\u00ed a internetov\u00e9 slu\u017eby\u00a0, kter\u00e9 p\u0159inesly zpr\u00e1vy o izraelsk\u00fdch tanc\u00edch a v\u00e1le\u010dn\u00fdch trysk\u00e1ch, kter\u00e9 ude\u0159ily do uprchlick\u00e9ho t\u00e1bora Nuseirat a do \u010dtvrti Gaza Sheikh Radwan na severu, stejn\u011b jako do m\u011bsta Khan Younis.<\/p>\n<p>Vzhledem k tomu, \u017ee do\u010dasn\u00e9 p\u0159\u00edm\u011b\u0159\u00ed skon\u010dilo v p\u00e1tek r\u00e1no, izraelsk\u00e9 s\u00edly zah\u00e1jily invazi do ji\u017en\u00ed \u010d\u00e1sti m\u011bsta Gaza pobl\u00ed\u017e m\u011bsta Al-Qarara.\u00a0Izrael se pokou\u0161\u00ed rozd\u011blit p\u00e1smo Gazy na \u010dty\u0159i oblasti: m\u011bsto Gaza na severu, Dier Al-Balah ve st\u0159edn\u00edm p\u00e1smu Gazy, Khan Younis na jihu a nejji\u017en\u011bj\u0161\u00ed pohrani\u010dn\u00ed oblast Rafah.<\/p>\n<p>Uv\u00e1d\u00ed se v\u0161ak, \u017ee v posledn\u00edch n\u011bkolika dnech izraelsk\u00e9 s\u00edly \u010delily rostouc\u00edmu odporu palestinsk\u00fdch bojovn\u00edk\u016f v Beit Hanoun, Al-Qarara a Sheikh Radwan, v\u0161echny v severn\u00edm p\u00e1smu.<\/p>\n<p>Izraelsk\u00e9 n\u00e1lety zni\u010dily me\u0161itu v Al-Batn al-Sameen, zb\u00edda\u010den\u00e9 oblasti z\u00e1padn\u011b od Khan Younis, a bombardovaly pob\u0159e\u017e\u00ed m\u011bsta.\u00a0V \u00fater\u00fd r\u00e1no bylo zabito nejm\u00e9n\u011b 40 lid\u00ed a p\u0159evezeni do nemocnice Nasser v Khan Younis.\u00a0Bylo tak\u00e9 hl\u00e1\u0161eno, \u017ee sanitky nebyly schopny dos\u00e1hnout mnoha \u010d\u00e1st\u00ed ji\u017en\u00edho m\u011bsta Gazy, aby o\u0161et\u0159ily a evakuovaly zran\u011bn\u00e9 kv\u016fli izraelsk\u00e9mu bombardov\u00e1n\u00ed.<\/p>\n<p>Izraelsk\u00e9 s\u00edly tak\u00e9 bombardovaly m\u011bsto Deir Al-Balah, uprchlick\u00e9 t\u00e1bory Al-Bureij, Al-Nuseirat a Al-Maghazi a okol\u00ed nemocnice Al-Mamadani.\u00a0Minul\u00fd t\u00fdden vojensk\u00fd mluv\u010d\u00ed uvedl, \u017ee izraelsk\u00e9 s\u00edly od 7. \u0159\u00edjna vyp\u00e1lily\u00a0na p\u00e1smo Gazy\u00a0<a href=\"https:\/\/www.jpost.com\/israel-news\/defense-news\/article-775523\">90 000 gran\u00e1t\u016f a raket.<\/a><\/p>\n<p>V \u00fater\u00fd magistr\u00e1t Gazy varoval, \u017ee studny by mohly v nadch\u00e1zej\u00edc\u00edch hodin\u00e1ch p\u0159estat \u010derpat pitnou vodu.\u00a0Zni\u010den\u00ed izraelsk\u00e9 infrastruktury v p\u00e1smu Gazy vedlo k prosakov\u00e1n\u00ed odpadn\u00edch vod do podzemn\u00edch vod a do ulic a kontaminaci studn\u00ed a vodn\u00edho syst\u00e9mu.<\/p>\n<h2 class=\"wp-block-heading\">Zpr\u00e1va:\u00a0<strong>Izrael pl\u00e1nuje zaplavit tunely Hamasu mo\u0159skou vodou<\/strong><\/h2>\n<p>Podle zpr\u00e1vy\u00a0<em>Wall Street Journal<\/em>\u00a0nyn\u00ed izraelsk\u00e9 s\u00edly pl\u00e1nuj\u00ed pumpovat mo\u0159skou vodu do tunel\u016f v Gaze, aby vyhnaly Ham\u00e1s, p\u0159esto\u017ee se v nich p\u0159edpokl\u00e1d\u00e1, \u017ee jsou zadr\u017eov\u00e1ni n\u011bkte\u0159\u00ed izrael\u0161t\u00ed zajatci.<\/p>\n<p>WSJ uvedla, \u017ee izraelsk\u00e9 s\u00edly z\u0159\u00eddily v listopadu pobl\u00ed\u017e uprchlick\u00e9ho t\u00e1bora Al-Shati p\u011bt \u010derpadel na mo\u0159skou vodu, aby zaplavily tunely pou\u017e\u00edvan\u00e9 Ham\u00e1sem tis\u00edci kubick\u00fdch metr\u016f mo\u0159sk\u00e9 vody.\u00a0Pl\u00e1n, kter\u00fd se teprve uskute\u010dn\u00ed, hroz\u00ed po\u0161kozen\u00edm \u00fazem\u00ed Gazy.<\/p>\n<p>&#8222;Nejsme si jisti, jak \u00fasp\u011b\u0161n\u00e9 bude \u010derp\u00e1n\u00ed, proto\u017ee nikdo nezn\u00e1 podrobnosti o tunelech a zemi kolem nich,&#8220; cituje WSJ americk\u00e9ho \u00fa\u0159edn\u00edka obezn\u00e1men\u00e9ho s pl\u00e1nem.<\/p>\n<p>&#8222;Nen\u00ed mo\u017en\u00e9 v\u011bd\u011bt, zda to bude \u00fa\u010dinn\u00e9, proto\u017ee nev\u00edme, jak mo\u0159sk\u00e1 voda bude odt\u00e9kat v tunelech, ve kter\u00fdch je\u0161t\u011b nikdo nebyl,&#8220; dodal \u00fa\u0159edn\u00edk.<\/p>\n<h2 class=\"wp-block-heading\"><strong>Ministerstvo zdravotnictv\u00ed aktualizuje po\u010det ob\u011bt\u00ed<\/strong>\u00a0, po\u010det ob\u011bt\u00ed novin\u00e1\u0159\u016f stoup\u00e1<\/h2>\n<p>V pond\u011bl\u00ed ve\u010der ministerstvo zdravotnictv\u00ed aktualizovalo po\u010dty ob\u011bt\u00ed v p\u00e1smu Gazy.\u00a0Od 7. \u0159\u00edjna bylo zabito nejm\u00e9n\u011b 15 899 mu\u010dedn\u00edk\u016f a 42 000 lid\u00ed bylo zran\u011bno.<\/p>\n<p>N\u011bkter\u00e9 skupiny na ochranu lidsk\u00fdch pr\u00e1v uvedly \u010d\u00edslo mnohem vy\u0161\u0161\u00ed, p\u0159i\u010dem\u017e Euro-Med Human Rights Monitor tento po\u010det je\u0161t\u011b minul\u00fd m\u011bs\u00edc p\u0159ibl\u00ed\u017eil 20 000\u00a0<a href=\"https:\/\/euromedmonitor.org\/en\/article\/5957\/Friday-17-November:-Twenty-thousand-Palestinians-believed-to-be-killed-in-Israel%E2%80%99s-genocide-of-Gaza\">.\u00a0<\/a><\/p>\n<p>Kv\u016fli kolapsu zdravotnick\u00e9ho syst\u00e9mu v Gaze, v\u00fdpadk\u016fm komunikace a neschopnosti zdravotn\u00edk\u016f a pohotovostn\u00edch pos\u00e1dek z\u00edskat p\u0159\u00edstup k vybombardovan\u00fdm budov\u00e1m a z\u00edskat v\u0161echna t\u011bla uv\u011bzn\u011bn\u00e1 pod troskami je pro ministerstvo zdravotnictv\u00ed v Gaze st\u00e1le obt\u00ed\u017en\u011bj\u0161\u00ed pravideln\u011b informovat o \u00famrt\u00ed. m\u00fdtn\u00e9.<\/p>\n<p>Mezit\u00edm V\u00fdbor na ochranu novin\u00e1\u0159\u016f (CPJ) uvedl, \u017ee mezi 7. \u0159\u00edjnem a 4. prosincem bylo zabito 56 palestinsk\u00fdch, t\u0159i libanon\u0161t\u00ed a \u010dty\u0159i izrael\u0161t\u00ed novin\u00e1\u0159i. Syndik\u00e1t palestinsk\u00fdch novin\u00e1\u0159\u016f uvedl, \u017ee od 7. \u0159\u00edjna bylo zabito 67 palestinsk\u00fdch novin\u00e1\u0159\u016f a pracovn\u00edk\u016f m\u00e9di\u00ed.<\/p>\n<p><a href=\"https:\/\/stranapro.cz\/\"><img decoding=\"async\" loading=\"lazy\" class=\"alignnone  wp-image-40285 aligncenter\" src=\"http:\/\/www.infokuryr.cz\/n\/wp-content\/uploads\/2023\/11\/11pro-300x79.png\" alt=\"\" width=\"589\" height=\"155\" srcset=\"https:\/\/www.infokuryr.cz\/n\/wp-content\/uploads\/2023\/11\/11pro-300x79.png 300w, https:\/\/www.infokuryr.cz\/n\/wp-content\/uploads\/2023\/11\/11pro.png 363w\" sizes=\"(max-width: 589px) 100vw, 589px\" \/><\/a><\/p>\n<p><a href=\"https:\/\/www.facebook.com\/photo\/?fbid=391263276568212&amp;set=a.211639694530572&amp;paipv=0&amp;eav=AfYSgdU3Lu3tDhreinbxEk53iu4IVsHIBcDQjIgFa23jyLQ_00CeXyqWFUzYV1GfNts&amp;_rdr\">Hassan Farajallah<\/a>\u00a0, kter\u00fd spolupracoval s Al-Quds TV, byl posledn\u00edm palestinsk\u00fdm novin\u00e1\u0159em zabit\u00fdm v ned\u011bli.\u00a0Shima Al-Gazzar, novin\u00e1\u0159ka ze s\u00edt\u011b Al-Magedat, byla zabita spolu se sv\u00fdmi rodinn\u00fdmi p\u0159\u00edslu\u0161n\u00edky v Rafahu p\u0159i izraelsk\u00e9m leteck\u00e9m \u00fatoku.<\/p>\n<p>&#8222;CPJ zd\u016fraz\u0148uje, \u017ee novin\u00e1\u0159i jsou civilist\u00e9, kte\u0159\u00ed vykon\u00e1vaj\u00ed d\u016fle\u017eitou pr\u00e1ci v dob\u011b krize a nesm\u00ed b\u00fdt c\u00edlem v\u00e1l\u010d\u00edc\u00edch stran,&#8220; \u0159ekl Sherif Mansour, koordin\u00e1tor programu CPJ pro Bl\u00edzk\u00fd v\u00fdchod a severn\u00ed Afriku.<\/p>\n<p>\u201eNovin\u00e1\u0159i v cel\u00e9m regionu p\u0159in\u00e1\u0161ej\u00ed velk\u00e9 ob\u011bti, aby zakryli tento srdceryvn\u00fd konflikt.\u00a0Zejm\u00e9na ti v Gaze platili a nad\u00e1le plat\u00ed bezprecedentn\u00ed m\u00fdtn\u00e9 a \u010del\u00ed exponenci\u00e1ln\u00edm hrozb\u00e1m.<\/p>\n<h2 class=\"wp-block-heading\"><strong>WHO: Izraelsk\u00e9 s\u00edly n\u00e1m ozn\u00e1mily, \u017ee m\u00e1me vypr\u00e1zdnit l\u00e9ka\u0159sk\u00e9 sklady do 24 hodin<\/strong><\/h2>\n<p>P\u0159edseda Valn\u00e9ho shrom\u00e1\u017ed\u011bn\u00ed OSN\u00a0<a href=\"https:\/\/twitter.com\/UN_PGA\">Dennis Francis<\/a>\u00a0v \u00fater\u00fd znovu vyzval k trval\u00e9mu p\u0159\u00edm\u011b\u0159\u00ed v p\u00e1smu Gazy.<\/p>\n<p>\u201eJsem hluboce znepokojen a zarmoucen obnoven\u00edm nep\u0159\u00e1telstv\u00ed na Bl\u00edzk\u00e9m v\u00fdchod\u011b,\u201c napsal na platform\u011b X.<\/p>\n<p>\u201eOpakuji svou v\u00fdzvu k dlouhodob\u011bj\u0161\u00edmu humanit\u00e1rn\u00edmu p\u0159\u00edm\u011b\u0159\u00ed;\u00a0bezpodm\u00edne\u010dn\u00e9 propu\u0161t\u011bn\u00ed v\u0161ech zb\u00fdvaj\u00edc\u00edch rukojm\u00edch a za neomezen\u00fd p\u0159\u00edstup k humanit\u00e1rn\u00ed pomoci Palestinc\u016fm,\u201c dodal.<\/p>\n<p>Hlasov\u00e1n\u00ed 193 v\u011bt\u0161inou na Valn\u00e9m shrom\u00e1\u017ed\u011bn\u00ed OSN na konci \u0159\u00edjna po\u017eadovalo humanit\u00e1rn\u00ed p\u0159\u00edm\u011b\u0159\u00ed.\u00a0\u010ctrn\u00e1ct zem\u00ed hlasovalo proti a 45 se zdr\u017eelo hlasov\u00e1n\u00ed.<\/p>\n<p>Sv\u011btov\u00e1 zdravotnick\u00e1 organizace (WHO) v pond\u011bl\u00ed ve\u010der uvedla, \u017ee obdr\u017eela ozn\u00e1men\u00ed od izraelsk\u00fdch sil, \u201e\u017ee bychom m\u011bli do 24 hodin odstranit na\u0161e z\u00e1soby z na\u0161eho zdravotnick\u00e9ho skladu v ji\u017en\u00ed Gaze, proto\u017ee pozemn\u00ed operace jej vy\u0159ad\u00ed z provozu\u201c.<\/p>\n<p><a href=\"https:\/\/twitter.com\/DrTedros\/status\/1731775914621473109\">Tedros Adhanom Ghebreyesus<\/a>\u00a0, \u0161\u00e9f WHO, napsal na platform\u011b X: \u201eApelujeme na Izrael, aby st\u00e1hl p\u0159\u00edkaz a p\u0159ijal ve\u0161ker\u00e1 mo\u017en\u00e1 opat\u0159en\u00ed na ochranu civilist\u016f a civiln\u00ed infrastruktury, v\u010detn\u011b nemocnic a humanit\u00e1rn\u00edch za\u0159\u00edzen\u00ed.\u201c<\/p>\n<p>N\u00e1sledovala online h\u00e1dka o X mezi WHO a izraelsk\u00fdmi p\u0159edstaviteli, p\u0159i\u010dem\u017e Izrael pop\u0159el, \u017ee by takov\u00fd p\u0159\u00edkaz vydal.<\/p>\n<p>Org\u00e1n ministerstva obrany, kter\u00fd dohl\u00ed\u017e\u00ed na palestinsk\u00e9 z\u00e1le\u017eitosti,\u00a0<a href=\"https:\/\/twitter.com\/cogatonline\/status\/1731791151546454398\">COGAT<\/a>\u00a0, napsal na X: \u201ePravdou je, \u017ee jsme v\u00e1s ne\u017e\u00e1dali o evakuaci sklad\u016f a tak\u00e9 jsme to dali jasn\u011b najevo [a p\u00edsemn\u011b] p\u0159\u00edslu\u0161n\u00fdm z\u00e1stupc\u016fm OSN.\u201c<\/p>\n<h2 class=\"wp-block-heading\"><strong>Izraelsk\u00e9 s\u00edly obkl\u00ed\u010dily uprchlick\u00fd t\u00e1bor Jabalia, palestinsk\u00fd odpor pokra\u010duje v boji proti pozemn\u00edm sil\u00e1m<\/strong><\/h2>\n<p>Izraelsk\u00e9 s\u00edly v \u00fater\u00fd ozn\u00e1mily, \u017ee v ozbrojen\u00fdch bitv\u00e1ch s palestinsk\u00fdmi odboj\u00e1\u0159i v Gaze zahynulo p\u011bt voj\u00e1k\u016f.\u00a0Od 7. \u0159\u00edjna se tak po\u010det vojensk\u00fdch ob\u011bt\u00ed v Izraeli zv\u00fd\u0161il na 406 voj\u00e1k\u016f a policist\u016f.<\/p>\n<p>Vojensk\u00fd mluv\u010d\u00ed uvedl, \u017ee izraelsk\u00e9 s\u00edly zcela obkli\u010duj\u00ed uprchlick\u00fd t\u00e1bor Jabalia v severn\u00edm p\u00e1smu Gazy.\u00a0Spolu s Beit Lahia a Beit Hanoun byla Jabalia jednou z prvn\u00edch oblast\u00ed na severu Gazy, kter\u00e1 koncem \u0159\u00edjna zaznamenala izraelskou pozemn\u00ed invazi.<\/p>\n<p>V \u00fater\u00fd izraelsk\u00e9 s\u00edly bombardovaly n\u011bkolik oblast\u00ed v ji\u017en\u00edm Libanonu, zat\u00edmco hnut\u00ed Hizball\u00e1h se v pond\u011bl\u00ed a \u00fater\u00fd r\u00e1no zam\u011b\u0159ilo na n\u011bkolik izraelsk\u00fdch vojensk\u00fdch z\u00e1kladen a m\u00edst.<\/p>\n<p>Ozbrojen\u00e9 k\u0159\u00eddlo Isl\u00e1msk\u00e9ho d\u017eih\u00e1du, brig\u00e1dy Saraya Al-Quds, uvedlo, \u017ee v \u00fater\u00fd r\u00e1no za\u00fato\u010dilo na dva izraelsk\u00e9 tanky se st\u0159elami RPG-29 ve \u010dtvrti Al-Shuja&#8217;iyya, v\u00fdchodn\u011b od m\u011bsta Gaza.<\/p>\n<p>V \u00fatern\u00edm prohl\u00e1\u0161en\u00ed dodala: \u201eZam\u00ed\u0159ili jsme na sionistick\u00e9 vojensk\u00e9 vozidlo s gran\u00e1ty RPG-29 v ose Al-Taqadum v sousedstv\u00ed Al-Zaytoun, v\u00fdchodn\u011b od Gazy.<\/p>\n<p>Brig\u00e1dy Hamasu Izz El-Din Al-Qassam v \u00fater\u00fd uvedly, \u017ee za\u00fato\u010dily na izraelsk\u00e1 vojensk\u00e1 vozidla ve v\u00fdchodn\u00ed \u010d\u00e1sti Khan Yunis 105mm Al-Yaseen, palestinsk\u00fdm protitankov\u00fdm gran\u00e1tem.<\/p>\n<p>Brig\u00e1dy Al-Qassam tak\u00e9 zah\u00e1jily palbu raket na m\u011bsto Beer Al-Saba&#8216; (Beersheva) v pou\u0161ti al-Naqab (Negev), na v\u00fdchod od p\u00e1sma Gazy.\u00a0Al-D\u017eaz\u00edra ozn\u00e1mila, \u017ee ve m\u011bst\u011b se spustily sir\u00e9ny a \u017ee \u017delezn\u00e1 kupole zachytila \u200b\u200bsedm st\u0159el.<\/p>\n<p>Izrael o v\u00edkendu dosp\u011bl k z\u00e1v\u011bru, \u017ee Hamas str\u00e1vil roky pl\u00e1nov\u00e1n\u00edm p\u0159ekvapiv\u00e9ho \u00fatoku ze 7. \u0159\u00edjna a vypracoval podrobn\u00e9 mapy vojensk\u00fdch z\u00e1kladen a osad na z\u00e1klad\u011b informac\u00ed p\u0159ed\u00e1van\u00fdch \u0161piony,\u00a0uvedl\u00a0<a href=\"https:\/\/www.theguardian.com\/world\/2023\/dec\/04\/hamas-drew-detailed-attack-plans-for-years-with-help-of-spies-idf-says\"><em>The Guardian .<\/em><\/a><\/p>\n<p>Hamas tak\u00e9 odp\u00e1lil raketu 7. \u0159\u00edjna na vojenskou z\u00e1kladnu Sdot Micha, kde izraelsk\u00e9 s\u00edly skladuj\u00ed balistick\u00e9 st\u0159ely Jericho, kter\u00e9 by mohly n\u00e9st jadern\u00e9 hlavice,\u00a0uvedl\u00a0<a href=\"https:\/\/www.ynetnews.com\/article\/hk4vxcjhp\">Ynet .<\/a><\/p>\n<h2 class=\"wp-block-heading\"><strong>Des\u00edtky zat\u010deny p\u0159i razi\u00edch na Z\u00e1padn\u00edm b\u0159ehu Jord\u00e1nu a osvobozen\u00fdm d\u011btsk\u00fdm v\u011bz\u0148\u016fm bylo zabr\u00e1n\u011bno v n\u00e1vratu do \u0161koly v Jeruzal\u00e9m\u011b<\/strong><\/h2>\n<p>Na okupovan\u00e9m Z\u00e1padn\u00edm b\u0159ehu Jord\u00e1nu bylo p\u0159es noc zat\u010deno 40 Palestinc\u016f.\u00a0Celkem bylo od 7. \u0159\u00edjna zat\u010deno a 260 zabito 3580 lid\u00ed.<\/p>\n<p>V uprchlick\u00e9m t\u00e1bo\u0159e Dheisheh ji\u017en\u011b od Betl\u00e9ma byli \u010dty\u0159i lid\u00e9 zran\u011bni \u017eiv\u00fdmi st\u0159elami b\u011bhem izraelsk\u00e9 no\u010dn\u00ed razie.\u00a0Izraelsk\u00e9 s\u00edly zatkly 12 lid\u00ed, z nich\u017e n\u011bkte\u0159\u00ed byli d\u011bln\u00edci z Gazy, z Dauh\u00e1, Artasu a Wadi Al-Nis v oblastech Betl\u00e9ma.<\/p>\n<p>Mahmoud Jawabra, \u0159editel \u0161koly Al-Khulafa Al-Rashidun ve m\u011bst\u011b Dauh\u00e1, byl zat\u010den.\u00a0V Artas byl zat\u010den Louay Shalash ze sv\u00e9ho domova, uvedla\u00a0<a href=\"https:\/\/www.wafa.ps\/Pages\/Details\/85736\">Wafa<\/a>\u00a0.<\/p>\n<p>Izraelsk\u00e9 s\u00edly tak\u00e9\u00a0<a href=\"https:\/\/www.wafa.ps\/Pages\/Details\/85750\">zatkly<\/a>\u00a0Palestince z Jeruzal\u00e9ma, Hebronu, Jeninu, Ramall\u00e1hu a N\u00e1bulusu.<\/p>\n<p>V \u00fater\u00fd r\u00e1no byl zabit Muhammad Yousef Hassan Manasra (25) a jeho bratr byl zat\u010den, kdy\u017e izraelsk\u00e9 s\u00edly za\u00fato\u010dily na uprchlick\u00fd t\u00e1bor Qalandia na centr\u00e1ln\u00edm Z\u00e1padn\u00edm b\u0159ehu Jord\u00e1nu.<\/p>\n<p><a href=\"https:\/\/www.wafa.ps\/Pages\/Details\/85737\">O\u010dit\u00ed sv\u011bdci \u0159ekli Wafa<\/a>\u00a0, \u017ee Manasra st\u00e1l za dve\u0159mi jejich domu, kdy\u017e je izraelsk\u00e9 s\u00edly vyhodily do vzduchu v Qalandii, co\u017e vedlo k rozpadu jeho t\u011bla.<\/p>\n<p>Dal\u0161\u00ed Palestinec, Ali Alqam, byl v\u010dera tak\u00e9 zabit v Qalandii b\u011bhem izraelsk\u00e9ho n\u00e1letu.<\/p>\n<p>Izraelem kontrolovan\u00e1 obec Jeruzal\u00e9m blokuje palestinsk\u00fdm d\u011btem propu\u0161t\u011bn\u00fdm z izraelsk\u00fdch v\u011bznic v r\u00e1mci dohody o v\u00fdm\u011bn\u011b rukojm\u00edch v n\u00e1vratu do \u0161koly.<\/p>\n<p>Informa\u010dn\u00ed centrum Wadi Hilweh v Jeruzal\u00e9m\u011b uvedlo, \u017ee Izraelem financovan\u00e9 \u0161koly odm\u00edtly po propu\u0161t\u011bn\u00ed z v\u011bzen\u00ed v listopadu vpustit do u\u010deben \u0159adu student\u016f ze \u010dtvrt\u00ed Silwan, Al-Issawiya a Sur Baher.<\/p>\n<p>Jde o 50 palestinsk\u00fdch d\u011bt\u00ed z Jeruzal\u00e9ma, kter\u00e9 byly osvobozeny z izraelsk\u00fdch v\u011bznic jako sou\u010d\u00e1st Izraelsko-Hamasu a nyn\u00ed se jim zak\u00e1zal n\u00e1vrat do \u0161kol,\u00a0uvedla\u00a0<a href=\"https:\/\/www.wafa.ps\/Pages\/Details\/85723\">Wafa .<\/a><\/p>\n<p><span style=\"font-size: 10pt;\"><strong>\u00davodn\u00ed fotografie:<\/strong> FOTOGRAFIE ZVE\u0158EJN\u011aN\u00c1 IZRAELSKOU ARM\u00c1DOU 3. PROSINCE 2023 UKAZUJE IZRAELSK\u00c9 JEDNOTKY PROV\u00c1D\u011aJ\u00cdC\u00cd VOJENSK\u00c9 OPERACE V P\u00c1SMU GAZY.\u00a0\u0160\u00c9F IZRAELSK\u00c9 ARM\u00c1DY HERZI HALEVI V NED\u011aLI \u0158EKL, \u017dE ARM\u00c1DA ROZ\u0160\u00cd\u0158ILA POZEMN\u00cd OPERACI PROTI HAMASU DO JI\u017dN\u00cdHO P\u00c1SMA GAZY, OBLASTI, KTER\u00c1 BYLA D\u0158\u00cdVE POVA\u017dOV\u00c1NA ZA \u201eBEZPE\u010cNOU Z\u00d3NU\u201c.\u00a0(FOTO: \u00a9 XIN HUA\/XINHUA P\u0158ES ZUMA PRESS APAIMAGES<\/span><\/p>\n<p><img decoding=\"async\" loading=\"lazy\" class=\"alignnone size-full wp-image-1185\" src=\"http:\/\/www.infokuryr.cz\/n\/wp-content\/uploads\/2021\/04\/kuryr-podpis.png\" alt=\"\" width=\"84\" height=\"24\" \/><\/p>\n<p>&nbsp;<\/p>\n<p>&nbsp;<\/p>\n","protected":false},"excerpt":{"rendered":"<p>Izrael p\u0159eru\u0161il internetov\u00e9 a telefonn\u00ed sign\u00e1ly v p\u00e1smu Gazy, kdy\u017e ude\u0159il do oblast\u00ed nap\u0159\u00ed\u010d p\u00e1smem.\u00a0Izraelsk\u00e9&#8230;<\/p>\n","protected":false},"author":2,"featured_media":41815,"comment_status":"closed","ping_status":"closed","sticky":false,"template":"","format":"standard","meta":[],"categories":[7],"tags":[348,178,107,6433,871],"_links":{"self":[{"href":"https:\/\/www.infokuryr.cz\/n\/wp-json\/wp\/v2\/posts\/41814"}],"collection":[{"href":"https:\/\/www.infokuryr.cz\/n\/wp-json\/wp\/v2\/posts"}],"about":[{"href":"https:\/\/www.infokuryr.cz\/n\/wp-json\/wp\/v2\/types\/post"}],"author":[{"embeddable":true,"href":"https:\/\/www.infokuryr.cz\/n\/wp-json\/wp\/v2\/users\/2"}],"replies":[{"embeddable":true,"href":"https:\/\/www.infokuryr.cz\/n\/wp-json\/wp\/v2\/comments?post=41814"}],"version-history":[{"count":1,"href":"https:\/\/www.infokuryr.cz\/n\/wp-json\/wp\/v2\/posts\/41814\/revisions"}],"predecessor-version":[{"id":41816,"href":"https:\/\/www.infokuryr.cz\/n\/wp-json\/wp\/v2\/posts\/41814\/revisions\/41816"}],"wp:featuredmedia":[{"embeddable":true,"href":"https:\/\/www.infokuryr.cz\/n\/wp-json\/wp\/v2\/media\/41815"}],"wp:attachment":[{"href":"https:\/\/www.infokuryr.cz\/n\/wp-json\/wp\/v2\/media?parent=41814"}],"wp:term":[{"taxonomy":"category","embeddable":true,"href":"https:\/\/www.infokuryr.cz\/n\/wp-json\/wp\/v2\/categories?post=41814"},{"taxonomy":"post_tag","embeddable":true,"href":"https:\/\/www.infokuryr.cz\/n\/wp-json\/wp\/v2\/tags?post=41814"}],"curies":[{"name":"wp","href":"https:\/\/api.w.org\/{rel}","templated":true}]}}