{"id":41810,"date":"2023-12-06T00:41:12","date_gmt":"2023-12-05T23:41:12","guid":{"rendered":"http:\/\/www.infokuryr.cz\/n\/?p=41810"},"modified":"2023-12-05T16:06:26","modified_gmt":"2023-12-05T15:06:26","slug":"sexualni-utoky-somalskeho-zadatele-o-azyl-na-tehotnou-zdravotni-sestru-a-policistku-ktera-ho-zatkla-byly-volanim-o-pomoc","status":"publish","type":"post","link":"https:\/\/www.infokuryr.cz\/n\/2023\/12\/06\/sexualni-utoky-somalskeho-zadatele-o-azyl-na-tehotnou-zdravotni-sestru-a-policistku-ktera-ho-zatkla-byly-volanim-o-pomoc\/","title":{"rendered":"Sexu\u00e1ln\u00ed \u00fatoky som\u00e1lsk\u00e9ho \u017eadatele o azyl na t\u011bhotnou zdravotn\u00ed sestru a policistku, kter\u00e1 ho zatkla, byly \u201evol\u00e1n\u00edm o pomoc\u201c"},"content":{"rendered":"<div id=\"fb-root\"><\/div>\n<p><span style=\"font-size: 18pt;\"><strong>Pr\u00e1vn\u00edk migranta p\u0159i jedn\u00e1n\u00ed o kauci \u0159ekl, \u017ee jeho klient trp\u00ed du\u0161evn\u00edmi probl\u00e9my<\/strong><\/span><\/p>\n<p><span>Som\u00e1lsk\u00fd \u017eadatel o azyl, kter\u00fd sexu\u00e1ln\u011b napadl zdravotn\u00ed sestru v Severn\u00edm Irsku a pot\u00e9 sexu\u00e1ln\u011b napadl policistku, kter\u00e1 ho zatkla, to ud\u011blal jako \u201evol\u00e1n\u00ed o pomoc\u201c, proto\u017ee trp\u011bl du\u0161evn\u00edmi probl\u00e9my, tvrdil mu\u017e\u016fv pr\u00e1vn\u00edk.<\/span><\/p>\n<p><span>Abdullahi Hidig Salaad, 22let\u00fd som\u00e1lsk\u00fd st\u00e1tn\u00ed p\u0159\u00edslu\u0161n\u00edk \u017eij\u00edc\u00ed v zemi posledn\u00edch \u0161est m\u011bs\u00edc\u016f, byl zat\u010den v nemocnici Causeway v Coleraine 29. listopadu pot\u00e9, co byl obvin\u011bn, \u017ee se zezadu p\u0159ibl\u00ed\u017eil k t\u011bhotn\u00e9 sest\u0159e a osah\u00e1val ji.<\/span><\/p>\n<p><span>Sm\u00edr\u010d\u00ed soud v Ballymen\u011b si vyslechl, jak ob\u017ealovan\u00fd n\u00e1sledn\u011b napadl policistku v pohovorov\u00e9 m\u00edstnosti na policejn\u00ed stanici v Antrimu.\u00a0D\u016fstojn\u00edk vypr\u00e1v\u011bl, jak Salaad chytil policistku za pas a n\u00e1sil\u00edm ji p\u0159it\u00e1hl k sob\u011b, ne\u017e j\u00ed \u0161\u00e1hl po zadku.<\/span><\/p>\n<p><a href=\"https:\/\/stranapro.cz\/\"><img decoding=\"async\" loading=\"lazy\" class=\"alignnone  wp-image-40285 aligncenter\" src=\"http:\/\/www.infokuryr.cz\/n\/wp-content\/uploads\/2023\/11\/11pro-300x79.png\" alt=\"\" width=\"630\" height=\"166\" srcset=\"https:\/\/www.infokuryr.cz\/n\/wp-content\/uploads\/2023\/11\/11pro-300x79.png 300w, https:\/\/www.infokuryr.cz\/n\/wp-content\/uploads\/2023\/11\/11pro.png 363w\" sizes=\"(max-width: 630px) 100vw, 630px\" \/><\/a><\/p>\n<p><span>\u201c Pak s\u00e1hl p\u0159es jej\u00ed t\u011blo a chytil jej\u00ed prav\u00e9 prso.\u00a0Musela posunout horn\u00ed \u010d\u00e1st t\u011bla dol\u016f a pry\u010d od ob\u017ealovan\u00e9ho, \u200b\u200bproto\u017ee si myslela, \u017ee se ji pokus\u00ed pol\u00edbit,\u201c pokra\u010doval policista.<\/span><\/p>\n<p><span>Dal\u0161\u00ed d\u016fstojn\u00edk a obh\u00e1jce ob\u017ealovan\u00e9ho byli sv\u011bdky druh\u00e9ho p\u0159epaden\u00ed.<\/span><\/p>\n<p><span>Kdy\u017e si nakonec nechal ruce pro sebe, ob\u017ealovan\u00fd se policii p\u0159iznal, \u017ee \u00fatok sp\u00e1chal v nemocnici, ale tvrdil, \u017ee je \u201edu\u0161evn\u011b nemocn\u00fd\u201c.\u00a0Tvrdil tak\u00e9, \u017ee si na n\u00e1sledn\u00fd \u00fatok na policistku nepamatuje.<\/span><\/p>\n<p><span>B\u011bhem sv\u00e9 \u017e\u00e1dosti o propu\u0161t\u011bn\u00ed na kauci obh\u00e1jce ob\u017ealovan\u00e9ho zopakoval tvrzen\u00ed, \u017ee jeho klient trp\u00ed \u201eprobl\u00e9my du\u0161evn\u00edho zdrav\u00ed\u201c a \u0159ekl soudu, \u017ee tyto trestn\u00e9 \u010diny byly \u201evol\u00e1n\u00edm o pomoc\u201c.<\/span><\/p>\n<p><span>P\u0159edseda sen\u00e1tu odm\u00edtl kauci a na\u0159\u00eddil ob\u017ealovan\u00e9mu z\u016fstat ve vazb\u011b p\u0159ed dal\u0161\u00edm jedn\u00e1n\u00edm 19. prosince.<\/span><\/p>\n<p><img decoding=\"async\" loading=\"lazy\" class=\"alignnone size-full wp-image-1185\" src=\"http:\/\/www.infokuryr.cz\/n\/wp-content\/uploads\/2021\/04\/kuryr-podpis.png\" alt=\"\" width=\"84\" height=\"24\" \/><\/p>\n<p>&nbsp;<\/p>\n<p>&nbsp;<\/p>\n","protected":false},"excerpt":{"rendered":"<p>Pr\u00e1vn\u00edk migranta p\u0159i jedn\u00e1n\u00ed o kauci \u0159ekl, \u017ee jeho klient trp\u00ed du\u0161evn\u00edmi probl\u00e9my Som\u00e1lsk\u00fd \u017eadatel&#8230;<\/p>\n","protected":false},"author":2,"featured_media":1724,"comment_status":"closed","ping_status":"closed","sticky":false,"template":"","format":"standard","meta":[],"categories":[7],"tags":[551,6314,1057,6432],"_links":{"self":[{"href":"https:\/\/www.infokuryr.cz\/n\/wp-json\/wp\/v2\/posts\/41810"}],"collection":[{"href":"https:\/\/www.infokuryr.cz\/n\/wp-json\/wp\/v2\/posts"}],"about":[{"href":"https:\/\/www.infokuryr.cz\/n\/wp-json\/wp\/v2\/types\/post"}],"author":[{"embeddable":true,"href":"https:\/\/www.infokuryr.cz\/n\/wp-json\/wp\/v2\/users\/2"}],"replies":[{"embeddable":true,"href":"https:\/\/www.infokuryr.cz\/n\/wp-json\/wp\/v2\/comments?post=41810"}],"version-history":[{"count":0,"href":"https:\/\/www.infokuryr.cz\/n\/wp-json\/wp\/v2\/posts\/41810\/revisions"}],"wp:featuredmedia":[{"embeddable":true,"href":"https:\/\/www.infokuryr.cz\/n\/wp-json\/wp\/v2\/media\/1724"}],"wp:attachment":[{"href":"https:\/\/www.infokuryr.cz\/n\/wp-json\/wp\/v2\/media?parent=41810"}],"wp:term":[{"taxonomy":"category","embeddable":true,"href":"https:\/\/www.infokuryr.cz\/n\/wp-json\/wp\/v2\/categories?post=41810"},{"taxonomy":"post_tag","embeddable":true,"href":"https:\/\/www.infokuryr.cz\/n\/wp-json\/wp\/v2\/tags?post=41810"}],"curies":[{"name":"wp","href":"https:\/\/api.w.org\/{rel}","templated":true}]}}