{"id":41807,"date":"2023-12-06T00:40:33","date_gmt":"2023-12-05T23:40:33","guid":{"rendered":"http:\/\/www.infokuryr.cz\/n\/?p=41807"},"modified":"2023-12-05T16:01:58","modified_gmt":"2023-12-05T15:01:58","slug":"polske-zpravodajske-sluzby-usporadaly-behem-tuskovy-vlady-100-tajnych-schuzek-s-ruskou-fsb","status":"publish","type":"post","link":"https:\/\/www.infokuryr.cz\/n\/2023\/12\/06\/polske-zpravodajske-sluzby-usporadaly-behem-tuskovy-vlady-100-tajnych-schuzek-s-ruskou-fsb\/","title":{"rendered":"Polsk\u00e9 zpravodajsk\u00e9 slu\u017eby uspo\u0159\u00e1daly b\u011bhem Tuskovy vl\u00e1dy 100 tajn\u00fdch sch\u016fzek s ruskou FSB"},"content":{"rendered":"<div id=\"fb-root\"><\/div>\n<p><span style=\"font-size: 18pt;\"><strong>Polsko pod veden\u00edm Donalda Tuska m\u011blo mimo\u0159\u00e1dn\u00fd po\u010det tajn\u00fdch sch\u016fzek s rusk\u00fdmi zpravodajsk\u00fdmi agenturami \u2013 a jen velmi m\u00e1lo z\u00e1znam\u016f dokumentovalo to, o \u010dem se diskutovalo<\/strong><\/span><\/p>\n<p>P\u0159edchoz\u00ed vl\u00e1da Donalda Tuska (2007\u20132015) m\u011bla kolem 100 tajn\u00fdch sch\u016fzek mezi polsk\u00fdmi zpravodajsk\u00fdmi slu\u017ebami a ruskou FSB a podle nov\u00fdch zji\u0161t\u011bn\u00ed komise zkoumaj\u00edc\u00ed rusk\u00fd vliv nebyly nikdy p\u0159edlo\u017eeny \u017e\u00e1dn\u00e9 podstatn\u00e9 zpr\u00e1vy o tom, co se na t\u011bchto sch\u016fzk\u00e1ch projedn\u00e1valo.<\/p>\n<p>Prof.\u00a0<a class=\"ek-link\" href=\"https:\/\/rmx.news\/poland\/polands-new-liberal-government-will-choose-germans-over-us-interests-warns-polish-professor\/\">Przemys\u0142aw \u017burawski vel Grajewsk<\/a>\u00a0i, kter\u00fd byl \u010dlenem komise, v\u010dera odhalil zji\u0161t\u011bn\u00ed.<\/p>\n<p>Jen den p\u0159edt\u00edm, ne\u017e byli \u010dlenov\u00e9 komise odvol\u00e1ni novou parlamentn\u00ed v\u011bt\u0161inou, vypracovala pr\u016fb\u011b\u017enou zpr\u00e1vu doporu\u010duj\u00edc\u00ed, aby\u00a0<a class=\"ek-link\" href=\"https:\/\/rmx.news\/poland\/could-donald-tusk-ditch-poland-after-a-year-to-head-up-the-european-commission\/\">Donald Tusk<\/a> a dal\u0161\u00ed vysoce postaven\u00ed \u010dlenov\u00e9 jeho administrativy nebyli pov\u011b\u0159ov\u00e1ni ve\u0159ejn\u00fdmi funkcemi, kter\u00e9 se t\u00fdkaj\u00ed n\u00e1rodn\u00ed bezpe\u010dnosti, kv\u016fli nedostate\u010dn\u00e9mu dohledu p\u0159edchoz\u00ed vl\u00e1dy a kv\u016fli kontakt\u016fm mezi polsk\u00fdmi a rusk\u00fdmi zpravodajsk\u00fdmi slu\u017ebami.<\/p>\n<p><a href=\"https:\/\/stranapro.cz\/\"><img decoding=\"async\" loading=\"lazy\" class=\"alignnone wp-image-40285 aligncenter\" src=\"http:\/\/www.infokuryr.cz\/n\/wp-content\/uploads\/2023\/11\/11pro-300x79.png\" alt=\"\" width=\"566\" height=\"149\" srcset=\"https:\/\/www.infokuryr.cz\/n\/wp-content\/uploads\/2023\/11\/11pro-300x79.png 300w, https:\/\/www.infokuryr.cz\/n\/wp-content\/uploads\/2023\/11\/11pro.png 363w\" sizes=\"(max-width: 566px) 100vw, 566px\" \/><\/a><\/p>\n<p>Nicm\u00e9n\u011b \u017burawski vel Grajewski, s n\u00edm\u017e poskytlo rozhovor komer\u010dn\u00ed r\u00e1dio RMF FM, potvrdil, \u017ee zji\u0161t\u011bn\u00ed komise nep\u0159edstavuj\u00ed d\u016fvod pro vylou\u010den\u00ed Tuska a dal\u0161\u00edch z v\u00fdkonu funkce, proto\u017ee k tomu komise nedostala pravomoci.\u00a0Byla schopna vyj\u00e1d\u0159it sv\u016fj n\u00e1zor pouze na z\u00e1klad\u011b sv\u00fdch zji\u0161t\u011bn\u00ed, co\u017e u\u010dinila.<\/p>\n<p>Komise zjistila, \u017ee bezpe\u010dnostn\u00ed \u00fa\u0159edn\u00edci neud\u011blili \u017e\u00e1dn\u00e9 ofici\u00e1ln\u00ed povolen\u00ed pro sch\u016fzky a \u017ee o v\u0161ech sch\u016fzk\u00e1ch nebyly vedeny odpov\u00eddaj\u00edc\u00ed z\u00e1znamy.\u00a0Tusk a jeho minist\u0159i na situaci nereagovali, zat\u00edmco poslanci a ve\u0159ejnost m\u011bli pr\u00e1vo o t\u011bchto setk\u00e1n\u00edch v\u011bd\u011bt, \u0159ekl \u017burawski vel Grajewski.<\/p>\n<p>Podle profesora poslanci, kte\u0159\u00ed budou p\u0159\u00ed\u0161t\u00ed t\u00fdden hlasovat pro Tuska, aby se stal premi\u00e9rem, \u201etak u\u010din\u00ed s plnou znalost\u00ed jeho minulosti\u201c a \u201ev budoucnu nebudou moci tvrdit, \u017ee nem\u011bli informace\u201c.<\/p>\n<p>\u017burawski vel Grajewski doufal, \u017ee \u2013 navzdory jeho odvol\u00e1n\u00ed a dal\u0161\u00edm \u010dlen\u016fm komise \u2013 bude zachov\u00e1na samotn\u00e1 instituce, proto\u017ee c\u00edt\u00ed, \u017ee rusk\u00fd vliv a pronik\u00e1n\u00ed do ve\u0159ejn\u00e9ho \u017eivota je t\u0159eba podrobn\u011b posoudit.\u00a0Komise\u00a0<a class=\"ek-link\" href=\"https:\/\/rmx.news\/poland\/russian-influence-in-polish-politics-was-considerable-and-has-yet-to-be-fully-countered-says-commission-nominee\/\">pro rusk\u00fd vliv<\/a>\u00a0svou pr\u00e1ci teprve za\u010dala a mohla se pod\u00edvat jen na zlomek dostupn\u00fdch d\u016fkaz\u016f.<\/p>\n<p>Komisi jmenoval v z\u00e1\u0159\u00ed p\u0159edchoz\u00ed parlament, kter\u00e9mu vl\u00e1dla Sjednocen\u00e1 pravice, ale nov\u00e1 parlamentn\u00ed v\u011bt\u0161ina vznikl\u00e1 po \u0159\u00edjnov\u00fdch volb\u00e1ch minul\u00fd t\u00fdden v\u0161echny \u010dleny komise odvolala.\u00a0Zda bude jeho pr\u00e1ce pokra\u010dovat, nen\u00ed zn\u00e1mo.<\/p>\n<p><img decoding=\"async\" loading=\"lazy\" class=\"alignnone size-full wp-image-1185\" src=\"http:\/\/www.infokuryr.cz\/n\/wp-content\/uploads\/2021\/04\/kuryr-podpis.png\" alt=\"\" width=\"84\" height=\"24\" \/><\/p>\n<p>&nbsp;<\/p>\n<p>&nbsp;<\/p>\n","protected":false},"excerpt":{"rendered":"<p>Polsko pod veden\u00edm Donalda Tuska m\u011blo mimo\u0159\u00e1dn\u00fd po\u010det tajn\u00fdch sch\u016fzek s rusk\u00fdmi zpravodajsk\u00fdmi agenturami \u2013&#8230;<\/p>\n","protected":false},"author":2,"featured_media":41808,"comment_status":"closed","ping_status":"closed","sticky":false,"template":"","format":"standard","meta":[],"categories":[7],"tags":[31,22,1662],"_links":{"self":[{"href":"https:\/\/www.infokuryr.cz\/n\/wp-json\/wp\/v2\/posts\/41807"}],"collection":[{"href":"https:\/\/www.infokuryr.cz\/n\/wp-json\/wp\/v2\/posts"}],"about":[{"href":"https:\/\/www.infokuryr.cz\/n\/wp-json\/wp\/v2\/types\/post"}],"author":[{"embeddable":true,"href":"https:\/\/www.infokuryr.cz\/n\/wp-json\/wp\/v2\/users\/2"}],"replies":[{"embeddable":true,"href":"https:\/\/www.infokuryr.cz\/n\/wp-json\/wp\/v2\/comments?post=41807"}],"version-history":[{"count":1,"href":"https:\/\/www.infokuryr.cz\/n\/wp-json\/wp\/v2\/posts\/41807\/revisions"}],"predecessor-version":[{"id":41809,"href":"https:\/\/www.infokuryr.cz\/n\/wp-json\/wp\/v2\/posts\/41807\/revisions\/41809"}],"wp:featuredmedia":[{"embeddable":true,"href":"https:\/\/www.infokuryr.cz\/n\/wp-json\/wp\/v2\/media\/41808"}],"wp:attachment":[{"href":"https:\/\/www.infokuryr.cz\/n\/wp-json\/wp\/v2\/media?parent=41807"}],"wp:term":[{"taxonomy":"category","embeddable":true,"href":"https:\/\/www.infokuryr.cz\/n\/wp-json\/wp\/v2\/categories?post=41807"},{"taxonomy":"post_tag","embeddable":true,"href":"https:\/\/www.infokuryr.cz\/n\/wp-json\/wp\/v2\/tags?post=41807"}],"curies":[{"name":"wp","href":"https:\/\/api.w.org\/{rel}","templated":true}]}}