{"id":41801,"date":"2023-12-06T00:38:35","date_gmt":"2023-12-05T23:38:35","guid":{"rendered":"http:\/\/www.infokuryr.cz\/n\/?p=41801"},"modified":"2023-12-05T15:43:25","modified_gmt":"2023-12-05T14:43:25","slug":"trestni-podani-na-osoby-odpovedne-za-vakcinu-eu-pfizer-resi-mezinarodni-trestni-soud","status":"publish","type":"post","link":"https:\/\/www.infokuryr.cz\/n\/2023\/12\/06\/trestni-podani-na-osoby-odpovedne-za-vakcinu-eu-pfizer-resi-mezinarodni-trestni-soud\/","title":{"rendered":"Trestn\u00ed pod\u00e1n\u00ed na osoby odpov\u011bdn\u00e9 za vakc\u00ednu EU-Pfizer \u0159e\u0161\u00ed Mezin\u00e1rodn\u00ed trestn\u00ed soud"},"content":{"rendered":"<div id=\"fb-root\"><\/div>\n<p><strong><span>B\u00fdval\u00fd \u0161\u00e9f LKA Durynsko Uwe Kranz a Marianne Grimmenstein z ob\u010dansk\u00e9 iniciativy Common Good Lobby podali u Mezin\u00e1rodn\u00edho trestn\u00edho soudu v Haagu trestn\u00ed ozn\u00e1men\u00ed na osoby, kter\u00e9 jsou prim\u00e1rn\u011b odpov\u011bdn\u00e9 za smlouvu EU-Pfizer.\u00a0Obvin\u011bn\u00ed &#8211; v\u010detn\u011b p\u0159edsedkyn\u011b Evropsk\u00e9 komise Ursuly von der Leyenov\u00e9, \u0159editele EMA Emera Cooke, \u0161\u00e9fa Pfizeru Alberta Bourly, \u0161\u00e9fa WHO Tedrose Adhanoma Ghebreyesuse a Billa Gatese &#8211; jsou obvin\u011bni z ohro\u017een\u00ed \u017eivot\u016f 451 milion\u016f ob\u010dan\u016f EU.\u00a0Jsou obvin\u011bni z poru\u0161en\u00ed Norimbersk\u00e9ho z\u00e1kon\u00edku, zlo\u010din\u016f proti lidskosti, zlo\u010dinu genocidy a v\u00e1le\u010dn\u00fdch zlo\u010din\u016f.<\/span><\/strong><\/p>\n<h2 class=\"wp-block-heading\"><span>Tiskov\u00e1 zpr\u00e1va<\/span><\/h2>\n<p><em><span>od\u00a0<\/span><a href=\"https:\/\/www.mwgfd.org\/2023\/12\/strafanzeige-gegen-die-hauptverantwortlichen-der-verkaufsverhandlungen-zwischen-der-eu-und-biontech-beim-istgh\/\" target=\"_blank\" rel=\"noreferrer noopener\"><span>tiskov\u00e9ho t\u00fdmu MWGFD<\/span><\/a><span>\u00a0;\u00a0zve\u0159ejn\u011bno 1. prosince 2023<\/span><\/em><\/p>\n<div id=\"repor-30ce3148e8895dd629d11f62f7bc5daa\" class=\"repor-30ce3148e8895dd629d11f62f7bc5daa repor-inhalt_3\">\n<div id=\"repor-169556187\" class=\"repor-inhalt_3 repor-target\" data-repor-trackid=\"9821\" data-repor-trackbid=\"1\">\n<div id=\"M818971ScriptRootC1337404_0e61a\">\n<div id=\"MarketGidComposite1337404_0e61a\">\n<div class=\"mgbox\">\n<div class=\"mgheader1337404\"><\/div>\n<div class=\"mgline teaser-17367626 type-w\" data-i=\"hQlOgyWfVzH1Foi86Qds-ga0tdYOLps7yvaAZuANvh7eJISMQ7i5o7lHPCkdxz2LLiOXw8-33aZIGDWyW_26gQ**\" data-observing-start=\"1701787105595\" data-observing-time=\"1211\" data-showed=\"1\">\n<div class=\"image-with-text\">\n<div class=\"text-elements\">\n<div class=\"text_on_hover\">\n<div class=\"mglbtn\"><strong>Trestn\u00ed ozn\u00e1men\u00ed podan\u00e9 u Mezin\u00e1rodn\u00edho trestn\u00edho soudu (ICC) na osoby prim\u00e1rn\u011b odpov\u011bdn\u00e9 za jedn\u00e1n\u00ed o prodeji mezi EU a BioNTech\/Pfizer<\/strong><\/div>\n<\/div>\n<\/div>\n<\/div>\n<\/div>\n<\/div>\n<\/div>\n<\/div>\n<\/div>\n<\/div>\n<p><span>N\u00e1\u0161 \u010dlen MWGFD Uwe Kranz, Ltd.\u00a0ministersk\u00fd rada a.\u00a0D. spolu s Marianne Grimmenstein (\u00a0<\/span><a href=\"https:\/\/gemeinwohl-lobby.de\/\" target=\"_blank\" rel=\"noreferrer noopener\"><strong><span>Community Welfare Lobby Citizens&#8216; Initiative<\/span><\/strong><\/a><span>\u00a0), ob\u011b \u010dlenky United for Freedom (UFF), podaly k Mezin\u00e1rodn\u00edmu trestn\u00edmu soudu v Haagu dne 1. prosince 2023 trestn\u00ed ozn\u00e1men\u00ed na osoby, kter\u00e9 jsou za tuto smlouvu prim\u00e1rn\u011b odpov\u011bdn\u00e9. .\u00a0Nyn\u00ed p\u0159eb\u00edr\u00e1te to, na co bylo st\u011b\u017eov\u00e1no na sympoziu Corona v Bundestagu 11. listopadu 2023.\u00a0<\/span><strong><span>Kolik dal\u0161\u00edch trestn\u011b relevantn\u00edch akc\u00ed se mus\u00ed uskute\u010dnit, ne\u017e budou zodpov\u011bdn\u00ed kone\u010dn\u011b postaveni p\u0159ed soud?<\/span><\/strong><\/p>\n<p><span>Cel\u00fd rozsah tohoto gigantick\u00e9ho podvodu se znovu se soust\u0159ed\u011bnou intenzitou uk\u00e1zal na sympoziu Corona v Bundestagu po\u0159\u00e1dan\u00e9m AfD.\u00a0Ran\u00ed osv\u00edcenci, kte\u0159\u00ed byli d\u0159\u00edve vylou\u010deni z ve\u0159ejn\u00e9ho diskurzu, op\u011bt prezentovali to, co ji\u017e bylo d\u00e1vno zn\u00e1mo.\u00a0Takzvan\u00e9 \u201evakc\u00edny\u201c, kter\u00e9 byly pod\u00e1v\u00e1ny obyvatelstvu, nem\u011bly b\u00fdt nikdy uvedeny na trh s ohledem na tehdej\u0161\u00ed znalosti o jejich kvalit\u011b.\u00a0<\/span><strong><span>Data byla zfal\u0161ov\u00e1na, fakta o metod\u011b produkce byla zakryta, v\u0161echny bezpe\u010dnostn\u00ed sign\u00e1ly byly ignorov\u00e1ny, n\u00e1hodn\u00e9 vzorky a kohortov\u00e9 studie byly odm\u00edtnuty, kdy\u017e byly hl\u00e1\u0161eny prvn\u00ed zpr\u00e1vy o podez\u0159en\u00ed, a cel\u00e1 populace byla dokonce klam\u00e1na.<\/span><\/strong><\/p>\n<p><span>Zam\u011b\u0159\u00edme-li se na vrcholn\u00e9 osoby odpov\u011bdn\u00e9 za tento gigantick\u00fd podvod, do n\u011bho\u017e byla zapojena i m\u00e9dia a politici, m\u011bli bychom se nejprve zam\u011b\u0159it na ty, kte\u0159\u00ed \u0161kodlivost \u201evakc\u00edn\u201c doslova akceptovali: tedy na smluvn\u00ed \u00fa\u010dastn\u00edky jedn\u00e1n\u00ed o koupi mezi spole\u010dnost\u00ed Pfizer \/BioNTech a EU.\u00a0<\/span><strong><span>Jm\u00e9nem zem\u00ed EU dne 20. listopadu 2020 b\u00fdval\u00fd glob\u00e1ln\u00ed prezident vakc\u00edn Pfizer Nanette Cocero a komisa\u0159ka EU pro zdrav\u00ed Stella Kyriakides sv\u00fdmi podpisy schv\u00e1lily tento rozs\u00e1hl\u00fd podvod.<\/span><\/strong><\/p>\n<p><a href=\"https:\/\/stranapro.cz\/\"><img decoding=\"async\" loading=\"lazy\" class=\"alignnone  wp-image-40285 aligncenter\" src=\"http:\/\/www.infokuryr.cz\/n\/wp-content\/uploads\/2023\/11\/11pro-300x79.png\" alt=\"\" width=\"615\" height=\"162\" srcset=\"https:\/\/www.infokuryr.cz\/n\/wp-content\/uploads\/2023\/11\/11pro-300x79.png 300w, https:\/\/www.infokuryr.cz\/n\/wp-content\/uploads\/2023\/11\/11pro.png 363w\" sizes=\"(max-width: 615px) 100vw, 615px\" \/><\/a><\/p>\n<p><span>Na pozad\u00ed ned\u00e1vn\u00fdch publikac\u00ed, jako jsou intern\u00ed smlouvy spole\u010dnosti Pfizer, kter\u00e9 odhaluj\u00ed podvody s v\u00fdrobn\u00edmi \u0161t\u00edtky, a p\u0159izn\u00e1n\u00ed ze strany EMA z 18. \u0159\u00edjna 2023 (\u00a0<\/span><a href=\"https:\/\/drive.google.com\/file\/d\/1gDfGrb8wFQWnMSOolgm87sX6Xqy_X4S0\/view?pli=1\" target=\"_blank\" rel=\"noreferrer noopener\"><strong><span>viz odkaz<\/span><\/strong><\/a><span>\u00a0), podle nich\u017e bylo ji\u017e na za\u010d\u00e1tku zn\u00e1mo, \u017ee korona \u201e vakc\u00edna\u201c nebyla k dispozici Nyn\u00ed se uk\u00e1zalo, \u017ee infekce st\u00e1le chr\u00e1n\u00ed p\u0159ed dal\u0161\u00edm \u0161\u00ed\u0159en\u00edm, a proto Evropsk\u00e1 komise a vl\u00e1dy odm\u00edtly zve\u0159ejnit smlouvu o p\u0159edprodeji (\u00a0<\/span><strong><a href=\"https:\/\/www.rai.it\/dl\/doc\/2021\/04\/17\/1618676600910_APA%20BioNTech%20Pfizer__.pdf\" target=\"_blank\" rel=\"noreferrer noopener\"><span>viz odkaz na smlouvu<\/span><\/a><span>\u00a0).<\/span><\/strong><\/p>\n<h3 class=\"wp-block-heading\"><span style=\"font-size: 18pt;\">EU p\u0159ijala rizika a nejistoty<\/span><\/h3>\n<p><strong><span>Smlouvy ukazuj\u00ed, \u017ee EU akceptovala\u00a0\u00a0<\/span><em><span>\u201ev\u00fdznamn\u00e1 rizika a nejistoty\u201c<\/span><\/em><span>\u00a0, kter\u00fdm v\u00fdroba \u201evakc\u00edny\u201c podl\u00e9hala.\u00a0<\/span><\/strong><span>Bylo tak\u00e9 podeps\u00e1no, \u017ee farmaceutick\u00e9 spole\u010dnosti nemus\u00ed p\u0159evz\u00edt odpov\u011bdnost, ale \u017ee pou\u017eit\u00ed a aplikace \u201evakc\u00edny\u201c\u00a0\u00a0\u00a0by m\u011blo b\u00fdt\u00a0<\/span><em><span>\u201ev\u00fdhradn\u00ed odpov\u011bdnost\u00ed \u010dlensk\u00fdch st\u00e1t\u016f EU\u201c .\u00a0<\/span><\/em><span>I p\u0159i t\u011bchto formulac\u00edch by \u00fa\u010dastn\u00edci smlouvy museli od kupn\u00ed smlouvy odstoupit.\u00a0<\/span><strong><span>Na vin\u011b jsou tedy tito lid\u00e9:<\/span><\/strong><\/p>\n<ul>\n<li><span>Gener\u00e1ln\u00ed \u0159editel Sv\u011btov\u00e9 zdravotnick\u00e9 organizace TEDROS ADHANOM GHEBREYESUS,<\/span><\/li>\n<li><span>p\u0159edseda a gener\u00e1ln\u00ed \u0159editel spole\u010dnosti Pfizer Biopharmaceuticals Group ALBERT BOURLA,<\/span><\/li>\n<li><span>Prezident Institutu Paula Ehrlicha KLAUS CICHUTEK,<\/span><\/li>\n<li><span>\u0159editel Evropsk\u00e9 l\u00e9kov\u00e9 agentury (EMA) EMER COOKE,<\/span><\/li>\n<li><span>B\u00fdval\u00e1 glob\u00e1ln\u00ed prezidentka vakc\u00edn ve spole\u010dnosti Pfizer Inc. NANETTE COCERO,<\/span><\/li>\n<li><span>Spolup\u0159edseda Nadace Billa a Melindy Gatesov\u00fdch WILLIAM \u201eBILL\u201c GATES III,\u00a0<\/span><\/li>\n<li><span>Komisa\u0159ka EU pro zdrav\u00ed STELLA KYRIAKIDES,\u00a0<\/span><\/li>\n<li><span>P\u0159edsedkyn\u011b Evropsk\u00e9 komise URSULA VON DER LEYENOV\u00c1<\/span><\/li>\n<\/ul>\n<p><span>Krom\u011b toho Evropsk\u00e1 komise a BioNTech\/Pfizer dokonce na stran\u011b 25 kupn\u00ed smlouvy specifikuj\u00ed, na kterou \u201evakc\u00ednu\u201c se vztahuje vylou\u010den\u00ed odpov\u011bdnosti farmaceutick\u00e9 spole\u010dnosti.\u00a0<\/span><strong><span>Jsou to: smrt, fyzick\u00e1 \u00fajma, du\u0161evn\u00ed nebo citov\u00e1 \u00fajma, nemoc, invalidita, ztr\u00e1ta nebo po\u0161kozen\u00ed majetku, ekonomick\u00e1 ztr\u00e1ta nebo p\u0159eru\u0161en\u00ed podnik\u00e1n\u00ed.<\/span><\/strong><\/p>\n<p><span>Jednotliv\u00e9 \u010dlensk\u00e9 st\u00e1ty EU d\u00e1le objedn\u00e1vkov\u00fdmi smlouvami sjednan\u00fdmi EU potvrzuj\u00ed, \u017ee dlouhodob\u00e9 \u00fa\u010dinky a \u00fa\u010dinnost vakc\u00edny nejsou zn\u00e1my a mohou se objevit nezn\u00e1m\u00e9 vedlej\u0161\u00ed \u00fa\u010dinky.\u00a0A to s \u201evakc\u00ednou\u201c, kter\u00e1 by m\u011bla slou\u017eit k o\u010dkov\u00e1n\u00ed zdrav\u00fdch lid\u00ed (!)!\u00a0<\/span><\/p>\n<h3 class=\"wp-block-heading\"><span style=\"font-size: 18pt;\">Uvoln\u011bn\u00ed standard\u016f kvality<\/span><\/h3>\n<p><strong><span>Z\u00e1m\u011brn\u00e9 jedn\u00e1n\u00ed je o to hor\u0161\u00ed, \u017ee navzdory v\u011bdeck\u00fdm d\u016fkaz\u016fm o \u0161kodlivosti \u0161ar\u017eov\u00e9 kontaminace plasmidovou DNA (\u00a0<\/span><a href=\"https:\/\/www.mwgfd.org\/Users\/Claudia\/Downloads\/Telegram%20Desktop\/McKernan%20K.%20(2023)%20Sequencing%20of%20bivalent%20Moderna%20and%20Pfizer%20mRNA%20vaccines\" target=\"_blank\" rel=\"noreferrer noopener\"><span>viz McKernan Find<\/span><\/a><span>\u00a0) nejen\u017ee nedo\u0161lo k \u017e\u00e1dn\u00e9mu z\u00e1sahu, ale o\u010dkovac\u00ed kampa\u0148 pokra\u010duje dodnes.\u00a0<\/span><\/strong><span>Podle\u00a0\u00a0<\/span><a href=\"https:\/\/archive.is\/sQYoE\" target=\"_blank\" rel=\"noreferrer noopener\"><strong><span>unikl\u00fdch\u00a0<\/span><\/strong><\/a><a href=\"https:\/\/archive.is\/sQYoE\"><strong><span>e-mail\u016f<\/span><\/strong><\/a><span>\u00a0v\u0161ak \u00a0Evropsk\u00e1 agentura pro l\u00e9\u010div\u00e9 p\u0159\u00edpravky v\u011bd\u011bla o kontaminovan\u00e9m materi\u00e1lu ji\u017e na konci roku 2020, ale souhlasila se spole\u010dnost\u00ed Pfizer na\u00a0<\/span><strong><span>uvoln\u011bn\u00ed standard\u016f kvality<\/span><\/strong><span>\u00a0a uznala, \u017ee pouze 55 % RNA mus\u00ed b\u00fdt neporu\u0161en\u00fdch (\u00a0<\/span><a href=\"https:\/\/archive.is\/Qoeyg\"><strong><span>viz\u00a0<\/span><\/strong><\/a><a href=\"https:\/\/archive.is\/Qoeyg\" target=\"_blank\" rel=\"noreferrer noopener\"><strong><span>odkaz<\/span><\/strong><\/a><span>\u00a0). .\u00a0Nejpozd\u011bji v tuto chv\u00edli m\u011bly zas\u00e1hnout regula\u010dn\u00ed org\u00e1ny a st\u00e1hnout produkty z trhu.<\/span><\/p>\n<p><span>Pr\u00e1vn\u00ed vy\u0161et\u0159ov\u00e1n\u00ed tohoto skand\u00e1lu je v pln\u00e9m proudu.\u00a0Je z\u0159ejm\u00e9, \u017ee z\u00fa\u010dastn\u011bn\u00ed (v\u00fdrobci, schvalovac\u00ed org\u00e1ny, \u00fa\u010dastn\u00edci smlouvy, hejtmani) poru\u0161ili sv\u00e9 povinnosti.\u00a0Odborn\u00edci a pr\u00e1vn\u00edci se sna\u017e\u00ed zjistit, do jak\u00e9 m\u00edry zde byl sp\u00e1ch\u00e1n \u00famysln\u00fd \u010din, proto\u017ee z intern\u00edch dokument\u016f spole\u010dnosti Pfizer vypl\u00fdv\u00e1, \u017ee v r\u00e1mci schvalovac\u00ed studie pro injekce Covid-19 byly testov\u00e1ny jin\u00e9 p\u0159\u00edpravky, ne\u017e byly pozd\u011bji pod\u00e1van\u00e9 populaci.<\/span><\/p>\n<p><strong><span>Na pozad\u00ed v\u0161ech d\u016fsledk\u016f v\u0161ech osm v\u00fd\u0161e zm\u00edn\u011bn\u00fdch osob sv\u00fdmi rozhodnut\u00edmi ohrozilo \u017eivoty 451 milion\u016f ob\u010dan\u016f EU a bezd\u016fvodn\u011b je propustilo pro v\u00fdzkumn\u00e9 \u00fa\u010dely.\u00a0<\/span><\/strong><span>Sv\u00fdm jedn\u00e1n\u00edm umo\u017enili a podpo\u0159ili podm\u00edn\u011bn\u00e9 schv\u00e1len\u00ed EMA vakc\u00edny, jej\u00ed\u017e \u00fa\u010dinnost a bezpe\u010dnost nen\u00ed zn\u00e1ma, jej\u00ed\u017e v\u00fdroba s sebou nese velk\u00e1 rizika, kter\u00e1 podle smlouvy mohou v\u00e9st ke smrti, onemocn\u011bn\u00ed a invalidit\u011b a d\u00e1le a pod\u00e1v\u00e1 se star\u0161\u00edm lidem, nemocn\u00fdm, zdrav\u00fdm, d\u011btem, kojenc\u016fm a t\u011bhotn\u00fdm \u017een\u00e1m.<\/span><\/p>\n<p><span>Tato trestn\u00ed obvin\u011bn\u00ed jsou samoz\u0159ejm\u011b jen kapkou v mo\u0159i, kdy\u017e uv\u00e1\u017e\u00edte rozsah tohoto tich\u00e9ho kartelu, jeho\u017e motivac\u00ed byl zjevn\u011b oportunismus sp\u00ed\u0161e ne\u017e etika.\u00a0Pokud budete sledovat stopu pen\u011bz, m\u011bla by nyn\u00ed nastat vlna hromadn\u00e9ho zat\u00fdk\u00e1n\u00ed.\u00a0<\/span><strong><span>Pokud i p\u0159edsedkyn\u011b Etick\u00e9 rady prof.Dr.\u00a0Kdy\u017e Alena Buyxs hod\u00ed sv\u00e9 etick\u00e9 z\u00e1sady p\u0159es palubu, aby z\u00edskala finan\u010dn\u00ed prost\u0159edky od Wellcome Trust, d\u016fv\u011bra ve v\u0161echny autority je ot\u0159esena.\u00a0<\/span><\/strong><span>Haag bude po cel\u00e1 desetilet\u00ed zanepr\u00e1zdn\u011bn procesem proti t\u011bm, kdo jsou odpov\u011bdn\u00ed, a spolupachatel\u016fm, kte\u0159\u00ed ubl\u00ed\u017eili nejm\u00e9n\u011b 6 milion\u016fm lid\u00ed.<\/span><\/p>\n<p><strong><span>V p\u0159\u00edloze pln\u011b nahran\u00e9 trestn\u00ed ozn\u00e1men\u00ed: <\/span><\/strong><a id=\"wp-block-file--media-61ac0634-0b8c-4cd6-b338-5dd2768ed5ea\" href=\"https:\/\/report24.news\/wp-content\/uploads\/2023\/12\/Voelkerrechtsstrafanzeige-PDF-2.pdf\"><span>Mezin\u00e1rodn\u00ed trestn\u00ed ozn\u00e1men\u00ed-PDF-2<\/span><\/a><\/p>\n<p><img decoding=\"async\" loading=\"lazy\" class=\"alignnone size-full wp-image-1185\" src=\"http:\/\/www.infokuryr.cz\/n\/wp-content\/uploads\/2021\/04\/kuryr-podpis.png\" alt=\"\" width=\"84\" height=\"24\" \/><\/p>\n<p>&nbsp;<\/p>\n<p>&nbsp;<\/p>\n","protected":false},"excerpt":{"rendered":"<p>B\u00fdval\u00fd \u0161\u00e9f LKA Durynsko Uwe Kranz a Marianne Grimmenstein z ob\u010dansk\u00e9 iniciativy Common Good Lobby&#8230;<\/p>\n","protected":false},"author":2,"featured_media":41802,"comment_status":"closed","ping_status":"closed","sticky":false,"template":"","format":"standard","meta":[],"categories":[7],"tags":[4625,324,923],"_links":{"self":[{"href":"https:\/\/www.infokuryr.cz\/n\/wp-json\/wp\/v2\/posts\/41801"}],"collection":[{"href":"https:\/\/www.infokuryr.cz\/n\/wp-json\/wp\/v2\/posts"}],"about":[{"href":"https:\/\/www.infokuryr.cz\/n\/wp-json\/wp\/v2\/types\/post"}],"author":[{"embeddable":true,"href":"https:\/\/www.infokuryr.cz\/n\/wp-json\/wp\/v2\/users\/2"}],"replies":[{"embeddable":true,"href":"https:\/\/www.infokuryr.cz\/n\/wp-json\/wp\/v2\/comments?post=41801"}],"version-history":[{"count":1,"href":"https:\/\/www.infokuryr.cz\/n\/wp-json\/wp\/v2\/posts\/41801\/revisions"}],"predecessor-version":[{"id":41803,"href":"https:\/\/www.infokuryr.cz\/n\/wp-json\/wp\/v2\/posts\/41801\/revisions\/41803"}],"wp:featuredmedia":[{"embeddable":true,"href":"https:\/\/www.infokuryr.cz\/n\/wp-json\/wp\/v2\/media\/41802"}],"wp:attachment":[{"href":"https:\/\/www.infokuryr.cz\/n\/wp-json\/wp\/v2\/media?parent=41801"}],"wp:term":[{"taxonomy":"category","embeddable":true,"href":"https:\/\/www.infokuryr.cz\/n\/wp-json\/wp\/v2\/categories?post=41801"},{"taxonomy":"post_tag","embeddable":true,"href":"https:\/\/www.infokuryr.cz\/n\/wp-json\/wp\/v2\/tags?post=41801"}],"curies":[{"name":"wp","href":"https:\/\/api.w.org\/{rel}","templated":true}]}}