{"id":41787,"date":"2023-12-06T00:31:16","date_gmt":"2023-12-05T23:31:16","guid":{"rendered":"http:\/\/www.infokuryr.cz\/n\/?p=41787"},"modified":"2023-12-05T14:41:05","modified_gmt":"2023-12-05T13:41:05","slug":"generalni-tajemnik-osn-vyzval-izraelskou-armadu-aby-se-vyhnula-eskalaci-akci-v-pasmu-gazy","status":"publish","type":"post","link":"https:\/\/www.infokuryr.cz\/n\/2023\/12\/06\/generalni-tajemnik-osn-vyzval-izraelskou-armadu-aby-se-vyhnula-eskalaci-akci-v-pasmu-gazy\/","title":{"rendered":"Gener\u00e1ln\u00ed tajemn\u00edk OSN vyzval izraelskou arm\u00e1du, aby se vyhnula eskalaci akc\u00ed v P\u00e1smu Gazy"},"content":{"rendered":"<div id=\"fb-root\"><\/div>\n<p data-spm-anchor-id=\"0.0.0.i3\">Gener\u00e1ln\u00ed tajemn\u00edk Organizace spojen\u00fdch n\u00e1rod\u016f (OSN) Ant\u00f3nio Guterres vydal 4. prosince m\u00edstn\u00edho \u010dasu prost\u0159ednictv\u00edm sv\u00e9ho mluv\u010d\u00edho prohl\u00e1\u0161en\u00ed k aktu\u00e1ln\u00ed situaci v P\u00e1smu Gazy, ve kter\u00e9m vyzval v\u0161echny strany, aby respektovaly sv\u00e9 povinnosti vypl\u00fdvaj\u00edc\u00ed z mezin\u00e1rodn\u00edho humanit\u00e1rn\u00edho z\u00e1kona.<\/p>\n<p>Ant\u00f3nio Guterres uvedl, \u017ee OSN nad\u00e1le vyz\u00fdv\u00e1 izraelskou arm\u00e1du, aby se zdr\u017eela dal\u0161\u00edch akc\u00ed, kter\u00e9 by zhor\u0161ily ji\u017e tak katastrof\u00e1ln\u00ed humanit\u00e1rn\u00ed situaci v P\u00e1smu Gazy, a zabr\u00e1nila dal\u0161\u00edmu utrpen\u00ed civilist\u016f. Dodal, \u017ee civilist\u00e9 a civiln\u00ed infrastruktura, v\u010detn\u011b zdravotnick\u00fdch pracovn\u00edk\u016f, novin\u00e1\u0159\u016f a zam\u011bstnanc\u016f OSN, mus\u00ed b\u00fdt v ka\u017ed\u00e9m p\u0159\u00edpad\u011b chr\u00e1n\u011bni.<\/p>\n<p>Prohl\u00e1\u0161en\u00ed zopakovalo pot\u0159ebu neomezen\u00e9ho a trval\u00e9ho humanit\u00e1rn\u00edho p\u0159\u00edstupu do P\u00e1sma Gazy, aby byly uspokojeny pot\u0159eby lid\u00ed v t\u00e9to oblasti.<\/p>\n<p data-spm-anchor-id=\"0.0.0.i2\">Ant\u00f3nio Guterres znovu vyzval k trval\u00e9mu humanit\u00e1rn\u00edmu p\u0159\u00edm\u011b\u0159\u00ed v P\u00e1smu Gazy a k okam\u017eit\u00e9mu a bezpodm\u00edne\u010dn\u00e9mu propu\u0161t\u011bn\u00ed v\u0161ech zadr\u017een\u00fdch.<\/p>\n<p data-spm-anchor-id=\"0.0.0.i2\"><img decoding=\"async\" loading=\"lazy\" class=\"alignnone size-full wp-image-1185\" src=\"http:\/\/www.infokuryr.cz\/n\/wp-content\/uploads\/2021\/04\/kuryr-podpis.png\" alt=\"\" width=\"84\" height=\"24\" \/><\/p>\n<p data-spm-anchor-id=\"0.0.0.i2\">\n<p data-spm-anchor-id=\"0.0.0.i2\"><a href=\"https:\/\/stranapro.cz\/\"><img decoding=\"async\" loading=\"lazy\" class=\"wp-image-40286 aligncenter\" src=\"http:\/\/www.infokuryr.cz\/n\/wp-content\/uploads\/2023\/11\/12pro-300x87.png\" alt=\"\" width=\"962\" height=\"279\" srcset=\"https:\/\/www.infokuryr.cz\/n\/wp-content\/uploads\/2023\/11\/12pro-300x87.png 300w, https:\/\/www.infokuryr.cz\/n\/wp-content\/uploads\/2023\/11\/12pro.png 366w\" sizes=\"(max-width: 962px) 100vw, 962px\" \/><\/a><\/p>\n<p data-spm-anchor-id=\"0.0.0.i2\">\n<p data-spm-anchor-id=\"0.0.0.i2\">\n<p data-spm-anchor-id=\"0.0.0.i2\">\n","protected":false},"excerpt":{"rendered":"<p>Gener\u00e1ln\u00ed tajemn\u00edk Organizace spojen\u00fdch n\u00e1rod\u016f (OSN) Ant\u00f3nio Guterres vydal 4. prosince m\u00edstn\u00edho \u010dasu prost\u0159ednictv\u00edm sv\u00e9ho&#8230;<\/p>\n","protected":false},"author":2,"featured_media":41788,"comment_status":"closed","ping_status":"closed","sticky":false,"template":"","format":"standard","meta":[],"categories":[7],"tags":[1232,107,186,538],"_links":{"self":[{"href":"https:\/\/www.infokuryr.cz\/n\/wp-json\/wp\/v2\/posts\/41787"}],"collection":[{"href":"https:\/\/www.infokuryr.cz\/n\/wp-json\/wp\/v2\/posts"}],"about":[{"href":"https:\/\/www.infokuryr.cz\/n\/wp-json\/wp\/v2\/types\/post"}],"author":[{"embeddable":true,"href":"https:\/\/www.infokuryr.cz\/n\/wp-json\/wp\/v2\/users\/2"}],"replies":[{"embeddable":true,"href":"https:\/\/www.infokuryr.cz\/n\/wp-json\/wp\/v2\/comments?post=41787"}],"version-history":[{"count":1,"href":"https:\/\/www.infokuryr.cz\/n\/wp-json\/wp\/v2\/posts\/41787\/revisions"}],"predecessor-version":[{"id":41789,"href":"https:\/\/www.infokuryr.cz\/n\/wp-json\/wp\/v2\/posts\/41787\/revisions\/41789"}],"wp:featuredmedia":[{"embeddable":true,"href":"https:\/\/www.infokuryr.cz\/n\/wp-json\/wp\/v2\/media\/41788"}],"wp:attachment":[{"href":"https:\/\/www.infokuryr.cz\/n\/wp-json\/wp\/v2\/media?parent=41787"}],"wp:term":[{"taxonomy":"category","embeddable":true,"href":"https:\/\/www.infokuryr.cz\/n\/wp-json\/wp\/v2\/categories?post=41787"},{"taxonomy":"post_tag","embeddable":true,"href":"https:\/\/www.infokuryr.cz\/n\/wp-json\/wp\/v2\/tags?post=41787"}],"curies":[{"name":"wp","href":"https:\/\/api.w.org\/{rel}","templated":true}]}}