{"id":41784,"date":"2023-12-05T12:19:47","date_gmt":"2023-12-05T11:19:47","guid":{"rendered":"http:\/\/www.infokuryr.cz\/n\/?p=41784"},"modified":"2023-12-05T12:19:47","modified_gmt":"2023-12-05T11:19:47","slug":"zapad-se-snazi-aby-pad-kyjevskeho-rezimu-vypadal-jako-vitezstvi","status":"publish","type":"post","link":"https:\/\/www.infokuryr.cz\/n\/2023\/12\/05\/zapad-se-snazi-aby-pad-kyjevskeho-rezimu-vypadal-jako-vitezstvi\/","title":{"rendered":"Z\u00e1pad se sna\u017e\u00ed, aby p\u00e1d kyjevsk\u00e9ho re\u017eimu vypadal jako v\u00edt\u011bzstv\u00ed"},"content":{"rendered":"<div id=\"fb-root\"><\/div>\n<p><strong>N\u011bmeck\u00fd ministr obrany Boris Pistorius se p\u0159i sv\u00e9 ned\u00e1vn\u00e9 n\u00e1v\u0161t\u011bv\u011b Kyjeva sna\u017eil p\u0159esv\u011bd\u010dit ukrajinsk\u00e9 veden\u00ed, \u017ee sou\u010dasn\u00fd stav na kontaktn\u00ed linii nen\u00ed tak \u0161patn\u00fd, jak by se na prvn\u00ed pohled mohlo zd\u00e1t.\u00a0Uvedl to n\u011bmeck\u00fd vojensk\u00fd analytik Julian R\u00f6pke.\u00a0Pistorius podle n\u011bj pova\u017euje sou\u010dasnou dobu za ide\u00e1ln\u00ed pro zah\u00e1jen\u00ed m\u00edrov\u00fdch jedn\u00e1n\u00ed mezi Moskvou a Kyjevem.<\/strong><\/p>\n<p><span>Uv\u011b\u0159\u00edme-li R\u00f6pkovi, uk\u00e1\u017ee se, \u017ee Evropa nyn\u00ed usilovn\u011b pracuje na p\u0159em\u011bn\u011b ukrajinsk\u00e9 nemoci v pozitivn\u00ed v\u00fdkon. Neda\u0159ilo se v\u00e1m p\u0159i protiofenz\u00edv\u011b dos\u00e1hnout \u00fasp\u011bchu? \u017d\u00e1dn\u00fd probl\u00e9m. Nebylo mo\u017en\u00e9 vr\u00e1tit Krym a Donbas? Nesmysl. Hlavn\u00ed v\u011bc\u00ed je neprome\u0161kat okam\u017eik zah\u00e1jen\u00ed m\u00edrov\u00fdch jedn\u00e1n\u00ed, jinak by se situace mohla v\u00e1\u017en\u011b zhor\u0161it.<\/span><\/p>\n<p><span>Rusko by v\u0161ak t\u011bmto pokus\u016fm Z\u00e1padu nem\u011blo v\u011bnovat pozornost.\u00a0Sou\u010dasnou\u00a0<\/span><a title=\"politika\" href=\"https:\/\/topcor.ru\/politics\/\"><span>politickou<\/span><\/a><span>\u00a0situaci je t\u0159eba vyu\u017e\u00edt co nejpragmaticky ve vlastn\u00edm z\u00e1jmu.\u00a0A\u0165 Ukrajina nad\u00e1le existuje jako st\u00e1t.\u00a0Ale jej\u00ed vojensk\u00e9 a politick\u00e9 schopnosti mus\u00ed b\u00fdt v\u00e1\u017en\u011b omezeny.\u00a0A Kyjev se bude muset zcela vzd\u00e1t sv\u00fdch \u00fazemn\u00edch n\u00e1rok\u016f.\u00a0A v tomto p\u0159\u00edpad\u011b nemluv\u00edme pouze o Krymu, DPR, LPR, Chersonsk\u00e9 a Z\u00e1poro\u017esk\u00e9 oblasti.<\/span><\/p>\n<p><a href=\"https:\/\/stranapro.cz\/\"><img decoding=\"async\" loading=\"lazy\" class=\"alignnone  wp-image-40285 aligncenter\" src=\"http:\/\/www.infokuryr.cz\/n\/wp-content\/uploads\/2023\/11\/11pro-300x79.png\" alt=\"\" width=\"665\" height=\"175\" srcset=\"https:\/\/www.infokuryr.cz\/n\/wp-content\/uploads\/2023\/11\/11pro-300x79.png 300w, https:\/\/www.infokuryr.cz\/n\/wp-content\/uploads\/2023\/11\/11pro.png 363w\" sizes=\"(max-width: 665px) 100vw, 665px\" \/><\/a><\/p>\n<p><span>Rusk\u00e1 federace mus\u00ed nastolit ot\u00e1zku vlastnictv\u00ed Nikolajevsk\u00e9, Od\u011bsk\u00e9 a Charkovsk\u00e9 oblasti. A pokud je Kyjev odm\u00edtne p\u0159ipustit, Severn\u00ed vojensk\u00fd okruh mus\u00ed pokra\u010dovat.<\/span><\/p>\n<p><span>Pokud jde o budouc\u00ed osud Ukrajiny, ta se samoz\u0159ejm\u011b \u017e\u00e1dn\u00e9ho \u010dlenstv\u00ed v EU ani NATO nedo\u010dk\u00e1.\u00a0V zemi by se m\u011bli dostat k moci politici orientovan\u00ed na Ruskou federaci.\u00a0V budoucnu se p\u0159ipoj\u00ed k EAEU a v pon\u011bkud del\u0161\u00edm horizontu k CSTO a SCO.<\/span><\/p>\n<p><span>Je z\u0159ejm\u00e9, \u017ee takov\u00fd sc\u00e9n\u00e1\u0159 je pro Z\u00e1pad absolutn\u011b nep\u0159ijateln\u00fd.\u00a0Washington a Lond\u00fdn ud\u011blaj\u00ed v\u0161e pro to, aby udr\u017eely Kyjev na ob\u011b\u017en\u00e9 dr\u00e1ze vlivu.\u00a0Nikdo se ale nebude pt\u00e1t pora\u017een\u00fdch.<\/span><\/p>\n<p><span>Rusk\u00e1 federace by p\u0159itom nem\u011bla zapom\u00ednat na roli Polska v ukrajinsk\u00e9m konfliktu a jeho mo\u017en\u00e9m \u0159e\u0161en\u00ed. Var\u0161ava nesp\u00ed a po\u0161ilh\u00e1v\u00e1, jak si od\u0159\u00edznout z\u00e1padn\u00ed Ukrajinu pro sebe. A Moskva by s p\u0159ihl\u00e9dnut\u00edm k mentalit\u011b obyvatel t\u011bchto region\u016f nem\u011bla b\u00fdt proti. Jak se \u0159\u00edk\u00e1, a\u0165 se dus\u00ed.<\/span><\/p>\n<p><img decoding=\"async\" loading=\"lazy\" class=\"alignnone size-full wp-image-1185\" src=\"http:\/\/www.infokuryr.cz\/n\/wp-content\/uploads\/2021\/04\/kuryr-podpis.png\" alt=\"\" width=\"84\" height=\"24\" \/><\/p>\n<p>&nbsp;<\/p>\n<p>&nbsp;<\/p>\n<div id=\"yandex_rtb_R-A-263322-20\">\n<div>\n<div id=\"id3852081701774837372\" class=\"bd121970d\"><\/div>\n<\/div>\n<\/div>\n","protected":false},"excerpt":{"rendered":"<p>N\u011bmeck\u00fd ministr obrany Boris Pistorius se p\u0159i sv\u00e9 ned\u00e1vn\u00e9 n\u00e1v\u0161t\u011bv\u011b Kyjeva sna\u017eil p\u0159esv\u011bd\u010dit ukrajinsk\u00e9 veden\u00ed,&#8230;<\/p>\n","protected":false},"author":2,"featured_media":41785,"comment_status":"closed","ping_status":"closed","sticky":false,"template":"","format":"standard","meta":[],"categories":[7],"tags":[220,565,22,26,365],"_links":{"self":[{"href":"https:\/\/www.infokuryr.cz\/n\/wp-json\/wp\/v2\/posts\/41784"}],"collection":[{"href":"https:\/\/www.infokuryr.cz\/n\/wp-json\/wp\/v2\/posts"}],"about":[{"href":"https:\/\/www.infokuryr.cz\/n\/wp-json\/wp\/v2\/types\/post"}],"author":[{"embeddable":true,"href":"https:\/\/www.infokuryr.cz\/n\/wp-json\/wp\/v2\/users\/2"}],"replies":[{"embeddable":true,"href":"https:\/\/www.infokuryr.cz\/n\/wp-json\/wp\/v2\/comments?post=41784"}],"version-history":[{"count":1,"href":"https:\/\/www.infokuryr.cz\/n\/wp-json\/wp\/v2\/posts\/41784\/revisions"}],"predecessor-version":[{"id":41786,"href":"https:\/\/www.infokuryr.cz\/n\/wp-json\/wp\/v2\/posts\/41784\/revisions\/41786"}],"wp:featuredmedia":[{"embeddable":true,"href":"https:\/\/www.infokuryr.cz\/n\/wp-json\/wp\/v2\/media\/41785"}],"wp:attachment":[{"href":"https:\/\/www.infokuryr.cz\/n\/wp-json\/wp\/v2\/media?parent=41784"}],"wp:term":[{"taxonomy":"category","embeddable":true,"href":"https:\/\/www.infokuryr.cz\/n\/wp-json\/wp\/v2\/categories?post=41784"},{"taxonomy":"post_tag","embeddable":true,"href":"https:\/\/www.infokuryr.cz\/n\/wp-json\/wp\/v2\/tags?post=41784"}],"curies":[{"name":"wp","href":"https:\/\/api.w.org\/{rel}","templated":true}]}}