{"id":41724,"date":"2023-12-05T00:33:29","date_gmt":"2023-12-04T23:33:29","guid":{"rendered":"http:\/\/www.infokuryr.cz\/n\/?p=41724"},"modified":"2023-12-04T17:23:15","modified_gmt":"2023-12-04T16:23:15","slug":"petr-hannig-niger-otevrel-hranice-a-pres-saharu-se-na-evropu-vali-tsunami","status":"publish","type":"post","link":"https:\/\/www.infokuryr.cz\/n\/2023\/12\/05\/petr-hannig-niger-otevrel-hranice-a-pres-saharu-se-na-evropu-vali-tsunami\/","title":{"rendered":"Petr Hannig: Niger otev\u0159el hranice a p\u0159es Saharu se na Evropu val\u00ed tsunami"},"content":{"rendered":"<div id=\"fb-root\"><\/div>\n<p><strong>Evropsk\u00e1 unie se zab\u00fdv\u00e1 naprost\u00fdmi nesmysly, jako z\u00e1kazem chovu dom\u00e1c\u00edch mazl\u00ed\u010dk\u016f, k\u0159e\u010dk\u016f apod., \u0159e\u0161\u00ed jak je\u0161t\u011b v\u00edce omezit samostatnost jednotliv\u00fdch \u010dlensk\u00fdch st\u00e1t\u016f zru\u0161en\u00edm jejich pr\u00e1va veta a v\u016fbec nejev\u00ed opravdovou snahu zamezit p\u0159\u00edlivu t\u011bchto migrant\u016f, kte\u0159\u00ed p\u0159es zimu poputuj\u00ed pou\u0161t\u00ed a v\u00a0dob\u011b, kdy St\u0159edozemn\u00ed mo\u0159e bude klidn\u00e9, lod\u011b neziskovek je budou p\u0159ev\u00e1\u017eet do It\u00e1lie. Tou se potom budou p\u0159esouvat d\u00e1le na sever.<\/strong><\/p>\n<p>Zat\u00edm se n\u00e1m zd\u00e1, \u017ee se n\u00e1s to tolik net\u00fdk\u00e1, ale zru\u0161en\u00edm pr\u00e1va veta u\u017e nebudeme m\u00edt jakoukoliv mo\u017enost jejich pobytu u n\u00e1s zamezit.<\/p>\n<p>U\u017e jsem o tom psal mnohokr\u00e1t. Kdy\u017e p\u0159epln\u00edte lo\u010f n\u00e1kladem, kter\u00fd neodpov\u00edd\u00e1 jej\u00ed kapacit\u011b, lo\u010f se potop\u00ed. Evropa u\u017e nebude schopna u\u017eivit a ubytovat v\u0161echny ty, v\u011bt\u0161inou mu\u017ee, kte\u0159\u00ed se budou chovat agresivn\u011b, proto\u017ee nebudou m\u00edt pr\u00e1ci, nebudou m\u00edt \u017eeny a budou si je obstar\u00e1vat brut\u00e1ln\u00edm zp\u016fsobem, jak se dozv\u00edd\u00e1me ze sou\u017eit\u00ed dom\u00e1c\u00edho obyvatelstva s\u00a0migranty t\u0159eba v\u00a0N\u011bmecku a dal\u0161\u00edch zem\u00edch, kter\u00e9 jsou k\u00a0jejich \u0161kod\u011b u\u017e daleko p\u0159ed n\u00e1mi se zku\u0161enost\u00ed s\u00a0migranty zvl\u00e1\u0161t\u011b ze severn\u00ed Afriky a dal\u0161\u00edch teritori\u00ed, kde je hlavn\u00edm n\u00e1bo\u017eenstv\u00edm isl\u00e1m. N\u011bmecko bylo r\u00e1jem na zemi, co se t\u00fdk\u00e1 baz\u00e9n\u016f jak kryt\u00fdch, tak venkovn\u00edch. Pro dom\u00e1c\u00ed obyvatelstvo je rekreace v\u00a0t\u011bchto d\u0159\u00edve relaxa\u010dn\u00edch za\u0159\u00edzen\u00edch u\u017e skoro nemo\u017en\u00e1 vzhledem k\u00a0incident\u016fm, kter\u00e9 se tam ob\u010das d\u011bj\u00ed. Osah\u00e1v\u00e1n\u00ed d\u00edvek pod vodou a dal\u0161\u00ed v\u011bci, jako nap\u0159. poty\u010dky mezi jednotliv\u00fdmi skupinami migrant\u016f, jak jsme mohli \u010d\u00edst v\u00a0na\u0161ich m\u00e9di\u00edch v\u00a0l\u00e9t\u011b.<\/p>\n<p>Mus\u00edm \u0159\u00edct, \u017ee jsme m\u011bli to \u0161t\u011bst\u00ed, \u017ee jsme byli d\u00edky minul\u00e9mu re\u017eimu t\u011bchto z\u00e1le\u017eitost\u00ed zat\u00edm u\u0161et\u0159eni. Proto je na\u0161e zem\u011b na p\u0159edn\u00edch m\u00edstech, co se bezpe\u010dnosti t\u00fdk\u00e1. Ale zru\u0161en\u00edm pr\u00e1va veta a podeps\u00e1n\u00edm migra\u010dn\u00edho paktu ministrem vnitra, tato idyla u\u017e brzy bude u konce, pokud se n\u00e1m nepoda\u0159\u00ed vystoupit z\u00a0EU. Dal\u0161\u00ed mo\u017enost\u00ed je, aby lid\u00e9 p\u0159i\u0161li k\u00a0volb\u00e1m do Europarlamentu a z\u00e1sadn\u011b nevolili takov\u00e9 strany, kter\u00e9 migraci podporuj\u00ed.<\/p>\n<p><a href=\"https:\/\/stranapro.cz\/\"><img decoding=\"async\" loading=\"lazy\" class=\"alignnone  wp-image-40285 aligncenter\" src=\"http:\/\/www.infokuryr.cz\/n\/wp-content\/uploads\/2023\/11\/11pro-300x79.png\" alt=\"\" width=\"566\" height=\"149\" srcset=\"https:\/\/www.infokuryr.cz\/n\/wp-content\/uploads\/2023\/11\/11pro-300x79.png 300w, https:\/\/www.infokuryr.cz\/n\/wp-content\/uploads\/2023\/11\/11pro.png 363w\" sizes=\"(max-width: 566px) 100vw, 566px\" \/><\/a><\/p>\n<p>Pokud se poda\u0159\u00ed lidi vzburcovat, aby v\u011bnovali pozornost t\u011bmto volb\u00e1m, tak ruku v ruce s rozumn\u00fdmi stranami v EU by se mohlo doc\u00edlit toho, \u017ee se situace s obrovskou vlnou migrace, kter\u00e1 se na n\u00e1s val\u00ed, bude klasifikovat jako v\u00e1le\u010dn\u00fd stav. Zru\u0161\u00ed se v\u0161echny mezin\u00e1rodn\u00ed \u00famluvy a n\u011bkter\u00e9 z\u00e1kony v jednotliv\u00fdch st\u00e1tech unie, kter\u00e9 zamezuj\u00ed ak\u010dn\u00edmu \u0159e\u0161en\u00ed t\u00e9to problematiky.<\/p>\n<p>St\u00e1ty a pob\u0159e\u017en\u00ed hl\u00eddky budou pak moci skute\u010dn\u011b razantn\u011b zamezovat p\u0159ist\u00e1n\u00ed t\u011bchto lod\u00ed s\u00a0migranty na p\u016fd\u011b EU a pr\u00e1zdn\u00e1 plavidla neziskovek pot\u00e1p\u011bt, aby nemohla d\u00e1le konat tuto nep\u0159\u00e1telskou \u010dinnost v\u016f\u010di napaden\u00e9 Evrop\u011b. To se d\u00e1 skute\u010dn\u011b p\u0159irovnat k\u00a0v\u00e1le\u010dn\u00e9mu napaden\u00ed, proto\u017ee v\u00fdsledky takov\u00e9ho mamut\u00edho vp\u00e1du se mohou rovnat tot\u00e1ln\u00edmu zni\u010den\u00ed nejenom ekonomiky, ale v\u0161ech soci\u00e1ln\u00edch a zdravotn\u00edch syst\u00e9m\u016f jednotliv\u00fdch zem\u00ed, o bezpe\u010dnosti obyvatelstva ani nemluv\u011b.<\/p>\n<p>Evropsk\u00e1 komise si v\u016fbec neuv\u011bdomuje, co se chyst\u00e1 od jara p\u0159\u00ed\u0161t\u00edho roku, nebo si to a\u017e p\u0159\u00edli\u0161 dob\u0159e uv\u011bdomuje a chov\u00e1 se podle vzoru po n\u00e1s potopa. Na \u00bbblbosti\u00ab typu z\u00e1kazu chovu k\u0159e\u010dk\u016f \u010das a kur\u00e1\u017e ov\u0161em m\u00e1.<\/p>\n<p>Kdy\u017e jsme vym\u00fd\u0161leli n\u00e1zev pro na\u0161i Alianci, inspirovali jsme se \u00fasp\u011bchem strany UKIP United Kingdom Independent Party, (Strana nez\u00e1vislosti Spojen\u00e9ho kr\u00e1lovstv\u00ed), kter\u00e9 se poda\u0159il z\u00e1zrak jm\u00e9nem Brexit.<\/p>\n<p><strong>Petr Hannig, p\u0159edseda politick\u00e9 strany Rozumn\u00ed, \u010dlena Aliance za nez\u00e1vislost \u010cR<\/strong><\/p>\n<p>&nbsp;<\/p>\n","protected":false},"excerpt":{"rendered":"<p>Evropsk\u00e1 unie se zab\u00fdv\u00e1 naprost\u00fdmi nesmysly, jako z\u00e1kazem chovu dom\u00e1c\u00edch mazl\u00ed\u010dk\u016f, k\u0159e\u010dk\u016f apod., \u0159e\u0161\u00ed jak&#8230;<\/p>\n","protected":false},"author":2,"featured_media":33742,"comment_status":"closed","ping_status":"closed","sticky":false,"template":"","format":"standard","meta":[],"categories":[6],"tags":[41,119,29,5557],"_links":{"self":[{"href":"https:\/\/www.infokuryr.cz\/n\/wp-json\/wp\/v2\/posts\/41724"}],"collection":[{"href":"https:\/\/www.infokuryr.cz\/n\/wp-json\/wp\/v2\/posts"}],"about":[{"href":"https:\/\/www.infokuryr.cz\/n\/wp-json\/wp\/v2\/types\/post"}],"author":[{"embeddable":true,"href":"https:\/\/www.infokuryr.cz\/n\/wp-json\/wp\/v2\/users\/2"}],"replies":[{"embeddable":true,"href":"https:\/\/www.infokuryr.cz\/n\/wp-json\/wp\/v2\/comments?post=41724"}],"version-history":[{"count":0,"href":"https:\/\/www.infokuryr.cz\/n\/wp-json\/wp\/v2\/posts\/41724\/revisions"}],"wp:featuredmedia":[{"embeddable":true,"href":"https:\/\/www.infokuryr.cz\/n\/wp-json\/wp\/v2\/media\/33742"}],"wp:attachment":[{"href":"https:\/\/www.infokuryr.cz\/n\/wp-json\/wp\/v2\/media?parent=41724"}],"wp:term":[{"taxonomy":"category","embeddable":true,"href":"https:\/\/www.infokuryr.cz\/n\/wp-json\/wp\/v2\/categories?post=41724"},{"taxonomy":"post_tag","embeddable":true,"href":"https:\/\/www.infokuryr.cz\/n\/wp-json\/wp\/v2\/tags?post=41724"}],"curies":[{"name":"wp","href":"https:\/\/api.w.org\/{rel}","templated":true}]}}