{"id":41653,"date":"2023-12-04T00:37:26","date_gmt":"2023-12-03T23:37:26","guid":{"rendered":"http:\/\/www.infokuryr.cz\/n\/?p=41653"},"modified":"2023-12-03T16:46:37","modified_gmt":"2023-12-03T15:46:37","slug":"miroslav-petr-uz-je-to-tady-jak-vlada-splaci-dluh","status":"publish","type":"post","link":"https:\/\/www.infokuryr.cz\/n\/2023\/12\/04\/miroslav-petr-uz-je-to-tady-jak-vlada-splaci-dluh\/","title":{"rendered":"Miroslav Petr: U\u017e je to tady! Jak vl\u00e1da spl\u00e1c\u00ed dluh"},"content":{"rendered":"<div id=\"fb-root\"><\/div>\n<p><em>P\u0159ed \u010dasem sem psal, \u017ee n\u00e1\u0161 ministr zem\u011bd\u011blstv\u00ed financoval v\u00fdzkum jak za\u010dlenit hmyz do potravin. Na Youtube je upozorn\u011bn\u00ed: &#8222;Sd\u00edlejte, ne\u017e to sma\u017eou!&#8220;, kde zn\u00e1m\u00fd novin\u00e1\u0159 Zuna zve\u0159ejnuje v\u011bdeck\u00fd v\u00fdzkum t\u011bchto potravin.<\/p>\n<p>ZAT\u00cdM \/!!\/ bylo zji\u0161t\u011bno, \u017ee v\u0161echny potraviny jsou v norm\u011b a tud\u00ed\u017e ne\u0161kodliv\u00e9. Ale Agenda 2030 se pln\u00ed sal\u00e1movkou, kter\u00e1 p\u016fsob\u00ed na v\u0161echny stoprocentn\u011b. Chemtrails tu nen\u00ed pro legraci! \u010casem budou potraviny obsahovat v\u00edce hmyzu. Soudru\u017eka Dr\u00e1bov\u00e1 je odbornice na atomovky \/ale ne na potraviny\/ tvrd\u00ed, \u017ee potravinov\u00e1 inspekce by nepustila do obchod\u016f nic \u0161kodliv\u00e9ho.<\/p>\n<p>A co ukrajinsk\u00e9 obil\u00ed, kter\u00e9 odeb\u00edr\u00e1 jen \u010cR a nikdo jin\u00fd? Tak\u017ee pozorn\u011b sledujte obaly s \u017eabi\u010dkou v z\u00e1jmu sv\u00e9ho zdrav\u00ed a \u017eivota.\u00a0<\/em><\/p>\n<p>Star\u00e1 Peka\u0159ka \u0159ekla: Rusko vyhraje jen v p\u0159\u00edpad\u011b, \u017ee mu to dovol\u00edme. Jestli\u017ee podle n\u00ed jde o dikt\u00e1tora, tak odkdy se krut\u00fd dikt\u00e1tor pt\u00e1, jestli m\u016f\u017ee skon\u010dit v\u00e1lku? Stejn\u00fd &#8222;hrdina&#8220; je ho\u0161\u00e1nek Lip\u00e1nek, kter\u00fd demonstrativn\u011b uk\u00e1zal Lavrovovi ukazov\u00e1k a state\u010dn\u011b ode\u0161el, zat\u00edmco v\u0161ichni \/!\/ diplomat\u00e9 v EU schv\u00e1lili v\u0161echny rusk\u00e9 n\u00e1pady. P\u0159ipomn\u011bl mi \u010divavu, kter\u00e1 \u0161t\u011bkala na vl\u010d\u00e1ka, kter\u00fd byl za plotem.<\/p>\n<p>Velmi dob\u0159e placen\u00e1 udava\u010dka Mazancov\u00e1 je du\u0161evn\u011b nemocn\u00e1, proto\u017ee na demonstraci &#8222;sly\u0161ela&#8220; Vidl\u00e1ka propagovat Rusko. Ve skute\u010dnosti mluvil jen o probl\u00e9mech v zem\u011bd\u011blstv\u00ed a o probl\u00e9mech oby\u010dejn\u00fdch lid\u00ed. Bo\u017ee, ty to vid\u00ed\u0161&#8230;.Tato soudru\u017eka se dopustila n\u011bkolika trestn\u00fdch \u010din\u016f- l\u017eiv\u00e1 pomluva a nab\u00e1d\u00e1n\u00ed k nen\u00e1visti a mo\u017en\u00e1 i poru\u0161ov\u00e1n\u00ed ochrany svobody. Pro\u010d pr\u00e1vn\u00edci ml\u010d\u00ed?<\/p>\n<p>Agent P\u00e1vek chce d\u00e1t Ukrajin\u011b v\u0161e, co pot\u0159ebuje. V\u011bt\u0161\u00edho an\u00e1listy ve sv\u011bt\u011b nenajdete.<\/p>\n<p>Star\u00e1 \u010cerno\u0161ka m\u00e1 slovensk\u00e9ho poradce, kter\u00fd chce Ukrajin\u011b darovat posledn\u00ed zbran\u011b a vojenskou techniku, kterou je\u0161t\u011b m\u00e1me. Slov\u00e1ci jsou r\u00e1di, \u017ee se ho zbavili a n\u00e1s lituj\u00ed.<\/p>\n<p>Fial\u016fv poradce se boj\u00ed, \u017ee a\u017e se Rusov\u00e9 p\u0159ibl\u00ed\u017e\u00ed ke slovensk\u00fdm hranic\u00edm, tak je anektuj\u00ed. Nev\u011bd\u011bl jsem, \u017ee na Slovensku je fa\u0161ismus, \u017ee je tam korupce, cenzura a masakrov\u00e1n\u00ed jin\u00fdch lid\u00ed, ne\u017e jsou Slov\u00e1ci a \u017ee tito p\u0159ist\u011bhovali nesm\u00ed mluvit sv\u00fdm rodn\u00fdm jazykem.<\/p>\n<p>&nbsp;<\/p>\n<div class='videoWrapper'>\r\n\t            <iframe src='https:\/\/rumble.com\/embed\/pj.v3wmug1\/' frameborder='0' allowfullscreen><\/iframe>\r\n\t        <\/div>\n<p>&nbsp;<\/p>\n<p>\u0160est spole\u010dnost\u00ed, nav\u00e1zan\u00fdch na bratra ministra, Luk\u00e1\u0161e Jure\u010dky, dostalo celkem 285 dotac\u00ed ve v\u00fd\u0161i t\u00e9m\u011b\u0159 t\u0159i sta milion\u016f.\u00a0 Primula p\u0159izn\u00e1v\u00e1, \u017ee o\u010dkovan\u00fd m\u016f\u017ee znovu nakazit sebe i druh\u00e9.. St\u00e1t sp\u00e1lil vakc\u00edny za p\u011bt miliard K\u010d. Nem\u011bl by za to n\u011bkdo sed\u011bt?<\/p>\n<p>Z Bulovky odch\u00e1z\u00ed l\u00e9ka\u0159i. Soudruhu Fialenko, kdy odvol\u00e1\u0161 V\u00e1lka kter\u00fd ohro\u017euje zdrav\u00ed a \u017eivoty cel\u00e9ho n\u00e1roda, v\u010detn\u011b mal\u00fdch d\u011bt\u00ed? \u010cek\u00e1\u0161, a\u017e p\u0159ijdou zoufal\u00ed lid\u00e9 se zbran\u011bmi?<\/p>\n<p>Vl\u00e1da chce dotovat elektromobily, ale jen pro firmy. Nejde o diskriminaci ostatn\u00edch oby\u010dejn\u00fdch lid\u00ed? Vyplat\u00ed se jen velk\u00fdm firm\u00e1m, kte\u0159\u00ed si mohou dovolit vyt\u00e1p\u011bn\u00e9 gar\u00e1\u017ee a ka\u017ed\u00fdch osm let si kupovat nov\u00e9 baterky za p\u016fl milionu. Tak proto nen\u00ed na plat \u0161koln\u00edho kucha\u0159e, kter\u00fd bere m\u011bs\u00ed\u010dn\u011b pouh\u00fdch dvan\u00e1ct tis\u00edc \u010dist\u00e9ho.<\/p>\n<p>V\u00fdcvik ukrajinsk\u00fdch voj\u00e1k\u016f letos op\u011bt zaplat\u00ed na\u0161e vl\u00e1da, ale 4x v\u00edc ne\u017e loni. Koho cht\u011bj\u00ed cvi\u010dit, kdy\u017e u\u017e na Ukrajin\u011b zb\u00fdvaj\u00ed jen velmi mlad\u00ed kluci, invalid\u00e9 a d\u016fchodci a k tomu neodvratn\u011b kon\u010d\u00ed tato &#8222;v\u00e1lka&#8220;?<\/p>\n<p>Vl\u00e1da schv\u00e1lila p\u0159es 215 miliard na rozvoj st\u00edha\u010dek. V\u00fddaje na zbrojen\u00ed jsme zv\u00fd\u0161ili o sto \/!\/ procent, soci\u00e1ln\u00ed v\u00fddaje jen o\u00a0 t\u0159i\/!\/ procenta. Takto se v rekordn\u011b vysok\u00e9 inflaci spl\u00e1c\u00ed rekordn\u00ed a nesplatiteln\u00fd megadluh?<\/p>\n<p>V Brn\u011b za j\u00edzdy vybuchla baterie v aut\u011b. \u0158idi\u010dka stihla ut\u00e9ci. Pokud by bylo v elektroaut\u011b t\u0159eba je\u0161t\u011b d\u00edt\u011b \u010di star\u0161\u00ed \u010dlov\u011bk, dopad by byl tragick\u00fd. Baterie , kter\u00e1 stoj\u00ed p\u016fl milionu, vydr\u017e\u00ed maxim\u00e1ln\u011b osm let, ale mus\u00edte m\u00edt vyt\u00e1p\u011bnou gar\u00e1\u017e. Vozidlo se m\u016f\u017ee kdykoli samo vzn\u00edtit. St\u00e1le je\u0161t\u011b tou\u017e\u00edte po tomto aut\u011b? Ide\u00e1ln\u00ed auta jsou na vod\u00edk, kter\u00fd je t\u00e9m\u011b\u0159 zdarma a je ho p\u0159ebytek, na rozd\u00edl od lithiov\u00fdch bateri\u00ed, proto\u017ee z\u00e1soby lithia nejsou nav\u011bky.<\/p>\n<p>N\u011bmeck\u00e1 rodina poskytla pokoj\u00a0muslimovi. Nev\u011bd\u011bla, \u017ee muslimov\u00e9 pova\u017euj\u00ed pohostinnost nemuslim\u016f za jejich povinnost v\u016f\u010di nad\u0159azen\u00fdm muslim\u016fm! Ti o\u010dek\u00e1vaj\u00ed \u00fapln\u00e9 pod\u0159\u00edzen\u00ed ve v\u0161em. Nen\u00ed zn\u00e1mo, s \u010d\u00edm nebyl muslim spokojen\u00fd, ale vyt\u00e1hl na rodinu n\u016f\u017e. Co na to \u0159\u00edk\u00e1 Raku\u0161an a Loupe\u017en\u00edci?<\/p>\n<p><a href=\"https:\/\/stranapro.cz\/\"><img decoding=\"async\" loading=\"lazy\" class=\" wp-image-40285 aligncenter\" src=\"http:\/\/www.infokuryr.cz\/n\/wp-content\/uploads\/2023\/11\/11pro-300x79.png\" alt=\"\" width=\"577\" height=\"152\" srcset=\"https:\/\/www.infokuryr.cz\/n\/wp-content\/uploads\/2023\/11\/11pro-300x79.png 300w, https:\/\/www.infokuryr.cz\/n\/wp-content\/uploads\/2023\/11\/11pro.png 363w\" sizes=\"(max-width: 577px) 100vw, 577px\" \/><\/a><\/p>\n<p>Na francouzsk\u00e9 soukrom\u00e9 oslav\u011b muslimov\u00e9 pobodali \u0161estn\u00e1ctilet\u00e9ho chlapce. \u0160est tis\u00edc Francouz\u016f proti tomu demonstrovalo.<\/p>\n<p>Sy\u0159an\u00e9 zml\u00e1tili dva Raku\u0161any, proto\u017ee nerespektovali jejich arabsk\u00fd p\u016fvod.<\/p>\n<p>Po bankrotu nejv\u011bt\u0161\u00ed v\u011btrn\u00e9 elektr\u00e1rny budou kon\u010dit dal\u0161\u00ed v\u00fdrobci &#8222;obnoviteln\u00e9 energie&#8220;. Bez dotac\u00ed nemohou p\u0159e\u017e\u00edt. Kon\u010d\u00ed i nejv\u011bt\u0161\u00ed spole\u010dnost na v\u00fdrobu biomasy.<\/p>\n<p>N\u011bmeck\u00e9 \u0161koly u\u010d\u00ed d\u00edvky obl\u00e9kat si hid\u017e\u00e1b.<\/p>\n<p>Plyn LNG zhor\u0161uje emise a pro planetu je mnohem hor\u0161\u00ed ne\u017e uhl\u00ed.<\/p>\n<p>V\u011bdeck\u00e1 studie ukazuje, \u017ee v\u011bt\u0161ina emis\u00ed CO2 je p\u0159irozen\u00e1. 0?04%: Zkuste u\u0159ezat z tis\u00edc milimetr\u016f \/!\/ jeden metr\/ necel\u00e9ho p\u016fl milimetru&#8230;Nepatrn\u00e1 \u010d\u00e1st globalist\u016f vypou\u0161t\u00ed tolik uhl\u00edku jako dv\u011b t\u0159etiny obyvatel na sv\u011bt\u011b.<\/p>\n<p>V\u011bdci napojeni na WEF ozn\u00e1mili vytvo\u0159en\u00ed lidsk\u00fdch embri\u00ed vyp\u011bstovan\u00fdch v laborato\u0159i bez vaj\u00ed\u010dek a spermi\u00ed. Nejsem si jist\u00fd, neohroz\u00ed-li to \u010dasem existenci lidstva na t\u00e9to planet\u011b tak jako nast\u00e1vaj\u00edc\u00ed roboti.<\/p>\n<p>Dle pr\u016fzkumu jsou v soci\u00e1ln\u00ed s\u00edti u\u017e dva miliony lid\u00ed. A to je\u0161t\u011b neza\u010dalo masov\u00e9 propou\u0161t\u011bn\u00ed, relativn\u00ed sn\u00ed\u017een\u00ed plat\u016f, a zdra\u017een\u00ed v\u0161eho kv\u016fli radik\u00e1ln\u00edmu zv\u00fd\u0161en\u00edm dan\u00ed. Kilo masa v Polsku 75 K\u010d, u n\u00e1s p\u0159es 200 K\u010d. Tak proto Fialenko rad\u00ed nakupovat u soused\u016f.<\/p>\n<p>Star\u00e1 Peka\u0159ka chce obchodovat s Azerbajd\u017e\u00e1nem, kde je diktatura, cenzura a z\u00e1kaz shroma\u017edov\u00e1n\u00ed.<\/p>\n<p>Vrcholn\u00ed fotbalist\u00e9, kte\u0159\u00ed n\u00e1s reprezentovali ve sv\u011bt\u011b, maj\u00ed mal\u00fd d\u016fchod a nov\u00ed d\u016fchodci \u010dekaj\u00ed na pen\u00edze rok.<\/p>\n<p>Dr\u017e\u00edme sv\u011btov\u00fd unik\u00e1t, kdy zam\u011bstnanci a zam\u011bstnavatel\u00e9 demonstruj\u00ed spolu za stejn\u00e9 z\u00e1jmy.<\/p>\n<p>L\u00e9ka\u0159 \u0159ekl osmdes\u00e1tilet\u00e9 pacientce, \u017ee na operaci mus\u00ed \u010dekat t\u0159i roky. Hodn\u011b l\u00e9k\u016f v l\u00e9k\u00e1rn\u00e1ch st\u00e1le chyb\u00ed. Zdravotnictv\u00ed se st\u00e1v\u00e1 nedostupn\u00e9, proto\u017ee V\u00e1lek pl\u00e1nuje platbu za vy\u0161et\u0159en\u00ed. Kde jsou ty doby, kdy jsme m\u011bli zdravotnictv\u00ed na sv\u011btov\u00e9 \u00farovni. Zlat\u00ed komunisti! Uv\u011bdomuj\u00ed si dv\u011b t\u0159etiny n\u00e1roda, hlavn\u011b mlad\u00ed, kam se \u0159\u00edt\u00edme?<\/p>\n<p><a href=\"https:\/\/www.czechfreepress.cz\/dalsi-blogy\/uz-je-to-tady-jak-vlada-splaci-dluh.html\">Miroslav Petr<\/a><\/p>\n<p>&nbsp;<\/p>\n<p>&nbsp;<\/p>\n","protected":false},"excerpt":{"rendered":"<p>P\u0159ed \u010dasem sem psal, \u017ee n\u00e1\u0161 ministr zem\u011bd\u011blstv\u00ed financoval v\u00fdzkum jak za\u010dlenit hmyz do potravin&#8230;.<\/p>\n","protected":false},"author":2,"featured_media":26707,"comment_status":"closed","ping_status":"closed","sticky":false,"template":"","format":"standard","meta":[],"categories":[6],"tags":[506,29,122,99,1996],"_links":{"self":[{"href":"https:\/\/www.infokuryr.cz\/n\/wp-json\/wp\/v2\/posts\/41653"}],"collection":[{"href":"https:\/\/www.infokuryr.cz\/n\/wp-json\/wp\/v2\/posts"}],"about":[{"href":"https:\/\/www.infokuryr.cz\/n\/wp-json\/wp\/v2\/types\/post"}],"author":[{"embeddable":true,"href":"https:\/\/www.infokuryr.cz\/n\/wp-json\/wp\/v2\/users\/2"}],"replies":[{"embeddable":true,"href":"https:\/\/www.infokuryr.cz\/n\/wp-json\/wp\/v2\/comments?post=41653"}],"version-history":[{"count":1,"href":"https:\/\/www.infokuryr.cz\/n\/wp-json\/wp\/v2\/posts\/41653\/revisions"}],"predecessor-version":[{"id":41654,"href":"https:\/\/www.infokuryr.cz\/n\/wp-json\/wp\/v2\/posts\/41653\/revisions\/41654"}],"wp:featuredmedia":[{"embeddable":true,"href":"https:\/\/www.infokuryr.cz\/n\/wp-json\/wp\/v2\/media\/26707"}],"wp:attachment":[{"href":"https:\/\/www.infokuryr.cz\/n\/wp-json\/wp\/v2\/media?parent=41653"}],"wp:term":[{"taxonomy":"category","embeddable":true,"href":"https:\/\/www.infokuryr.cz\/n\/wp-json\/wp\/v2\/categories?post=41653"},{"taxonomy":"post_tag","embeddable":true,"href":"https:\/\/www.infokuryr.cz\/n\/wp-json\/wp\/v2\/tags?post=41653"}],"curies":[{"name":"wp","href":"https:\/\/api.w.org\/{rel}","templated":true}]}}