{"id":41651,"date":"2023-12-04T00:34:25","date_gmt":"2023-12-03T23:34:25","guid":{"rendered":"http:\/\/www.infokuryr.cz\/n\/?p=41651"},"modified":"2023-12-03T16:34:27","modified_gmt":"2023-12-03T15:34:27","slug":"jindrich-kulhavy-obcas-se-lze-dozvedet-vice","status":"publish","type":"post","link":"https:\/\/www.infokuryr.cz\/n\/2023\/12\/04\/jindrich-kulhavy-obcas-se-lze-dozvedet-vice\/","title":{"rendered":"Jind\u0159ich Kulhav\u00fd: Ob\u010das se lze dozv\u011bd\u011bt v\u00edce"},"content":{"rendered":"<div id=\"fb-root\"><\/div>\n<p><span class=\"anotation\">Mainstreamov\u00e1 a proliber\u00e1ln\u00ed m\u00e9dia n\u00e1s neust\u00e1le z\u00e1sobuj\u00ed mno\u017estv\u00edm l\u017e\u00ed. Otev\u0159ete si nap\u0159\u00edklad Seznam, kter\u00fd b\u00fdval kdysi vcelku \u010dtiteln\u00fd, a v\u0161e t\u00fdkaj\u00edc\u00ed se Rusk\u00e9 federace popisuje tragickou situaci v\u00a0t\u00e9to velmoci. Rusk\u00e1 ekonomika pad\u00e1, dopl\u00e1c\u00ed na ruskou agresi v\u016f\u010di Ukrajin\u011b, Putina nikdo nem\u00e1 r\u00e1d a za v\u0161e m\u016f\u017ee, odvrac\u00ed se od n\u011bj v\u0161ichni bl\u00edzc\u00ed a v\u011brn\u00ed, v\u00e1lku prohr\u00e1v\u00e1. P\u0159itom opak je pravdou, kter\u00e1 vykukuje ze v\u0161ech stran tam, kam liber\u00e1lov\u00e9 a manipul\u00e1to\u0159i z\u00a0t\u011bchto m\u00e9di\u00ed prost\u011b nedos\u00e1hnou. Nav\u00edc se Rusov\u00e9 daleko v\u00edce spojuj\u00ed a n\u00e1rodn\u00ed hrdost z\u00a0nich \u010di\u0161\u00ed na ka\u017ed\u00e9m kroku. Rusko je v\u00a0sou\u010dasnosti mnohem kompaktn\u011bj\u0161\u00ed, jeho ekonomika roste a ut\u00e1hne i zbrojen\u00ed pot\u0159ebn\u00e9 k\u00a0zachov\u00e1n\u00ed samostatnosti, z\u00edskalo mnohem v\u00fdznamn\u011bj\u0161\u00ed postaven\u00ed, ne\u017e si novin\u00e1\u0159i a na\u0161i polici jsou schopni uv\u011bdomit. Jen v\u00fdjime\u010dn\u011b ob\u010das n\u011bkdo p\u0159ed pravd\u011bpodobn\u00fdm vyhazovem dok\u00e1\u017ee lehce nazna\u010dit realitu.\u00a0<\/span><\/p>\n<div id=\"pagetext\">\n<p>\u00a0 Aby n\u00e1s lid\u00e9 nesn\u00e1\u0161ej\u00edc\u00ed z\u00a0r\u016fzn\u00fdch d\u016fvod\u016f Rusko a nech\u00e1paj\u00edc\u00ed, \u017ee v\u00fdvoj za posledn\u00edch 30 let a turbulentn\u00ed doba z\u00a0t\u00e9to zem\u011b d\u00e1vno vytla\u010dily v\u011bt\u0161inu sov\u011btsk\u00fdch man\u00fdr\u016f, a p\u0159edev\u0161\u00edm z\u00a0velk\u00fdch m\u011bst se staly modern\u00ed sv\u011btov\u00e9 metropole, pod\u00edvejme se na jin\u00e9 sf\u00e9ry. I liber\u00e1lov\u00e9 vid\u00ed, kam se sune cel\u00e1 Evropa. P\u0159esto\u017ee n\u00e1m p\u0159edkl\u00e1daj\u00ed d\u00edl\u010d\u00ed \u00fasp\u011bchy v\u00a0postupu Green Dealu a sna\u017e\u00ed se n\u00e1s p\u0159esv\u011bd\u010dit o spr\u00e1vn\u00e9 cest\u011b, p\u0159em\u00fd\u0161lej\u00edc\u00ed \u010dlov\u011bk mus\u00ed vid\u011bt, \u017ee zat\u00edmco V\u00fdchod je\u0161t\u011b st\u00e1le \u017eije v\u00a0jist\u00e9m souladu s\u00a0p\u0159\u00edrodou a logikou, Z\u00e1pad se sna\u017e\u00ed je oh\u00fdbat. A tak i mainstream u\u017e ob\u010das p\u0159inese zpr\u00e1vy o tom, \u017ee v\u0161echno to zelen\u00e9 p\u0159em\u00fd\u0161len\u00ed je kontrapruduktivn\u00ed. P\u0159ipome\u0148me si p\u00e1r skute\u010dnost\u00ed popsan\u00fdch v\u00a0m\u00e9di\u00edch, o nich\u017e nelze tvrdit, \u017ee by byla nestrann\u00e1.<\/p>\n<ul>\n<li>\u00a0\u00a0VW je nekonkurenceschopn\u00fd a propou\u0161t\u00ed tis\u00edce zam\u011bstnanc\u016f. D\u016fvodem je s\u00e1zka na elektromobilitu, kter\u00e1 se vymkla kontrole. Z\u00e1kazn\u00edci o ni nestoj\u00ed, \u010dasto se vrac\u00ed zp\u011bt k\u00a0spalovac\u00edm motor\u016fm a investice do v\u00fdvoje elektroaut byly natolik vysok\u00e9, \u017ee koncern u\u017e nesta\u010d\u00ed konkurovat p\u0159edev\u0161\u00edm \u010d\u00ednsk\u00fdm automobilk\u00e1m. Mezit\u00edm na\u0161e pomaten\u00e1 a st\u00e1t zadlu\u017euj\u00edc\u00ed vl\u00e1da za\u010dala poskytovat slev na koupi elektromobil\u016f podnikatelsk\u00fdm subjekt\u016fm.<\/li>\n<li>\u00a0\u00a0V\u00a0progresivn\u00edm N\u011bmecku dojde k\u00a0vyhlazov\u00e1n\u00ed energetick\u00fdch \u0161pi\u010dek a nebude v\u00a0nich mo\u017en\u00e9 dob\u00edjet elektromobily, pou\u0161t\u011bt klimatizace a p\u0159ijdou dal\u0161\u00ed omezen\u00ed. D\u016fsledky idiotsk\u00e9ho rozhodnut\u00ed vypnout jadern\u00e9 elektr\u00e1rny a omezit uheln\u00e9 tak p\u0159i\u0161ly rychleji, ne\u017e kdokoliv \u010dekal. A to v\u00a0dob\u011b podpory elektromobility. T\u00edmto dost\u00e1v\u00e1me odpov\u011b\u010f na ot\u00e1zku, je li demence programovateln\u00e1?<\/li>\n<li>\u00a0\u00a0Sn\u011bhov\u00e1 kalamita pouk\u00e1zala na rizika spojen\u00e1 se spol\u00e9h\u00e1n\u00edm se na obnoviteln\u00e9 zdroje energie. Namrzl\u00e9 vrtule v\u011btrn\u00fdch elektr\u00e1ren a sn\u011bhem zakryt\u00e9 sol\u00e1rn\u00ed panely nefunguj\u00ed. Bude li se toto po\u010das\u00ed projevovat \u010dast\u011bji, budeme se bu\u010f nuceni sm\u00ed\u0159it s\u00a0absenc\u00ed dostatku elekt\u0159iny, nebo prost\u011b v\u00a0zim\u011b zmrzneme. EU se toti\u017e sna\u017e\u00ed zak\u00e1zat jak plynov\u00e9 kotle, tak i ty na tuh\u00e1 paliva a v\u0161e ostatn\u00ed, co m\u00e1 kom\u00edn. Ekologie p\u0159esto dost\u00e1v\u00e1 na frak, a to i d\u00edky prosazov\u00e1n\u00ed elektroaut zat\u011b\u017euj\u00edc\u00edch v re\u00e1lu sv\u011bt mnohem v\u00edce, ne\u017e je p\u0159ipou\u0161t\u011bno.<\/li>\n<li>\u00a0\u00a0V\u00a0Z\u00e1padn\u00ed Evrop\u011b doch\u00e1z\u00ed ke sni\u017eov\u00e1n\u00ed nejvy\u0161\u0161\u00ed povolen\u00e9 rychlosti ve m\u011bstech. V\u011bt\u0161inou na 30 km\/hod, Frankfurt se v\u0161ak utrhnul a \u0161el na 20km\/hod. Tady evidentn\u011b nejde o ekologii, ale zjevn\u011b se jedn\u00e1 o snahu zru\u0161it lidem mo\u017enost p\u0159em\u00eds\u0165ovat se vlastn\u00edmi vozidly. 15minutov\u00e1 m\u011bsta \u010di oblasti se st\u00e1vaj\u00ed realitou, proto\u017ee stihnout nap\u0159\u00edklad tr\u00e9ninky d\u011bt\u00ed v\u00a0r\u016fzn\u00fdch \u010d\u00e1stech m\u011bsta u\u017e nebude mo\u017en\u00e9. MHD nen\u00ed srovnateln\u00e1 alternativa a nikdy nebude. Tahat v\u00a0n\u00ed hromady ta\u0161ek, v\u00a0p\u0159\u00edpad\u011b obchodn\u00edk\u016f \u010di stavebn\u00edch firem i materi\u00e1lu a zbo\u017e\u00ed, je prost\u011b nemo\u017en\u00e9. Utahov\u00e1n\u00ed smy\u010dky pokra\u010duje.<\/li>\n<li>\u00a0\u00a0Vakcinace proti covidu vakcinac\u00ed nebyla a \u0161lo mo\u017en\u00e1 o ohro\u017een\u00ed zdrav\u00ed t\u011bch, kte\u0159\u00ed j\u00ed podlehli. Jde zat\u00edm o kus\u00e9 informace, kter\u00e9 jsme v\u0161ak p\u0159in\u00e1\u0161eli u\u017e p\u0159ed l\u00e9ty. Polsko odstoupilo od n\u00e1kupu t\u011bchto prepar\u00e1t\u016f, za co\u017e mu hroz\u00ed arbitr\u00e1\u017e. Kontrakty podepsan\u00e9 Leyenovou \u00fadajn\u011b nad\u00e1le plat\u00ed a jdou z\u00a0na\u0161ich kapes. Pol\u00e1ci se vzep\u0159eli.<\/li>\n<li>\u00a0\u00a0Z\u00a0dom\u00e1c\u00ed sc\u00e9ny. Fiala podpo\u0159\u00ed op\u011bt na\u0161imi pen\u011bzi pokra\u010dov\u00e1n\u00ed v\u00a0greendealov\u00fdch zm\u011bn\u00e1ch, co\u017e prohl\u00e1sil v\u00a0souvislost\u00ed s\u00a0kon\u00e1n\u00edm summitu o klimatu konan\u00e9m v\u00a0Arabsk\u00fdch emir\u00e1tech. P\u016fjde o dal\u0161\u00ed mili\u00f3ny eur vyta\u017een\u00fdch z\u00a0d\u011brav\u00e9 st\u00e1tn\u00ed pokladny. Paradoxem se stalo letadlo zamrzl\u00e9 v\u00a0N\u011bmecku na leti\u0161ti, kter\u00fdm se na m\u00edsto kon\u00e1n\u00ed akce jednaj\u00edc\u00ed o glob\u00e1ln\u00edm oteplov\u00e1n\u00ed m\u011bli dopravit dal\u0161\u00ed \u00fa\u010dastn\u00edci. To v\u0161e v\u00a0dob\u011b, kdy je Evropa pod sn\u011bhem a plocha ledovc\u016f v\u00a0Antarktid\u011b na sv\u00e9m dlouholet\u00e9m maximu.<\/li>\n<li>\u00a0\u00a0Evropsk\u00fd parlament chce okle\u0161tit n\u00e1rodn\u00ed svrchovanost jednotliv\u00fdch st\u00e1t\u016f natolik, \u017ee si toho v\u0161imnuli i proliber\u00e1ln\u00ed m\u00e9dia a politici. M\u00e9dia v\u011bt\u0161inou tuto skute\u010dnost zmi\u0148uj\u00ed okrajov\u011b, politici polknuli na pr\u00e1zdno a u n\u00e1s ml\u010d\u00ed, jen Kalousek to nahlas schvaluje. Na tohoto gr\u00e1zla velk\u00fd pozor, chce se vr\u00e1tit do politiky. \u0160kod u\u017e ud\u011blal mnoho.<\/li>\n<li>\u00a0\u00a0Situace v\u00a0\u010cesk\u00e9 republice je natolik tristn\u00ed, \u017ee se v\u00a0Parlamentu jisk\u0159\u00ed. Stanjura z\u00a0minulosti na Opavsku nen\u00e1vid\u011bn\u00fd pro defraudaci ve\u0159ejn\u00fdch pen\u011bz cht\u011bl fyzicky napadnout Babi\u0161e, kter\u00fd na skute\u010dnost spojenou s\u00a0p\u0159el\u00e9v\u00e1n\u00edm st\u00e1tn\u00edch pen\u011bz do vlastn\u00edch kapes v\u00a0rodin\u011b Stanjur\u016f upozornil. Dost\u00e1v\u00e1me se tak na \u00farove\u0148 politick\u00e9 kultury kdesi v\u00a0rozvojov\u00fdch africk\u00fdch \u010di postsov\u011btsk\u00fdch asijsk\u00fdch zem\u00edch.<\/li>\n<li>\u00a0\u00a0Kontrast mezi p\u0159esv\u011bd\u010dov\u00e1n\u00edm P\u011btikoalice o prov\u00e1d\u011bn\u00ed spr\u00e1vn\u00fdch krok\u016f vedouc\u00edch k\u00a0ozdraven\u00ed \u010desk\u00e9 ekonomiky a realitou je obrovsk\u00fd. St\u00e1vka u\u010ditel\u016f (mimochodem pod\u00edlej\u00edc\u00edch se na manipulaci s\u00a0mysl\u00ed ml\u00e1de\u017ee p\u0159edstavuj\u00edc\u00ed si naivn\u011b, \u017ee jim za\u010d\u00edn\u00e1 kr\u00e1sn\u00fd \u017eivot pod vlajkou EU a v\u00a0\u010dist\u00e9m ovzdu\u0161\u00ed) a dal\u0161\u00edch odbor\u00e1\u0159\u016f byla marn\u00fdm pokusem n\u011bco zm\u011bnit.\u00a0 Nicm\u00e9n\u011b zdravotnictv\u00ed kolabuje, l\u00e9ky chyb\u00ed, pr\u016fmyslov\u00e9 a potravin\u00e1\u0159sk\u00e9 firmy kon\u010d\u00ed nebo se st\u011bhuj\u00ed, zem\u011bd\u011blci marn\u011b \u010dekaj\u00ed na sl\u00edbenou st\u00e1tn\u00ed podporu, supermarkety zdra\u017euj\u00ed i u\u017e tak drah\u00e9 a nekvalitn\u00ed potraviny, ceny energi\u00ed let\u00ed nahoru. K\u0159et\u00ednsk\u00e9ho a Tyka\u010de neodsuzujte, d\u011blaj\u00ed to, co jim st\u00e1t umo\u017e\u0148uje. Do toho jsme posledn\u00edmi mohyk\u00e1ny v\u00a0dotov\u00e1n\u00ed Zelensk\u00e9ho a Ukrajinc\u016f u n\u00e1s. Stoupaj\u00ed dan\u011b a rok 2024 bude pro ob\u010dany t\u00edm nejdra\u017e\u0161\u00edm, kter\u00fd generace od vzniku \u010ceskoslovenska za\u017eily. P\u011btikoalice je soubor v\u0161ehoschopn\u00fdch lh\u00e1\u0159\u016f a naopak neschopn\u00fdch hospod\u00e1\u0159\u016f. A pozor! Mlad\u00fd Soros nav\u0161t\u00edvil Petra Pavla, co\u017e m\u016f\u017ee b\u00fdt varov\u00e1n\u00edm p\u0159ed dal\u0161\u00edm stoupaj\u00edc\u00edm vlivem rodiny Sorosov\u00fdch na celou na\u0161i politiku. Mlad\u00fd je pr\u00fd mnohem hor\u0161\u00ed ne\u017e star\u00fd. Lze to v\u016fbec?<\/li>\n<\/ul>\n<p>Vybrali jsme jen p\u00e1r st\u0159\u00edpk\u016f z\u00a0toho, co jsou u\u017e proliber\u00e1ln\u00ed m\u00e9dia ochotna upustit. Zat\u00edm se v\u00fdrazn\u00e9 kritiky moc nedo\u010dk\u00e1me a chceme li sly\u0161et skute\u010dnou pravdu, je t\u0159eba si naj\u00edt podcasty Filipa Turka, pustit si Svobodn\u00fd vys\u00edla\u010d, p\u0159e\u010d\u00edst si Vidl\u00e1ka, naj\u00edt texty od V\u011btvi\u010dky, sledovat Martinu Koci\u00e1novou, zaznamenat \u010dl\u00e1nky na H\u00e1jkovo Protiproudu, p\u0159\u00edpadn\u011b prost\u011b hledat alternativn\u00ed zdroje. M\u016f\u017eete s\u00a0n\u011b\u010d\u00edm nesouhlasit, to je Va\u0161e pr\u00e1vo, nicm\u00e9n\u011b souzn\u011bn\u00ed v\u00a0n\u00e1zorech pr\u00e1v\u011b s\u00a0Turkem je pro autora tohoto \u010dl\u00e1nku a\u017e d\u00e9monick\u00e9. Je jasn\u00e9, \u017ee jen sb\u00edr\u00e1n\u00ed informac\u00ed nic nevy\u0159e\u0161\u00ed, ale p\u0159inejmen\u0161\u00edm V\u00e1s p\u0159iprav\u00ed na to, \u017ee je t\u0159eba pro zm\u011bny n\u011bco d\u011blat. Na inadhled-live se ji\u017e dlouhodob\u011b sna\u017e\u00edme otev\u0159\u00edt o\u010di mnoha spoluob\u010dan\u016fm. Je to t\u011b\u017ek\u00fd a dlouh\u00fd proces, plno z\u00a0v\u00e1s v\u011b\u0159\u00ed a\u017e tomu, co po mal\u00fdch kousk\u00e1ch popust\u00ed mainstream. Ten v\u0161e d\u00e1vkuje se zpo\u017ed\u011bn\u00edm, obavou o n\u00e1sledky a pod dohledem liber\u00e1l\u016f. Zkuste ignorovat Seznam, \u010cT, ve\u010dern\u00ed zpr\u00e1vy a z\u00a0d\u011bn\u00ed kolem v\u00e1s si ud\u011blejte vlastn\u00ed n\u00e1zor. \u00a0Nakonec dojdete k\u00a0tomu, \u017ee a\u017e na v\u00fdjimky na\u0161e politick\u00e1 reprezentace slou\u017e\u00ed ciz\u00edm z\u00e1jm\u016fm, EU je vstupem do pekla a Z\u00e1pad daleko za sv\u00fdm zenitem. Je t\u0159eba hledat novou cestu ve spolupr\u00e1ci s\u00a0t\u011bmi, kte\u0159\u00ed o ni stoj\u00ed a vzali by n\u00e1s jako rovnocenn\u00e9ho partnera, nikoliv jako sluhy. A ne\u010dekejme na spasitele, sta\u0148me se j\u00edm sami.<\/p>\n<p><a href=\"https:\/\/www.inadhled.live\/uvaha-dne\/obcas-se-lze-dozvedet-vice\/\">Jind\u0159ich Kulhav\u00fd<\/a><\/p>\n<p><img decoding=\"async\" loading=\"lazy\" class=\"alignnone size-medium wp-image-22653\" src=\"http:\/\/www.infokuryr.cz\/n\/wp-content\/uploads\/2023\/02\/jindra-kulhavy-221x300.jpg\" alt=\"\" width=\"221\" height=\"300\" srcset=\"https:\/\/www.infokuryr.cz\/n\/wp-content\/uploads\/2023\/02\/jindra-kulhavy-221x300.jpg 221w, https:\/\/www.infokuryr.cz\/n\/wp-content\/uploads\/2023\/02\/jindra-kulhavy.jpg 311w\" sizes=\"(max-width: 221px) 100vw, 221px\" \/><\/p>\n<p>&nbsp;<\/p>\n<p><a href=\"https:\/\/stranapro.cz\/\"><img decoding=\"async\" loading=\"lazy\" class=\"wp-image-40286 aligncenter\" src=\"http:\/\/www.infokuryr.cz\/n\/wp-content\/uploads\/2023\/11\/12pro-300x87.png\" alt=\"\" width=\"1121\" height=\"325\" srcset=\"https:\/\/www.infokuryr.cz\/n\/wp-content\/uploads\/2023\/11\/12pro-300x87.png 300w, https:\/\/www.infokuryr.cz\/n\/wp-content\/uploads\/2023\/11\/12pro.png 366w\" sizes=\"(max-width: 1121px) 100vw, 1121px\" \/><\/a><\/p>\n<\/div>\n<p>&nbsp;<\/p>\n","protected":false},"excerpt":{"rendered":"<p>Mainstreamov\u00e1 a proliber\u00e1ln\u00ed m\u00e9dia n\u00e1s neust\u00e1le z\u00e1sobuj\u00ed mno\u017estv\u00edm l\u017e\u00ed. Otev\u0159ete si nap\u0159\u00edklad Seznam, kter\u00fd b\u00fdval&#8230;<\/p>\n","protected":false},"author":2,"featured_media":41652,"comment_status":"closed","ping_status":"closed","sticky":false,"template":"","format":"standard","meta":[],"categories":[6],"tags":[67,6410,41,29],"_links":{"self":[{"href":"https:\/\/www.infokuryr.cz\/n\/wp-json\/wp\/v2\/posts\/41651"}],"collection":[{"href":"https:\/\/www.infokuryr.cz\/n\/wp-json\/wp\/v2\/posts"}],"about":[{"href":"https:\/\/www.infokuryr.cz\/n\/wp-json\/wp\/v2\/types\/post"}],"author":[{"embeddable":true,"href":"https:\/\/www.infokuryr.cz\/n\/wp-json\/wp\/v2\/users\/2"}],"replies":[{"embeddable":true,"href":"https:\/\/www.infokuryr.cz\/n\/wp-json\/wp\/v2\/comments?post=41651"}],"version-history":[{"count":0,"href":"https:\/\/www.infokuryr.cz\/n\/wp-json\/wp\/v2\/posts\/41651\/revisions"}],"wp:featuredmedia":[{"embeddable":true,"href":"https:\/\/www.infokuryr.cz\/n\/wp-json\/wp\/v2\/media\/41652"}],"wp:attachment":[{"href":"https:\/\/www.infokuryr.cz\/n\/wp-json\/wp\/v2\/media?parent=41651"}],"wp:term":[{"taxonomy":"category","embeddable":true,"href":"https:\/\/www.infokuryr.cz\/n\/wp-json\/wp\/v2\/categories?post=41651"},{"taxonomy":"post_tag","embeddable":true,"href":"https:\/\/www.infokuryr.cz\/n\/wp-json\/wp\/v2\/tags?post=41651"}],"curies":[{"name":"wp","href":"https:\/\/api.w.org\/{rel}","templated":true}]}}