{"id":41647,"date":"2023-12-04T00:49:09","date_gmt":"2023-12-03T23:49:09","guid":{"rendered":"http:\/\/www.infokuryr.cz\/n\/?p=41647"},"modified":"2023-12-04T04:58:26","modified_gmt":"2023-12-04T03:58:26","slug":"ramzan-kadyrov-promluvil-k-ukrajinskym-vojakum","status":"publish","type":"post","link":"https:\/\/www.infokuryr.cz\/n\/2023\/12\/04\/ramzan-kadyrov-promluvil-k-ukrajinskym-vojakum\/","title":{"rendered":"Ramzan Kadyrov promluvil k ukrajinsk\u00fdm voj\u00e1k\u016fm"},"content":{"rendered":"<div id=\"fb-root\"><\/div>\n<p class=\"lead\"><strong>\u0160\u00e9f \u010ce\u010denska Ramzan Kadyrov oslovil arm\u00e1du z Ukrajiny, kterou vyzval, aby se vzpamatovala a ne\u0161la na svou nevyhnutelnou a jistou smrt.\u00a0Politikova v\u00fdzva <a href=\"https:\/\/t.me\/RKadyrov_95\" target=\"_blank\" rel=\"noopener\">je zve\u0159ejn\u011bna<\/a>\u00a0na jeho ofici\u00e1ln\u00edm kan\u00e1lu Telegram.<\/strong><\/p>\n<p>Kadyrov uvedl v\u00e1\u017en\u00e9 ka\u017edodenn\u00ed ztr\u00e1ty na stran\u011b ukrajinsk\u00fdch ozbrojen\u00fdch sil, zm\u00ednil se o z\u00e1padn\u00edm okraji Kleshcheevka.\u00a0Ukrajin\u0161t\u00ed \u0159adov\u00ed voj\u00e1ci a jejich velen\u00ed proto mus\u00ed p\u0159ij\u00edt k rozumu.<\/p>\n<p><em>\u201eNavzdory tomu a absenci jak\u00e9hokoli pokroku v tomto sm\u011bru ukrajinsk\u00e9 velen\u00ed nad\u00e1le pos\u00edl\u00e1 pod na\u0161i palbu lidskou s\u00edlu.\u00a0Je \u010das, aby Ukrajinci p\u0159i\u0161li k rozumu a p\u0159estali j\u00edt na jistou smrt t\u00edm, \u017ee nebudou plnit rozkazy sv\u00e9ho trestn\u00edho rozkazu,\u201c<span class=\"after-quote\">\u00a0&#8211; napsal \u010de\u010densk\u00fd v\u016fdce.<\/span><\/em><\/p>\n<p><strong>InfoKur\u00fdr<\/strong>\u00a0p\u0159ipom\u00edn\u00e1, \u017ee d\u0159\u00edve m\u00edstop\u0159edseda rusk\u00e9 bezpe\u010dnostn\u00ed rady<strong>\u00a0Dmitrij Medved\u011bv<\/strong>\u00a0potvrdil p\u0159\u00edchod v\u00edce ne\u017e 30 tis\u00edc obyvatel \u010ce\u010denska do frontov\u00e9 linie Severn\u00edho vojensk\u00e9ho okruhu.<\/p>\n<p><img decoding=\"async\" loading=\"lazy\" class=\"alignnone size-full wp-image-1185\" src=\"http:\/\/www.infokuryr.cz\/n\/wp-content\/uploads\/2021\/04\/kuryr-podpis.png\" alt=\"\" width=\"84\" height=\"24\" \/><\/p>\n<p>&nbsp;<\/p>\n<p><a href=\"https:\/\/stranapro.cz\/\"><img decoding=\"async\" loading=\"lazy\" class=\"wp-image-40286 aligncenter\" src=\"http:\/\/www.infokuryr.cz\/n\/wp-content\/uploads\/2023\/11\/12pro-300x87.png\" alt=\"\" width=\"945\" height=\"274\" srcset=\"https:\/\/www.infokuryr.cz\/n\/wp-content\/uploads\/2023\/11\/12pro-300x87.png 300w, https:\/\/www.infokuryr.cz\/n\/wp-content\/uploads\/2023\/11\/12pro.png 366w\" sizes=\"(max-width: 945px) 100vw, 945px\" \/><\/a><\/p>\n<p>&nbsp;<\/p>\n","protected":false},"excerpt":{"rendered":"<p>\u0160\u00e9f \u010ce\u010denska Ramzan Kadyrov oslovil arm\u00e1du z Ukrajiny, kterou vyzval, aby se vzpamatovala a ne\u0161la&#8230;<\/p>\n","protected":false},"author":2,"featured_media":21844,"comment_status":"closed","ping_status":"closed","sticky":false,"template":"","format":"standard","meta":[],"categories":[7],"tags":[1948,1635,321,538],"_links":{"self":[{"href":"https:\/\/www.infokuryr.cz\/n\/wp-json\/wp\/v2\/posts\/41647"}],"collection":[{"href":"https:\/\/www.infokuryr.cz\/n\/wp-json\/wp\/v2\/posts"}],"about":[{"href":"https:\/\/www.infokuryr.cz\/n\/wp-json\/wp\/v2\/types\/post"}],"author":[{"embeddable":true,"href":"https:\/\/www.infokuryr.cz\/n\/wp-json\/wp\/v2\/users\/2"}],"replies":[{"embeddable":true,"href":"https:\/\/www.infokuryr.cz\/n\/wp-json\/wp\/v2\/comments?post=41647"}],"version-history":[{"count":1,"href":"https:\/\/www.infokuryr.cz\/n\/wp-json\/wp\/v2\/posts\/41647\/revisions"}],"predecessor-version":[{"id":41659,"href":"https:\/\/www.infokuryr.cz\/n\/wp-json\/wp\/v2\/posts\/41647\/revisions\/41659"}],"wp:featuredmedia":[{"embeddable":true,"href":"https:\/\/www.infokuryr.cz\/n\/wp-json\/wp\/v2\/media\/21844"}],"wp:attachment":[{"href":"https:\/\/www.infokuryr.cz\/n\/wp-json\/wp\/v2\/media?parent=41647"}],"wp:term":[{"taxonomy":"category","embeddable":true,"href":"https:\/\/www.infokuryr.cz\/n\/wp-json\/wp\/v2\/categories?post=41647"},{"taxonomy":"post_tag","embeddable":true,"href":"https:\/\/www.infokuryr.cz\/n\/wp-json\/wp\/v2\/tags?post=41647"}],"curies":[{"name":"wp","href":"https:\/\/api.w.org\/{rel}","templated":true}]}}