{"id":41617,"date":"2023-12-04T00:39:25","date_gmt":"2023-12-03T23:39:25","guid":{"rendered":"http:\/\/www.infokuryr.cz\/n\/?p=41617"},"modified":"2023-12-03T15:03:08","modified_gmt":"2023-12-03T14:03:08","slug":"izrael-planuje-dlouhou-valku-a-vyhnani-obyvatel-gazy","status":"publish","type":"post","link":"https:\/\/www.infokuryr.cz\/n\/2023\/12\/04\/izrael-planuje-dlouhou-valku-a-vyhnani-obyvatel-gazy\/","title":{"rendered":"Izrael pl\u00e1nuje dlouhou v\u00e1lku a vyhn\u00e1n\u00ed obyvatel Gazy"},"content":{"rendered":"<div id=\"fb-root\"><\/div>\n<p><strong>Existuje n\u011bkolik nov\u00fdch zpr\u00e1v o tom, jak cht\u011bj\u00ed sionist\u00e9 pokra\u010dovat ve sv\u00e9m vra\u017eedn\u00e9m \u0159\u00e1d\u011bn\u00ed v Gaze (a mimo ni).<\/strong><\/p>\n<p><span>\u201e\u00a0<\/span><em><a href=\"https:\/\/news.antiwar.com\/2023\/12\/01\/israel-planning-for-gaza-war-to-last-over-a-year\/\" target=\"_blank\" rel=\"noreferrer noopener\"><span>Izrael p\u0159edpov\u00edd\u00e1, \u017ee v\u00e1lka v Gaze bude trvat d\u00e9le ne\u017e rok<\/span><\/a><span>\u00a0\u2013 protiv\u00e1le\u010dn\u00e1<\/span><\/em><\/p>\n<p><em><span>List Financial Times uvedl, \u017ee hovo\u0159il se zdroji, kter\u00e9 uvedly, \u017ee Izrael pl\u00e1nuje v\u00e9st v\u00e1lku v Gaze d\u00e9le ne\u017e rok.\u00a0Za necel\u00e9 dva m\u011bs\u00edce Izrael zabil nejm\u00e9n\u011b 15 000 lid\u00ed, po\u0161kodil 100 000 budov, vys\u00eddlil 1,7 milionu Palestinc\u016f a zni\u010dil v\u011bt\u0161inu zdravotnick\u00fdch za\u0159\u00edzen\u00ed v Gaze.<\/span><\/em><\/p>\n<p><em><span>V p\u00e1tek FT uvedl, \u017ee zdroje tvrdily, \u017ee Izrael se p\u0159ipravuje na v\u00edcef\u00e1zov\u00fd konflikt v Gaze, kter\u00fd bude trvat nejm\u00e9n\u011b rok.\u00a0&#8222;Bude to velmi dlouh\u00e1 v\u00e1lka&#8230; V sou\u010dasn\u00e9 dob\u011b jsme daleko od dosa\u017een\u00ed na\u0161ich c\u00edl\u016f,&#8220; \u0159ekl \u010dlov\u011bk obezn\u00e1men\u00fd s izraelsk\u00fdmi v\u00e1le\u010dn\u00fdmi pl\u00e1ny.<\/span><\/em><\/p>\n<p><em><span>Podle zdroj\u016f mezi c\u00edle Izraele pat\u0159\u00ed \u201ezab\u00edt t\u0159i nejvy\u0161\u0161\u00ed v\u016fdce Hamasu \u2013 Yahya Sinwar, Mohammed Deif a Marwan Issu \u2013 a z\u00e1rove\u0148 zajistit rozhoduj\u00edc\u00ed vojensk\u00e9 v\u00edt\u011bzstv\u00ed proti 24 prapor\u016fm skupiny a s\u00edti podzemn\u00edch tunel\u016f a zni\u010dit jej\u00ed schopnost vl\u00e1dnout v zemi. P\u00e1smo Gazy.\u00a0(\u2026)<\/span><\/em><\/p>\n<p><em><span>O\u010dek\u00e1v\u00e1 se, \u017ee prvn\u00ed f\u00e1ze v\u00e1lky, intenzivn\u00ed bombardovac\u00ed kampa\u0148 a pozemn\u00ed invaze, potrv\u00e1 dlouho do roku 2024. Podle jednoho zdroje je prvn\u00ed f\u00e1ze v\u00e1lky dokon\u010dena asi ze 40 %.\u00a0\u201eM\u011bsto Gaza je\u0161t\u011b nen\u00ed dokon\u010deno, ani zcela dobyto.\u00a0Pravd\u011bpodobn\u011b ji vyhr\u00e1lo o 40 %,\u201c vysv\u011btlila tato osoba.\u00a0&#8222;Pro cel\u00fd sever to bude pravd\u011bpodobn\u011b trvat dal\u0161\u00ed dva t\u00fddny a\u017e m\u011bs\u00edc.&#8220;<\/span><\/em><\/p>\n<p><em><span>Druhou f\u00e1z\u00ed bude operace s men\u0161\u00edm po\u010dtem vojensk\u00fdch operac\u00ed zam\u011b\u0159en\u00e1 na stabilizaci Gazy.\u00a0A\u010dkoli zdroje \u0159ekly FT, \u017ee se o\u010dek\u00e1v\u00e1, \u017ee druh\u00e1 f\u00e1ze bude pokra\u010dovat do konce roku 2024, izrael\u0161t\u00ed p\u0159edstavitel\u00e9 tvrd\u00ed, \u017ee nedok\u00e1\u017eou p\u0159esn\u011b p\u0159edpov\u011bd\u011bt konec konfliktu<\/span><\/em><span>\u00a0.<\/span><\/p>\n<p><span>Dlouh\u00e1 v\u00e1lka znamen\u00e1, \u017ee Izrael bude st\u00e1le v\u00edce ztr\u00e1cet podporu mezin\u00e1rodn\u00edho spole\u010denstv\u00ed.<\/span><\/p>\n<p><span>Tento trend bude d\u00e1le pos\u00edlen, a\u017e Izrael za\u010dne zab\u00edjet v\u0161echny \u201e\u010dleny Hamasu\u201c\u00a0<\/span><a href=\"https:\/\/www.msn.com\/en-us\/news\/world\/israel-plans-wrath-of-god-campaign-to-assassinate-hamas-leaders-across-the-world\/ar-AA1kQVJs\" target=\"_blank\" rel=\"noreferrer noopener\"><span>na sv\u011bt\u011b<\/span><\/a><span>\u00a0.<\/span><\/p>\n<p><span>Bidenova administrativa tvrd\u00ed, \u017ee tla\u010dila na Izrael, aby zab\u00edjel m\u00e9n\u011b lid\u00ed.\u00a0Ale pak se to oto\u010d\u00ed a dod\u00e1 v\u011bt\u0161\u00ed a v\u011bt\u0161\u00ed zbran\u011b.<\/span><\/p>\n<p><span>\u201e\u00a0<\/span><em><a href=\"https:\/\/www.wsj.com\/world\/middle-east\/u-s-sends-israel-2-000-pound-bunker-buster-bombs-for-gaza-war-82898638\" target=\"_blank\" rel=\"noreferrer noopener\"><span>USA pos\u00edlaj\u00ed Izraeli 2000librov\u00e9 bunkry ni\u010d\u00edc\u00ed bomby pro v\u00e1lku v Gaze<\/span><\/a><span>\u00a0(archivov\u00e1no) \u2013 WSJ<\/span><\/em><\/p>\n<p><em><span>P\u0159\u00edliv zbran\u00ed, v\u010detn\u011b asi 15 000 bomb a 57 000 d\u011blost\u0159eleck\u00fdch gran\u00e1t\u016f, za\u010dal kr\u00e1tce po \u00fatoku 7. \u0159\u00edjna a pokra\u010doval v posledn\u00edch dnech, uvedli \u00fa\u0159edn\u00edci.\u00a0Spojen\u00e9 st\u00e1ty nikdy nezve\u0159ejnily celkov\u00fd po\u010det zbran\u00ed, kter\u00e9 poslaly do Izraele, ani p\u0159epravu 100 bomb BLU-109, 900 kg bomb na rozbit\u00ed bunkr\u016f.\u00a0(\u2026)<\/span><\/em><\/p>\n<p><em><span>Mezi munic\u00ed, kterou Spojen\u00e9 st\u00e1ty p\u0159evezly do Izraele, je v\u00edce ne\u017e 5 000 ne\u0159\u00edzen\u00fdch nebo \u201en\u011bm\u00fdch\u201c pum Mk82, v\u00edce ne\u017e 5 400 900 kg hlavic Mk84, p\u0159ibli\u017en\u011b 1 000 bomb mal\u00e9ho pr\u016fm\u011bru GBU-39 a p\u0159ibli\u017en\u011b 3 000 ne\u0159\u00edzen\u00fdch pum JDAM. do \u201echytr\u00fdch\u201c nav\u00e1d\u011bn\u00fdch bomb, podle intern\u00edho vl\u00e1dn\u00edho seznamu USA, kter\u00fd pro Wall Street Journal popsali ameri\u010dt\u00ed \u00fa\u0159edn\u00edci.\u00a0(\u2026)<\/span><\/em><\/p>\n<p><em><span>Spojen\u00e9 st\u00e1ty tak\u00e9 poslaly Izraeli asi 57 000 155mm d\u011blost\u0159eleck\u00fdch gran\u00e1t\u016f \u2013 kl\u00ed\u010dovou munici, kterou Spojen\u00e9 st\u00e1ty tak\u00e9 dod\u00e1valy Ukrajin\u011b od rusk\u00e9 invaze v roce 2022 \u2013 a dal\u0161\u00ed tis\u00edce d\u011blost\u0159eleck\u00fdch gran\u00e1t\u016f a r\u016fzn\u00fdch ru\u010dn\u00edch zbran\u00ed.\u00a0(\u2026)<\/span><\/em><\/p>\n<p><em><span>Organizace spojen\u00fdch n\u00e1rod\u016f, humanit\u00e1rn\u00ed agentury a arabsk\u00e9 zem\u011b, kter\u00e9 vedou jedn\u00e1n\u00ed mezi ob\u011bma stranami, vyzvaly k trval\u00e9mu p\u0159\u00edm\u011b\u0159\u00ed.\u00a0Bidenova administrativa odm\u00edtla v\u00fdzvy k dlouhodob\u00e9mu p\u0159\u00edm\u011b\u0159\u00ed a vyj\u00e1d\u0159ila podporu izraelsk\u00e9mu boji za vytla\u010den\u00ed Ham\u00e1su z moci v Gaze<\/span><\/em><span>\u00a0.<\/span><\/p>\n<p><span>Svr\u017een\u00ed bomb na ni\u010den\u00ed bunkr\u016f (kter\u00e9 nemohou zni\u010dit skute\u010dn\u00e9 velitelsk\u00e9 bunkry Hamasu) na hust\u011b obydlen\u00e9 p\u00e1smo Gazy je masov\u00e1 vra\u017eda.\u00a0Nav\u00edc d\u011blat to na z\u00e1klad\u011b\u00a0<\/span><a href=\"https:\/\/www.theguardian.com\/world\/2023\/dec\/01\/the-gospel-how-israel-uses-ai-to-select-bombing-targets\" target=\"_blank\" rel=\"noreferrer noopener\"><span>chybn\u00fdch rozhodnut\u00ed \u201eum\u011bl\u00e9 inteligence\u201c<\/span><\/a><span>\u00a0je hloup\u00e9.<\/span><\/p>\n<p><span>Hebrejsk\u00e9 noviny \u0159\u00edkaj\u00ed, \u017ee existuj\u00ed nov\u00e9 pl\u00e1ny na zatla\u010den\u00ed obyvatel Gazy, ale jsou kontroverzn\u00ed i uvnit\u0159 v\u00e1le\u010dn\u00e9ho kabinetu.<\/span><\/p>\n<p><a href=\"https:\/\/stranapro.cz\/\"><img decoding=\"async\" loading=\"lazy\" class=\"alignnone  wp-image-40285 aligncenter\" src=\"http:\/\/www.infokuryr.cz\/n\/wp-content\/uploads\/2023\/11\/11pro-300x79.png\" alt=\"\" width=\"573\" height=\"151\" srcset=\"https:\/\/www.infokuryr.cz\/n\/wp-content\/uploads\/2023\/11\/11pro-300x79.png 300w, https:\/\/www.infokuryr.cz\/n\/wp-content\/uploads\/2023\/11\/11pro.png 363w\" sizes=\"(max-width: 573px) 100vw, 573px\" \/><\/a><\/p>\n<h5 class=\"wp-block-heading\"><span style=\"font-size: 18pt;\"><em><strong>Pl\u00e1n premi\u00e9ra pro ob\u010dany Gazy: Sm\u011br ven \u2013 Israel Hayom<\/strong><\/em><\/span><\/h5>\n<p><em>Krom\u011b ot\u00e1zky kontroly nad P\u00e1smem Gazy se o\u010dek\u00e1v\u00e1 kontroverze tak\u00e9 kolem pl\u00e1nu, kter\u00fd na Netanjahuovu \u017e\u00e1dost formuloval Ron Dermer a zkoumal zp\u016fsoby, jak minimalizovat populaci Gazy \u2013 Pro premi\u00e9ra je strategick\u00fdm c\u00edlem, zat\u00edmco vrchol bezpe\u010dnostn\u00ed \u00fa\u0159edn\u00edk to pova\u017euje za nere\u00e1lnou fantazii.<\/em><\/p>\n<p><em>Ot\u00e1zka dne pot\u00e9 je jednou z nejcitliv\u011bj\u0161\u00edch dnes a ne\u0159e\u0161\u00ed se na \u017e\u00e1dn\u00e9m ofici\u00e1ln\u00edm f\u00f3ru, ale pouze na intern\u00edch konzultac\u00edch.\u00a0Pokud existuje jeden d\u016fle\u017eit\u00fd bod neshody s Bidenovou administrativou v ot\u00e1zce Gazy, je to toto.\u00a0S dal\u0161\u00edmi prvky lze manipulovat.\u00a0Poskytov\u00e1n\u00ed humanit\u00e1rn\u00ed pomoci na \u017e\u00e1dost americk\u00e9ho prezidenta a dokonce i pohonn\u00fdch hmot.\u00a0Dokonce i nov\u00fd po\u017eadavek neubli\u017eovat vys\u00eddlen\u00fdm lidem v ji\u017en\u00edm p\u00e1smu Gazy, a\u017e tam za\u010dnou p\u016fsobit izraelsk\u00e9 obrann\u00e9 s\u00edly, m\u016f\u017ee b\u00fdt spln\u011bn nez\u00e1vazn\u00fdm prohl\u00e1\u0161en\u00edm, \u017ee \u201epokus\u00edme se\u201c.<\/em><\/p>\n<p><em>Ale p\u0159iv\u00e9st Abu Mazena do Gazy, aby nahradil s\u00edly IDF na \u00fazem\u00ed, je \u00fapln\u011b jin\u00fd p\u0159\u00edb\u011bh.\u00a0Benny Gantz a Gadi Eisenkot by to s radost\u00ed p\u0159ijali.\u00a0Benjamin Netanjahu a Yoav Galant m\u00e9n\u011b.\u00a0Spole\u010dn\u00e9 je, \u017ee v\u0161ichni vys\u00edlaj\u00ed zpr\u00e1vu, \u017ee Izrael nem\u00e1 v \u00famyslu kontrolovat \u00fazem\u00ed samotn\u00e9 z civiln\u00ed perspektivy.\u00a0Galant to \u0159\u00edk\u00e1 velmi v\u00e1\u017en\u011b.\u00a0Pokud jde o Netanjahua, nejsem si jist\u00fd.\u00a0Jeho jasn\u00e9 prohl\u00e1\u0161en\u00ed, \u017ee \u00fa\u0159ad podporuj\u00edc\u00ed terorismus, kter\u00fd p\u0159ev\u00e1d\u00ed p\u0159\u00edjmy terorist\u016fm a vychov\u00e1v\u00e1 sv\u00e9 d\u011bti k podn\u011bcov\u00e1n\u00ed proti \u017did\u016fm, nebude vl\u00e1dnout Gaze, nedovol\u00ed P\u00e1smu Ramall\u00e1hu vstoupit do Gazy.\u00a0Jin\u00e9 \u0159e\u0161en\u00ed neexistuje.\u00a0IDF proto bude nad\u00e1le kontrolovat Gazu, vojensky i civiln\u011b, alespo\u0148 v dohledn\u00e9 dob\u011b.<\/em><\/p>\n<p><em>Na tento pl\u00e1n navazuje dal\u0161\u00ed.\u00a0V\u011bt\u0161ina ministr\u016f ho nezn\u00e1.\u00a0Nev\u011bd\u00ed to ani minist\u0159i v\u00e1lky.\u00a0Na t\u011bchto f\u00f3rech se o n\u011bm nemluvilo kv\u016fli jeho zjevn\u00e9mu explozivn\u00edmu efektu: z\u0159ed\u011bn\u00ed populace Gazy na naprost\u00e9 minimum.\u00a0Biden je rozhodn\u011b proti, stejn\u011b jako cel\u00e9 mezin\u00e1rodn\u00ed spole\u010denstv\u00ed.\u00a0Galant, n\u00e1\u010deln\u00edk \u0161t\u00e1bu a n\u00e1\u010deln\u00edk \u0161t\u00e1bu IDF tvrd\u00ed, \u017ee takov\u00e1 mo\u017enost neexistuje.\u00a0Netanjahu to ale pova\u017euje za strategick\u00fd c\u00edl.\u00a0Dokonce pov\u011b\u0159il sv\u00e9ho spr\u00e1vce v\u00e1le\u010dn\u00e9ho kabinetu, ministra Rona Dermera, aby na toto t\u00e9ma vypracoval pracovn\u00ed dokument.<\/em><\/p>\n<p><em>Toto je pl\u00e1n, kter\u00fd obejde americk\u00fd odpor bez konfrontace, rozhodn\u00fd odpor Egyp\u0165an\u016f, ani\u017e by za\u010dali st\u0159\u00edlet na uprchl\u00edky vstupuj\u00edc\u00ed na jejich \u00fazem\u00ed p\u0159es osu Philadelphia, a obecn\u00fd glob\u00e1ln\u00ed odpor, kter\u00fd se projev\u00ed, a\u017e prvn\u00ed Gazan\u00e9 opust\u00ed sv\u00e9 domovy a emigruj\u00ed. n\u011bkde jinde.<\/em><\/p>\n<p><em>Uprchl\u00edci ve v\u00e1le\u010dn\u00fdch z\u00f3n\u00e1ch jsou b\u011b\u017en\u00ed.\u00a0Za posledn\u00edch deset let opustily v\u00e1le\u010dn\u00e9 z\u00f3ny po cel\u00e9m sv\u011bt\u011b des\u00edtky milion\u016f uprchl\u00edk\u016f.\u00a0Ze S\u00fdrie na Ukrajinu.\u00a0V\u0161ichni m\u011bli adresy v zem\u00edch, kter\u00e9 souhlasily s jejich p\u0159ijet\u00edm v r\u00e1mci humanit\u00e1rn\u00edho gesta.\u00a0Pro\u010d by tedy Gaza m\u011bla b\u00fdt jin\u00e1?<\/em><\/p>\n<p><em>Nejde o p\u0159esun, ale o uvoln\u011bn\u00ed dusna v hranic\u00edch Gazy.\u00a0Pokud hrani\u010dn\u00ed p\u0159echody do Izraele z\u016fstanou zape\u010det\u011bny, existuj\u00ed dal\u0161\u00ed mo\u017enosti.\u00a0Rafah je jedn\u00edm z nich, navzdory ostr\u00e9mu odporu Egypta.\u00a0Tento p\u0159echod byl n\u011bkdy otev\u0159en\u00fd.\u00a0Dnes je tak\u00e9 podzemn\u00ed chodba mezi Rafahem v Gaze a egyptsk\u00fdm p\u0159echodem o velikosti d\u00e1lnice.\u00a0Mo\u0159e je otev\u0159en\u00e9 i pro Gazany.\u00a0Ve sv\u00e9 z\u00e1v\u011bti Izrael otev\u00edr\u00e1 n\u00e1mo\u0159n\u00ed pr\u016fchod a umo\u017e\u0148uje hromadn\u00fd \u00fat\u011bk do evropsk\u00fdch a africk\u00fdch zem\u00ed.<\/em><\/p>\n<p><em>V souvislosti s emigrac\u00ed do Gazy jsou rozd\u00edly mezi \u010dleny vl\u00e1dy zna\u010dn\u00e9.\u00a0Zat\u00edmco Smotrich, Ben Gvir a \u0159ada ministr\u016f Likudu to pova\u017euj\u00ed za nutnost, jin\u00ed jako Galant, Gantz a Eisenkot to pova\u017euj\u00ed za nerealistickou fantazii a opovr\u017een\u00edhodn\u00fd a nemor\u00e1ln\u00ed pl\u00e1n.<\/em><\/p>\n<p><em><cite><a href=\"https:\/\/www.israelhayom.co.il\/magazine\/hashavua\/article\/14889801\" target=\"_blank\" rel=\"noreferrer noopener\">Pl\u00e1n premi\u00e9ra pro ob\u010dany Gazy: Sm\u011br ven \u2013 Israel Hayom<\/a><\/cite><\/em><\/p>\n<p><span>S ka\u017edou novou ka\u017edodenn\u00ed zpr\u00e1vou o blokovan\u00e9 pomoci a rostouc\u00edm po\u010dtu \u00famrt\u00ed v Gaze st\u00e1le v\u00edce americk\u00fdch voli\u010d\u016f odm\u00edt\u00e1 tyto brut\u00e1ln\u00ed politiky.\u00a0Jen m\u00e1lo lid\u00ed mimo Izrael takov\u00e9 pl\u00e1ny podporuje.\u00a0V\u011bt\u0161ina voli\u010d\u016f Bidena nebude.\u00a0Pokud Joe Biden nebude tla\u010dit na Netanjahua, aby masakr zastavil, s nejv\u011bt\u0161\u00ed pravd\u011bpodobnost\u00ed prohraje volby.<\/span><\/p>\n<p><span>Pokud tedy Joe Biden skute\u010dn\u011b chce m\u00edt dal\u0161\u00ed prezidentsk\u00fd \u00fa\u0159ad, bude muset Netanjahuovi zabr\u00e1nit v pokra\u010dov\u00e1n\u00ed dlouh\u00e9 v\u00e1lky v Gaze a p\u0159im\u011bt palestinsk\u00e9 obyvatelstvo, aby opustilo p\u00e1smo Gazy.\u00a0Netanjahua neznepokojuje, zda Biden z\u016fstane ve funkci.\u00a0Velmi dob\u0159e se dok\u00e1\u017ee vyrovnat s t\u00edm, \u017ee ho nahrazuje Donald Trump.\u00a0Jedin\u00fd zp\u016fsob, jak m\u016f\u017ee Biden Netanjahua skute\u010dn\u011b zastavit, je p\u0159ipravit ho o zbran\u011b, st\u0159elivo a finan\u010dn\u00ed podporu.<\/span><\/p>\n<p><span>Jak dlouho mu to bude trvat?<\/span><\/p>\n<p><span>zdroj:\u00a0<\/span><a href=\"https:\/\/www.moonofalabama.org\/2023\/12\/israel-plans-for-long-war-and-the-expulsion-of-people-from-gaza.html\" target=\"_blank\" rel=\"noreferrer noopener\"><span>Moon of Alabama<\/span><\/a><\/p>\n<p>&nbsp;<\/p>\n<p>&nbsp;<\/p>\n","protected":false},"excerpt":{"rendered":"<p>Existuje n\u011bkolik nov\u00fdch zpr\u00e1v o tom, jak cht\u011bj\u00ed sionist\u00e9 pokra\u010dovat ve sv\u00e9m vra\u017eedn\u00e9m \u0159\u00e1d\u011bn\u00ed v&#8230;<\/p>\n","protected":false},"author":2,"featured_media":41618,"comment_status":"closed","ping_status":"closed","sticky":false,"template":"","format":"standard","meta":[],"categories":[7],"tags":[348,178,6277,148],"_links":{"self":[{"href":"https:\/\/www.infokuryr.cz\/n\/wp-json\/wp\/v2\/posts\/41617"}],"collection":[{"href":"https:\/\/www.infokuryr.cz\/n\/wp-json\/wp\/v2\/posts"}],"about":[{"href":"https:\/\/www.infokuryr.cz\/n\/wp-json\/wp\/v2\/types\/post"}],"author":[{"embeddable":true,"href":"https:\/\/www.infokuryr.cz\/n\/wp-json\/wp\/v2\/users\/2"}],"replies":[{"embeddable":true,"href":"https:\/\/www.infokuryr.cz\/n\/wp-json\/wp\/v2\/comments?post=41617"}],"version-history":[{"count":1,"href":"https:\/\/www.infokuryr.cz\/n\/wp-json\/wp\/v2\/posts\/41617\/revisions"}],"predecessor-version":[{"id":41619,"href":"https:\/\/www.infokuryr.cz\/n\/wp-json\/wp\/v2\/posts\/41617\/revisions\/41619"}],"wp:featuredmedia":[{"embeddable":true,"href":"https:\/\/www.infokuryr.cz\/n\/wp-json\/wp\/v2\/media\/41618"}],"wp:attachment":[{"href":"https:\/\/www.infokuryr.cz\/n\/wp-json\/wp\/v2\/media?parent=41617"}],"wp:term":[{"taxonomy":"category","embeddable":true,"href":"https:\/\/www.infokuryr.cz\/n\/wp-json\/wp\/v2\/categories?post=41617"},{"taxonomy":"post_tag","embeddable":true,"href":"https:\/\/www.infokuryr.cz\/n\/wp-json\/wp\/v2\/tags?post=41617"}],"curies":[{"name":"wp","href":"https:\/\/api.w.org\/{rel}","templated":true}]}}