{"id":41603,"date":"2023-12-04T00:34:28","date_gmt":"2023-12-03T23:34:28","guid":{"rendered":"http:\/\/www.infokuryr.cz\/n\/?p=41603"},"modified":"2023-12-03T14:29:40","modified_gmt":"2023-12-03T13:29:40","slug":"francie-poprve-ignoruje-rozhodnuti-eslp-o-deportaci-podezreleho-dzihadisty","status":"publish","type":"post","link":"https:\/\/www.infokuryr.cz\/n\/2023\/12\/04\/francie-poprve-ignoruje-rozhodnuti-eslp-o-deportaci-podezreleho-dzihadisty\/","title":{"rendered":"Francie poprv\u00e9 ignoruje rozhodnut\u00ed ESLP o deportaci podez\u0159el\u00e9ho d\u017eih\u00e1disty"},"content":{"rendered":"<div id=\"fb-root\"><\/div>\n<p><span style=\"font-size: 18pt;\"><strong>Nejvy\u0161\u0161\u00ed evropsk\u00fd soud pro lidsk\u00e1 pr\u00e1va uvedl, \u017ee podez\u0159el\u00e9mu teroristovi by hrozilo mu\u010den\u00ed, pokud by byl vr\u00e1cen do Uzbekist\u00e1nu, ale Francie ho stejn\u011b poslala zp\u011bt<\/strong><\/span><\/p>\n<p><span>Francouzsk\u00e1 vl\u00e1da v\u016fbec poprv\u00e9 ignorovala rozhodnut\u00ed Evropsk\u00e9ho soudu pro lidsk\u00e1 pr\u00e1va a deportovala uzbeck\u00e9ho st\u00e1tn\u00edho p\u0159\u00edslu\u0161n\u00edka s napojen\u00edm na teroristick\u00e9 organizace zp\u011bt do jeho domovsk\u00e9 zem\u011b.<\/span><\/p>\n<p><span>Francouzsk\u00fd list\u00a0<\/span><a class=\"ek-link\" href=\"https:\/\/www.lemonde.fr\/societe\/article\/2023\/12\/01\/la-france-procede-a-l-expulsion-en-passant-outre-une-decision-de-la-cedh-pour-la-premiere-fois_6203343_3224.html\"><span>Le Monde<\/span><\/a><span>\u00a0v p\u00e1tek uvedl, \u017ee 39let\u00fd migrant byl 14. listopadu vyho\u0161t\u011bn z Francie, p\u0159esto\u017ee nejvy\u0161\u0161\u00ed evropsk\u00fd soud pro lidsk\u00e1 pr\u00e1va rozhodl proti ministerstvu vnitra kv\u016fli domn\u011bl\u00e9mu riziku mu\u010den\u00ed po jeho n\u00e1vratu do Uzbekist\u00e1nu.<\/span><\/p>\n<p><span>&#8222;Je to zlom,&#8220; poznamenala Lucie Simonov\u00e1, imigra\u010dn\u00ed pr\u00e1vni\u010dka pana A. &#8222;Ministerstvo vnitra \u00famysln\u011b poru\u0161uje rozhodnut\u00ed soudu, kter\u00e9 se vztahuje na Francii,&#8220; dodala.<\/span><\/p>\n<p><a href=\"https:\/\/stranapro.cz\/\"><img decoding=\"async\" loading=\"lazy\" class=\" wp-image-40285 aligncenter\" src=\"http:\/\/www.infokuryr.cz\/n\/wp-content\/uploads\/2023\/11\/11pro-300x79.png\" alt=\"\" width=\"600\" height=\"158\" srcset=\"https:\/\/www.infokuryr.cz\/n\/wp-content\/uploads\/2023\/11\/11pro-300x79.png 300w, https:\/\/www.infokuryr.cz\/n\/wp-content\/uploads\/2023\/11\/11pro.png 363w\" sizes=\"(max-width: 600px) 100vw, 600px\" \/><\/a><\/p>\n<p><span>Francouzsk\u00fd ministr vnitra G\u00e9rald Darmanin z\u016fstal vzdorn\u00fd rozhodnut\u00ed p\u0159ijat\u00e9mu jeho ministerstvem a trval na tom, \u017ee migrant byl \u201epolicist\u016fm zn\u00e1m pro sv\u00e9 ko\u0159eny v prod\u017eih\u00e1distick\u00e9m hnut\u00ed\u201c, a proto byl vr\u00e1cen do sv\u00e9 zem\u011b p\u016fvodu pot\u00e9, co str\u00e1vil n\u011bjak\u00fd \u010das v zadr\u017eovac\u00edm st\u0159edisku ve Val-de-Marne.<\/span><\/p>\n<p><span>Darmanin po teroristick\u00e9m \u00fatoku v Arrasu, b\u011bhem n\u011bho\u017e \u010de\u010densk\u00fd islamista 13. \u0159\u00edjna ubodal k smrti u\u010ditele Dominique Bernarda, trval na tom, \u017ee francouzsk\u00e1 vl\u00e1da zv\u00fd\u0161\u00ed deportace podez\u0159el\u00fdch d\u017eih\u00e1dist\u016f.<\/span><\/p>\n<p><span>Darmaninova kancel\u00e1\u0159 \u00fadajn\u011b v p\u00e1tek francouzsk\u00e9mu zpravodajsk\u00e9mu kan\u00e1lu\u00a0<\/span><a class=\"ek-link\" href=\"https:\/\/www.mediapart.fr\/journal\/france\/011223\/expulsions-d-etrangers-dangereux-la-france-pietine-le-droit-europeen\"><span>Mediapart<\/span><\/a><span>\u00a0\u0159ekla , \u017ee od \u00fatoku zv\u00fd\u0161ila deportace o 30 procent ve srovn\u00e1n\u00ed se zbytkem roku.<\/span><\/p>\n<p><span>V rozhovoru pro Journal du Dimanche z 22. \u0159\u00edjna Darmanin \u0159ekl, \u017ee bezpe\u010dnost francouzsk\u00fdch ob\u010dan\u016f bude m\u00edt p\u0159ednost p\u0159ed lidsk\u00fdmi pr\u00e1vy podez\u0159el\u00fdch d\u017eih\u00e1dist\u016f.<\/span><\/p>\n<p><span>\u201eP\u0159edpokl\u00e1d\u00e1m, \u017ee nebudeme \u010dekat na rozhodnut\u00ed Evropsk\u00e9ho soudu pro lidsk\u00e1 pr\u00e1va, kdy\u017e spr\u00e1vn\u00ed soud, odvolac\u00ed soud a St\u00e1tn\u00ed rada rozhodnou ve prosp\u011bch st\u00e1tu,\u201c \u0159ekl.<\/span><\/p>\n<p><img decoding=\"async\" loading=\"lazy\" class=\"alignnone size-full wp-image-1185\" src=\"http:\/\/www.infokuryr.cz\/n\/wp-content\/uploads\/2021\/04\/kuryr-podpis.png\" alt=\"\" width=\"84\" height=\"24\" \/><\/p>\n<p>&nbsp;<\/p>\n<p>&nbsp;<\/p>\n","protected":false},"excerpt":{"rendered":"<p>Nejvy\u0161\u0161\u00ed evropsk\u00fd soud pro lidsk\u00e1 pr\u00e1va uvedl, \u017ee podez\u0159el\u00e9mu teroristovi by hrozilo mu\u010den\u00ed, pokud by&#8230;<\/p>\n","protected":false},"author":2,"featured_media":41604,"comment_status":"closed","ping_status":"closed","sticky":false,"template":"","format":"standard","meta":[],"categories":[7],"tags":[1233,130,520],"_links":{"self":[{"href":"https:\/\/www.infokuryr.cz\/n\/wp-json\/wp\/v2\/posts\/41603"}],"collection":[{"href":"https:\/\/www.infokuryr.cz\/n\/wp-json\/wp\/v2\/posts"}],"about":[{"href":"https:\/\/www.infokuryr.cz\/n\/wp-json\/wp\/v2\/types\/post"}],"author":[{"embeddable":true,"href":"https:\/\/www.infokuryr.cz\/n\/wp-json\/wp\/v2\/users\/2"}],"replies":[{"embeddable":true,"href":"https:\/\/www.infokuryr.cz\/n\/wp-json\/wp\/v2\/comments?post=41603"}],"version-history":[{"count":1,"href":"https:\/\/www.infokuryr.cz\/n\/wp-json\/wp\/v2\/posts\/41603\/revisions"}],"predecessor-version":[{"id":41605,"href":"https:\/\/www.infokuryr.cz\/n\/wp-json\/wp\/v2\/posts\/41603\/revisions\/41605"}],"wp:featuredmedia":[{"embeddable":true,"href":"https:\/\/www.infokuryr.cz\/n\/wp-json\/wp\/v2\/media\/41604"}],"wp:attachment":[{"href":"https:\/\/www.infokuryr.cz\/n\/wp-json\/wp\/v2\/media?parent=41603"}],"wp:term":[{"taxonomy":"category","embeddable":true,"href":"https:\/\/www.infokuryr.cz\/n\/wp-json\/wp\/v2\/categories?post=41603"},{"taxonomy":"post_tag","embeddable":true,"href":"https:\/\/www.infokuryr.cz\/n\/wp-json\/wp\/v2\/tags?post=41603"}],"curies":[{"name":"wp","href":"https:\/\/api.w.org\/{rel}","templated":true}]}}