{"id":41585,"date":"2023-12-03T06:45:48","date_gmt":"2023-12-03T05:45:48","guid":{"rendered":"http:\/\/www.infokuryr.cz\/n\/?p=41585"},"modified":"2023-12-03T06:45:48","modified_gmt":"2023-12-03T05:45:48","slug":"marjinka-je-pod-ruskou-kontrolou-ale-je-to-pravda","status":"publish","type":"post","link":"https:\/\/www.infokuryr.cz\/n\/2023\/12\/03\/marjinka-je-pod-ruskou-kontrolou-ale-je-to-pravda\/","title":{"rendered":"&#8222;Marjinka je pod ruskou kontrolou!&#8220; \u2013 ale je to pravda?"},"content":{"rendered":"<div id=\"fb-root\"><\/div>\n<p><span style=\"font-size: 14pt;\"><strong>V p\u00e1tek n\u011bkolik zdroj\u016f uvedlo, \u017ee m\u011bsto Marjinka u Don\u011bcka bylo osvobozeno rusk\u00fdmi silami &#8211; po 20 m\u011bs\u00edc\u00edch l\u00edt\u00fdch boj\u016f. Z rusk\u00e9 ani ukrajinsk\u00e9 strany zat\u00edm nebylo \u017e\u00e1dn\u00e9 ofici\u00e1ln\u00ed potvrzen\u00ed.<\/strong><\/span><\/p>\n<p><span>Boje o Marjinku jihoz\u00e1padn\u011b od Don\u011bcka prob\u00edhaj\u00ed od prvn\u00edho dne rusk\u00e9 vojensk\u00e9 operace (\u00a0<\/span><em><span>RT DE<\/span><\/em><span>\u00a0hl\u00e1sila ve zpr\u00e1v\u00e1ch z fronty \u2013\u00a0<\/span><a href=\"https:\/\/freedert.online\/russland\/video\/173742-exklusiv-achmat-kommandeur-im-gespraech-mit-rt-de-schwere-kaempfe-in-marjinka\/\" target=\"_blank\" rel=\"noopener noreferrer\"><span>zde<\/span><\/a><span>\u00a0a\u00a0<\/span><a href=\"https:\/\/odysee.com\/@RTDE:e\/Schwere-K%C3%A4mpfe-um-strategisch-wichtigen-Ort-Russische-Truppen-r%C3%BCcken-in-Marjinka-vor:5?src=embed\" target=\"_blank\" rel=\"noopener noreferrer\"><span>zde<\/span><\/a><span>\u00a0).\u00a0P\u0159ed v\u00e1lkou m\u011blo m\u011bsto t\u00e9m\u011b\u0159 10 000 obyvatel, nyn\u00ed se v\u0161ak tvrd\u00fdmi boji prom\u011bnilo v p\u0159\u00edzra\u010dnou krajinu ruin.\u00a0V p\u00e1tek ve\u010der ohl\u00e1sil \u0161t\u00e1b \u00fazemn\u00ed obrany Don\u011bck\u00e9 lidov\u00e9 republiky dobyt\u00ed Marjinky 103. plukem 150. divize rusk\u00fdch ozbrojen\u00fdch sil. M\u011bsto je zcela pod kontrolou Rusk\u00e9 federace, hl\u00e1sili na videu dva maskovan\u00ed bojovn\u00edci.\u00a0Telegramov\u00fd kan\u00e1l\u00a0<\/span><em><span>Rusvesna<\/span><\/em><span> t\u00e9m\u011b\u0159 sou\u010dasn\u011b informoval o \u00fat\u011bku zb\u00fdvaj\u00edc\u00edch ukrajinsk\u00fdch sil z jejich pozic na z\u00e1padn\u00edm okraji m\u011bsta.<\/span><\/p>\n<p><span>Ozn\u00e1mily to i z\u00e1padn\u00ed zdroje.\u00a0Kolem p\u00e1te\u010dn\u00edho poledne tak\u00e9 Julian R\u00f6pcke z\u00a0<\/span><em><span>Bildu<\/span><\/em><span> prohl\u00e1sil, \u017ee rusk\u00e1 arm\u00e1da \u201epo 20 m\u011bs\u00edc\u00edch l\u00edt\u00fdch boj\u016f\u201c zcela obsadila Marjinku a na jednom z dom\u016f uk\u00e1zal vlaj\u00edc\u00ed ruskou trikol\u00f3ru. Existuj\u00ed tak\u00e9 nahr\u00e1vky sov\u011btsk\u00e9 v\u00edt\u011bzn\u00e9 vlajky v Marjince, kter\u00e9 zve\u0159ejnily prorusk\u00e9 kan\u00e1ly. Tradi\u010dn\u011b se zved\u00e1 na zajat\u00e9 ukrajinsk\u00e9 pozice.\u00a0Ale m\u016f\u017ee se st\u00e1t, \u017ee informace o dobit\u00ed Marjinky jsou p\u0159ed\u010dasn\u00e9.<\/span><\/p>\n<p><span>Vojensk\u00fd analytik Boris Roschin (plukovn\u00edk Cassad) uvedl, \u017ee Marjinka je\u0161t\u011b nebyla zcela osvobozena od nep\u0159\u00e1telsk\u00fdch sil \u201ei p\u0159es ur\u010dit\u00fd pokrok\u201c. Ve m\u011bst\u011b bojovaly jednotky 79. samostatn\u00e9 v\u00fdsadkov\u00e9 brig\u00e1dy ukrajinsk\u00e9 arm\u00e1dy (AFU) proti rusk\u00e9 arm\u00e1d\u011b.\u00a0Vojensk\u00fd zpravodaj Jurij Kotenok z\u00e1rove\u0148 p\u00ed\u0161e, \u017ee AFU zast\u00e1v\u00e1 \u0159adu pozic v severoz\u00e1padn\u00ed \u010d\u00e1sti Marjinky a je p\u0159\u00edli\u0161 brzy hovo\u0159it o \u00fapln\u00e9m osvobozen\u00ed m\u011bsta. Podle vojensk\u00e9ho zpravodaje Alexandra Sladkova m\u00e1 rusk\u00e1 arm\u00e1da p\u0159ed hranicemi m\u011bsta Marjinka je\u0161t\u011b dal\u0161\u00ed kilometr.<\/span><\/p>\n<p><a href=\"https:\/\/t.me\/c\/1595839251\/2953\" target=\"_blank\" rel=\"noopener noreferrer\"><span>Zpr\u00e1va<\/span><\/a><span>\u00a0z telegramov\u00e9ho kan\u00e1lu\u00a0\u00a0<\/span><em><span>Military Chronicle<\/span><\/em><span>\u00a0je pon\u011bkud m\u00e9n\u011b skeptick\u00e1\u00a0\u00a0.\u00a0Ukrajina podle toho ovl\u00e1d\u00e1 pouze 0,33 kilometru \u010dtvere\u010dn\u00edho m\u011bsta, zat\u00edmco rusk\u00e1 arm\u00e1da u\u017e ovl\u00e1d\u00e1 \u010dty\u0159i kilometry \u010dtvere\u010dn\u00ed m\u011bsta &#8211; prakticky celou osadu.\u00a095 procent rozlohy m\u011bsta je pod kontrolou rusk\u00e9 arm\u00e1dy.<\/span><\/p>\n<figure class=\"RTImage-root\">\n<div class=\"RTImage-image RTImage-original\"><picture class=\"Picture-root Picture-original\"><source srcset=\" \nhttps:\/\/mf.b37mrtl.ru\/deutsch\/images\/2023.12\/original\/656b7521b480cc617b396faa.jpg 850w,\n                https:\/\/mf.b37mrtl.ru\/deutsch\/images\/2023.12\/original\/656b7521b480cc617b396faa.jpg 1960w,\n            \" media=\"(-webkit-min-device-pixel-ratio: 2) and (min-resolution: 120dpi)\" sizes=\"912px\" data-srcset=\"\n                https:\/\/mf.b37mrtl.ru\/deutsch\/images\/2023.12\/original\/656b7521b480cc617b396faa.jpg 850w,\n                https:\/\/mf.b37mrtl.ru\/deutsch\/images\/2023.12\/original\/656b7521b480cc617b396faa.jpg 1960w,\n            \" \/><source srcset=\" \nhttps:\/\/mf.b37mrtl.ru\/deutsch\/images\/2023.12\/original\/656b7521b480cc617b396faa.jpg 460w,\n              https:\/\/mf.b37mrtl.ru\/deutsch\/images\/2023.12\/original\/656b7521b480cc617b396faa.jpg 980w,\n            \" sizes=\"912px\" data-srcset=\"\n              https:\/\/mf.b37mrtl.ru\/deutsch\/images\/2023.12\/original\/656b7521b480cc617b396faa.jpg 460w,\n              https:\/\/mf.b37mrtl.ru\/deutsch\/images\/2023.12\/original\/656b7521b480cc617b396faa.jpg 980w,\n            \" \/><img decoding=\"async\" loading=\"lazy\" class=\"Picture-root Picture-original lazyautosizes lazyloaded aligncenter\" src=\"https:\/\/mf.b37mrtl.ru\/deutsch\/images\/2023.12\/original\/656b7521b480cc617b396faa.jpg\" sizes=\"912px\" alt=\"\" width=\"706\" height=\"706\" data-sizes=\"auto\" data-src=\"https:\/\/mf.b37mrtl.ru\/deutsch\/images\/2023.12\/original\/656b7521b480cc617b396faa.jpg\" \/><\/picture><\/div><figcaption class=\"RTImage-footer\"><\/figcaption><\/figure>\n<p><span>Kan\u00e1l tak\u00e9 poskytl dal\u0161\u00ed podrobnosti o frontov\u00e9 situaci v Marjince a jej\u00edm okol\u00ed: AFU bude muset opevnit nov\u00e9 linie za p\u0159ehradou Marjinka a d\u00e1le na z\u00e1pad sm\u011brem k Georgievce, 2,5 kilometru od posledn\u00edch pozic. Ukrajinsk\u00e9 ozbrojen\u00e9 s\u00edly jsou v t\u00e9to oblasti vy\u010derp\u00e1ny, co\u017e brzy \u201enevyhnuteln\u011b ovlivn\u00ed dal\u0161\u00ed akce\u201c.<\/span><\/p>\n<p><span>Opatrn\u011b optimisticky\u00a0<\/span><a href=\"https:\/\/t.me\/sashakots\/43667\" target=\"_blank\" rel=\"noopener noreferrer\"><span>zauj\u00edm\u00e1<\/span><\/a><span>\u00a0i zku\u0161en\u00fd vojensk\u00fd zpravodaj Alexander Koz .\u00a0Ukrajinsk\u00e9 s\u00edly podle n\u011bj ovl\u00e1daj\u00ed jen \u201ep\u00e1r dom\u016f\u201c a \u00fapln\u00e9 dobyt\u00ed \u201etohoto d\u016fle\u017eit\u00e9ho p\u0159edm\u011bst\u00ed Don\u011bcka\u201c je jen ot\u00e1zkou dn\u016f.\u00a0P\u0159ipomn\u011bl, \u017ee Don\u011bck je ji\u017e dev\u011bt let pod palbou Marjinky a \u017ee \u201enep\u0159\u00edtel prom\u011bnil tuto osadu v pevnost\u201c: v\u0161echny domy v jednopatrov\u00e9m sektoru byly propojeny spojovac\u00edmi pr\u016fchody v suter\u00e9nu, z\u00e1kopy byly vypln\u011bny betonem , a v\u0161e bylo poseto minami, p\u0159i\u010dem\u017e Ukrajinci situaci sledovali \u010detn\u00fdmi kamerami.<\/span><\/p>\n<p><strong><em>&#8222;Nep\u0159\u00edtel byl vytla\u010den z v\u011bt\u0161iny soukrom\u00e9ho sektoru na podzim lo\u0148sk\u00e9ho roku, ale z\u00edskal oporu ve v\u00fd\u0161kov\u00fdch budov\u00e1ch na z\u00e1pad\u011b, kter\u00e9 doned\u00e1vna dr\u017eel. Osvobozen\u00ed Marjinky v\u00e1\u017en\u011b ot\u0159ese AFU&#8220; a opevn\u011bn\u00ed v Donbasu a umo\u017en\u00ed to dostat pod palbu z\u00e1sobovac\u00ed trasy skupiny Ugledar, co\u017e bude m\u00edt v\u00e1\u017en\u00fd dopad na rovnov\u00e1hu sil ve sm\u011bru na jih Don\u011bcka,\u201c napsal Koz.<\/em><\/strong><\/p>\n<p><span>Telegramov\u00fd kan\u00e1l pro vojenskou anal\u00fdzu\u00a0<\/span><em><span>Rybar<\/span><\/em><span>\u00a0je tak\u00e9 toho\u00a0<\/span><a href=\"https:\/\/t.me\/rybar\/54666\" target=\"_blank\" rel=\"noopener noreferrer\"><span>n\u00e1zoru<\/span><\/a><span> , \u017ee \u00fapln\u00e9 sta\u017een\u00ed ukrajinsk\u00fdch ozbrojen\u00fdch sil z Marjinky je mo\u017en\u00e9 v \u201ebl\u00edzk\u00e9 budoucnosti\u201c. Rusk\u00e9 ministerstvo obrany ve sv\u00e9m sobotn\u00edm denn\u00edm hl\u00e1\u0161en\u00ed o boj\u00edch kolem Marjinky uvedlo jen kr\u00e1tkou zm\u00ednku: &#8222;B\u011bhem t\u00fddne za\u00fato\u010dily rusk\u00e9 s\u00edly na person\u00e1l a techniku \u200b\u200bAFU v Marjince, Kurdyumovce a Kleschejevce.&#8220;<\/span><\/p>\n<p><img decoding=\"async\" loading=\"lazy\" class=\"alignnone size-full wp-image-1185\" src=\"http:\/\/www.infokuryr.cz\/n\/wp-content\/uploads\/2021\/04\/kuryr-podpis.png\" alt=\"\" width=\"84\" height=\"24\" \/><\/p>\n<p>&nbsp;<\/p>\n<p><a href=\"https:\/\/stranapro.cz\/\"><img decoding=\"async\" loading=\"lazy\" class=\"wp-image-40286 aligncenter\" src=\"http:\/\/www.infokuryr.cz\/n\/wp-content\/uploads\/2023\/11\/12pro-300x87.png\" alt=\"\" width=\"1004\" height=\"291\" srcset=\"https:\/\/www.infokuryr.cz\/n\/wp-content\/uploads\/2023\/11\/12pro-300x87.png 300w, https:\/\/www.infokuryr.cz\/n\/wp-content\/uploads\/2023\/11\/12pro.png 366w\" sizes=\"(max-width: 1004px) 100vw, 1004px\" \/><\/a><\/p>\n<p>&nbsp;<\/p>\n<p>&nbsp;<\/p>\n<p>&nbsp;<\/p>\n","protected":false},"excerpt":{"rendered":"<p>V p\u00e1tek n\u011bkolik zdroj\u016f uvedlo, \u017ee m\u011bsto Marjinka u Don\u011bcka bylo osvobozeno rusk\u00fdmi silami &#8211;&#8230;<\/p>\n","protected":false},"author":2,"featured_media":41586,"comment_status":"closed","ping_status":"closed","sticky":false,"template":"","format":"standard","meta":[],"categories":[7],"tags":[1917,4338,220,22,26],"_links":{"self":[{"href":"https:\/\/www.infokuryr.cz\/n\/wp-json\/wp\/v2\/posts\/41585"}],"collection":[{"href":"https:\/\/www.infokuryr.cz\/n\/wp-json\/wp\/v2\/posts"}],"about":[{"href":"https:\/\/www.infokuryr.cz\/n\/wp-json\/wp\/v2\/types\/post"}],"author":[{"embeddable":true,"href":"https:\/\/www.infokuryr.cz\/n\/wp-json\/wp\/v2\/users\/2"}],"replies":[{"embeddable":true,"href":"https:\/\/www.infokuryr.cz\/n\/wp-json\/wp\/v2\/comments?post=41585"}],"version-history":[{"count":0,"href":"https:\/\/www.infokuryr.cz\/n\/wp-json\/wp\/v2\/posts\/41585\/revisions"}],"wp:featuredmedia":[{"embeddable":true,"href":"https:\/\/www.infokuryr.cz\/n\/wp-json\/wp\/v2\/media\/41586"}],"wp:attachment":[{"href":"https:\/\/www.infokuryr.cz\/n\/wp-json\/wp\/v2\/media?parent=41585"}],"wp:term":[{"taxonomy":"category","embeddable":true,"href":"https:\/\/www.infokuryr.cz\/n\/wp-json\/wp\/v2\/categories?post=41585"},{"taxonomy":"post_tag","embeddable":true,"href":"https:\/\/www.infokuryr.cz\/n\/wp-json\/wp\/v2\/tags?post=41585"}],"curies":[{"name":"wp","href":"https:\/\/api.w.org\/{rel}","templated":true}]}}