{"id":41581,"date":"2023-12-03T06:26:40","date_gmt":"2023-12-03T05:26:40","guid":{"rendered":"http:\/\/www.infokuryr.cz\/n\/?p=41581"},"modified":"2023-12-03T06:26:40","modified_gmt":"2023-12-03T05:26:40","slug":"pariz-muslim-utocil-nozem-a-kladivem-na-turisty-ve-videu-se-k-utoku-prihlasil","status":"publish","type":"post","link":"https:\/\/www.infokuryr.cz\/n\/2023\/12\/03\/pariz-muslim-utocil-nozem-a-kladivem-na-turisty-ve-videu-se-k-utoku-prihlasil\/","title":{"rendered":"Pa\u0159\u00ed\u017e: Muslim \u00fato\u010dil no\u017eem a kladivem na turisty, ve videu se k \u00fatoku p\u0159ihl\u00e1sil"},"content":{"rendered":"<div id=\"fb-root\"><\/div>\n<p><strong>Nejsp\u00ed\u0161 jste ji\u017e zaznamenali, \u017ee v\u010dera ve\u010der do\u0161lo v Pa\u0159\u00ed\u017ei k \u00fatoku na turisty. \u00dato\u010dn\u00edkem je\u00a0 muslim \u00edr\u00e1nsk\u00e9ho p\u016fvodu Armand Rajabpour-Miyandoab, kter\u00fd m\u00e1 v\u0161ak francouzsk\u00e9 ob\u010danstv\u00ed.<\/strong><\/p>\n<p>Ji\u017e nyn\u00ed je jist\u00e9, \u017ee nebude deportov\u00e1n, proto\u017ee ve Francii se p\u0159ed 26 lety narodil. Je tedy pova\u017eov\u00e1n za Francouze, p\u0159i\u010dem\u017e i ve v\u0161ech statistik\u00e1ch tak bude veden.<\/p>\n<p>Podle sv\u011bdk\u016f k\u0159i\u010del \u201eAll\u00e1hu Akbar\u201c p\u0159edt\u00edm, ne\u017e byl zat\u010den na Avenue du Parc de Passy. Policie pou\u017eila paralyz\u00e9r. Po sv\u00e9m zat\u010den\u00ed \u0159ekl, \u017ee u\u017e nem\u016f\u017ee d\u00e1l sn\u00e1\u0161et smrt muslim\u016f v Afgh\u00e1nist\u00e1nu i Palestin\u011b.<\/p>\n<p>A jak\u00a0<a href=\"https:\/\/www.fdesouche.com\/2023\/12\/03\/paris-un-mort-et-un-blesse-apres-une-attaque-au-couteau-pres-du-du-quai-grenelle-lindividu-a-ete-interpelle\/\">k \u00fatoku do\u0161lo<\/a>?<\/p>\n<p>Doty\u010dn\u00fd za\u010dal sv\u00e9 vra\u017eedn\u00e9 b\u011bsn\u011bn\u00ed kr\u00e1tce po 21. hodin\u011b mezi Quai de Grenelle a Bir-Hakeim. Nejprve za\u00fato\u010dil na n\u011bmeck\u00e9ho turistu. Pot\u00e9 uprchl p\u0159es most Bir-Hakeim d\u00edky z\u00e1sahu taxik\u00e1\u0159e, kter\u00fd sc\u00e9nu vid\u011bl.<\/p>\n<p>V tu chv\u00edli ho pron\u00e1sledovala pos\u00e1dka policist\u016f ze 7. obvodu, nicm\u00e9n\u011b on mezit\u00edm stihl za\u00fato\u010dit na dal\u0161\u00ed dva lidi.<\/p>\n<p><a href=\"https:\/\/stranapro.cz\/\"><img decoding=\"async\" loading=\"lazy\" class=\"alignnone  wp-image-40285 aligncenter\" src=\"http:\/\/www.infokuryr.cz\/n\/wp-content\/uploads\/2023\/11\/11pro-300x79.png\" alt=\"\" width=\"505\" height=\"133\" srcset=\"https:\/\/www.infokuryr.cz\/n\/wp-content\/uploads\/2023\/11\/11pro-300x79.png 300w, https:\/\/www.infokuryr.cz\/n\/wp-content\/uploads\/2023\/11\/11pro.png 363w\" sizes=\"(max-width: 505px) 100vw, 505px\" \/><\/a><\/p>\n<p>\u201eKdy\u017e \u010dty\u0159i policist\u00e9 vystoupili z vozidla, aby podez\u0159el\u00e9ho zatkli, dr\u017eel ruce v kaps\u00e1ch a vysv\u011btloval, \u017ee m\u00e1 u sebe v\u00fdbu\u0161niny. Ne\u017e byl dopaden, znovu utekl. Tv\u00e1\u0159\u00ed v tv\u00e1\u0159 n\u00e1siln\u00fdm hrozb\u00e1m podez\u0159el\u00e9ho jeden z policist\u016f pou\u017eil dvakr\u00e1t taser\u201c, \u0159ekl ministr vnitra Darmanin.<\/p>\n<p>Mu\u017e, kter\u00fd byl ubod\u00e1n k smrti, se narodil v roce 1999. Jednou ze zran\u011bn\u00fdch ob\u011bt\u00ed byl anglick\u00fd turista narozen\u00fd v roce 1957, druhou ob\u011bt\u00ed byl n\u011bmeck\u00fd st\u00e1tn\u00ed p\u0159\u00edslu\u0161n\u00edk.<\/p>\n<p>Zesnul\u00fd mu\u017e je n\u011bmeck\u00fd turista, kter\u00fd m\u00e1 tak\u00e9 filip\u00ednsk\u00e9 ob\u010danstv\u00ed. Byl n\u011bkolikr\u00e1t zasa\u017een do hlavy, zad a ramen. Dal\u0161\u00ed dva lid\u00e9 byli p\u0159i \u00fatoku zran\u011bni.<\/p>\n<p>Jeden z nich, anglick\u00fd turista, byl ude\u0159en kladivem do oka. Postarali se o n\u011bj z\u00e1chran\u00e1\u0159i. Druh\u00fd zran\u011bn\u00fd byl v \u0161oku.<\/p>\n<p>\u201eJejich \u017eivoty nejsou v ohro\u017een\u00ed,\u201c \u0159ekl G\u00e9rald Darmanin, kter\u00fd nav\u0161t\u00edvil m\u00edsto \u010dinu. \u010ctvrt\u00e1 osoba, p\u0159\u00edtelkyn\u011b zavra\u017ed\u011bn\u00e9 ob\u011bti, je \u2013 slovy ministra \u2013 vnitra \u0161okov\u00e1na.<\/p>\n<p>\u00dato\u010dn\u00edk byl zat\u010den ji\u017e v \u010dervenci 2016, proto\u017ee pl\u00e1noval sp\u00e1chat n\u00e1silnou akci v La D\u00e9fense. Byl odsouzen k p\u011bti let\u016fm v\u011bzen\u00ed za teroristick\u00e9 spiknut\u00ed, z nich\u017e jeden byl podm\u00edn\u011bn\u011b odlo\u017een. Z v\u011bzen\u00ed byl propu\u0161t\u011bn roku 2020.<\/p>\n<p><span style=\"font-size: 18pt;\"><strong>Muslimsk\u00fd terorista zve\u0159ejnil video, ve kter\u00e9m se p\u0159ihl\u00e1sil ke zodpov\u011bdnosti za \u00fatoky:<\/strong><\/span><\/p>\n<div class=\"twitter-tweet twitter-tweet-rendered\"><iframe id=\"twitter-widget-0\" class=\"\" title=\"Twitter Tweet\" src=\"https:\/\/platform.twitter.com\/embed\/Tweet.html?dnt=true&amp;embedId=twitter-widget-0&amp;features=eyJ0ZndfdGltZWxpbmVfbGlzdCI6eyJidWNrZXQiOltdLCJ2ZXJzaW9uIjpudWxsfSwidGZ3X2ZvbGxvd2VyX2NvdW50X3N1bnNldCI6eyJidWNrZXQiOnRydWUsInZlcnNpb24iOm51bGx9LCJ0ZndfdHdlZXRfZWRpdF9iYWNrZW5kIjp7ImJ1Y2tldCI6Im9uIiwidmVyc2lvbiI6bnVsbH0sInRmd19yZWZzcmNfc2Vzc2lvbiI6eyJidWNrZXQiOiJvbiIsInZlcnNpb24iOm51bGx9LCJ0ZndfZm9zbnJfc29mdF9pbnRlcnZlbnRpb25zX2VuYWJsZWQiOnsiYnVja2V0Ijoib24iLCJ2ZXJzaW9uIjpudWxsfSwidGZ3X21peGVkX21lZGlhXzE1ODk3Ijp7ImJ1Y2tldCI6InRyZWF0bWVudCIsInZlcnNpb24iOm51bGx9LCJ0ZndfZXhwZXJpbWVudHNfY29va2llX2V4cGlyYXRpb24iOnsiYnVja2V0IjoxMjA5NjAwLCJ2ZXJzaW9uIjpudWxsfSwidGZ3X3Nob3dfYmlyZHdhdGNoX3Bpdm90c19lbmFibGVkIjp7ImJ1Y2tldCI6Im9uIiwidmVyc2lvbiI6bnVsbH0sInRmd19kdXBsaWNhdGVfc2NyaWJlc190b19zZXR0aW5ncyI6eyJidWNrZXQiOiJvbiIsInZlcnNpb24iOm51bGx9LCJ0ZndfdXNlX3Byb2ZpbGVfaW1hZ2Vfc2hhcGVfZW5hYmxlZCI6eyJidWNrZXQiOiJvbiIsInZlcnNpb24iOm51bGx9LCJ0ZndfdmlkZW9faGxzX2R5bmFtaWNfbWFuaWZlc3RzXzE1MDgyIjp7ImJ1Y2tldCI6InRydWVfYml0cmF0ZSIsInZlcnNpb24iOm51bGx9LCJ0ZndfbGVnYWN5X3RpbWVsaW5lX3N1bnNldCI6eyJidWNrZXQiOnRydWUsInZlcnNpb24iOm51bGx9LCJ0ZndfdHdlZXRfZWRpdF9mcm9udGVuZCI6eyJidWNrZXQiOiJvbiIsInZlcnNpb24iOm51bGx9fQ%3D%3D&amp;frame=false&amp;hideCard=false&amp;hideThread=false&amp;id=1731115849690284330&amp;lang=cs&amp;origin=https%3A%2F%2Fnecenzurovanapravda.cz%2F2023%2F12%2Fpariz-muslim-utocil-nozem-a-kladivem-na-turisty-ve-videu-se-k-utoku-prihlasil-videa%2F&amp;sessionId=9a075f948f6df0da72f02bdb6dab084ee1fc2049&amp;theme=light&amp;widgetsVersion=01917f4d1d4cb%3A1696883169554&amp;width=550px\" frameborder=\"0\" scrolling=\"no\" allowfullscreen=\"allowfullscreen\" data-tweet-id=\"1731115849690284330\" data-mce-fragment=\"1\"><\/iframe><\/div>\n<p>&nbsp;<\/p>\n<p><span style=\"font-size: 18pt;\"><strong>Poda\u0159ilo se nato\u010dit jeho zat\u00fdk\u00e1n\u00ed. Mohamed\u00e1n k\u0159i\u010d\u00ed: \u201eAllahu akbar,\u201c zat\u00edmco se ho policist\u00e9 sna\u017e\u00ed zpacifikovat:<\/strong><\/span><\/p>\n<div class=\"twitter-tweet twitter-tweet-rendered\"><iframe id=\"twitter-widget-1\" class=\"\" title=\"Twitter Tweet\" src=\"https:\/\/platform.twitter.com\/embed\/Tweet.html?dnt=true&amp;embedId=twitter-widget-1&amp;features=eyJ0ZndfdGltZWxpbmVfbGlzdCI6eyJidWNrZXQiOltdLCJ2ZXJzaW9uIjpudWxsfSwidGZ3X2ZvbGxvd2VyX2NvdW50X3N1bnNldCI6eyJidWNrZXQiOnRydWUsInZlcnNpb24iOm51bGx9LCJ0ZndfdHdlZXRfZWRpdF9iYWNrZW5kIjp7ImJ1Y2tldCI6Im9uIiwidmVyc2lvbiI6bnVsbH0sInRmd19yZWZzcmNfc2Vzc2lvbiI6eyJidWNrZXQiOiJvbiIsInZlcnNpb24iOm51bGx9LCJ0ZndfZm9zbnJfc29mdF9pbnRlcnZlbnRpb25zX2VuYWJsZWQiOnsiYnVja2V0Ijoib24iLCJ2ZXJzaW9uIjpudWxsfSwidGZ3X21peGVkX21lZGlhXzE1ODk3Ijp7ImJ1Y2tldCI6InRyZWF0bWVudCIsInZlcnNpb24iOm51bGx9LCJ0ZndfZXhwZXJpbWVudHNfY29va2llX2V4cGlyYXRpb24iOnsiYnVja2V0IjoxMjA5NjAwLCJ2ZXJzaW9uIjpudWxsfSwidGZ3X3Nob3dfYmlyZHdhdGNoX3Bpdm90c19lbmFibGVkIjp7ImJ1Y2tldCI6Im9uIiwidmVyc2lvbiI6bnVsbH0sInRmd19kdXBsaWNhdGVfc2NyaWJlc190b19zZXR0aW5ncyI6eyJidWNrZXQiOiJvbiIsInZlcnNpb24iOm51bGx9LCJ0ZndfdXNlX3Byb2ZpbGVfaW1hZ2Vfc2hhcGVfZW5hYmxlZCI6eyJidWNrZXQiOiJvbiIsInZlcnNpb24iOm51bGx9LCJ0ZndfdmlkZW9faGxzX2R5bmFtaWNfbWFuaWZlc3RzXzE1MDgyIjp7ImJ1Y2tldCI6InRydWVfYml0cmF0ZSIsInZlcnNpb24iOm51bGx9LCJ0ZndfbGVnYWN5X3RpbWVsaW5lX3N1bnNldCI6eyJidWNrZXQiOnRydWUsInZlcnNpb24iOm51bGx9LCJ0ZndfdHdlZXRfZWRpdF9mcm9udGVuZCI6eyJidWNrZXQiOiJvbiIsInZlcnNpb24iOm51bGx9fQ%3D%3D&amp;frame=false&amp;hideCard=false&amp;hideThread=false&amp;id=1731098594655048159&amp;lang=cs&amp;origin=https%3A%2F%2Fnecenzurovanapravda.cz%2F2023%2F12%2Fpariz-muslim-utocil-nozem-a-kladivem-na-turisty-ve-videu-se-k-utoku-prihlasil-videa%2F&amp;sessionId=9a075f948f6df0da72f02bdb6dab084ee1fc2049&amp;theme=light&amp;widgetsVersion=01917f4d1d4cb%3A1696883169554&amp;width=550px\" frameborder=\"0\" scrolling=\"no\" allowfullscreen=\"allowfullscreen\" data-tweet-id=\"1731098594655048159\" data-mce-fragment=\"1\"><\/iframe><\/div>\n<p>&nbsp;<\/p>\n<p><span style=\"font-size: 18pt;\"><strong>M\u00edsto, kde do\u0161lo k vra\u017eedn\u00e9mu \u00fatoku:<\/strong><\/span><\/p>\n<div class=\"twitter-tweet twitter-tweet-rendered\"><iframe id=\"twitter-widget-2\" class=\"\" title=\"Twitter Tweet\" src=\"https:\/\/platform.twitter.com\/embed\/Tweet.html?dnt=true&amp;embedId=twitter-widget-2&amp;features=eyJ0ZndfdGltZWxpbmVfbGlzdCI6eyJidWNrZXQiOltdLCJ2ZXJzaW9uIjpudWxsfSwidGZ3X2ZvbGxvd2VyX2NvdW50X3N1bnNldCI6eyJidWNrZXQiOnRydWUsInZlcnNpb24iOm51bGx9LCJ0ZndfdHdlZXRfZWRpdF9iYWNrZW5kIjp7ImJ1Y2tldCI6Im9uIiwidmVyc2lvbiI6bnVsbH0sInRmd19yZWZzcmNfc2Vzc2lvbiI6eyJidWNrZXQiOiJvbiIsInZlcnNpb24iOm51bGx9LCJ0ZndfZm9zbnJfc29mdF9pbnRlcnZlbnRpb25zX2VuYWJsZWQiOnsiYnVja2V0Ijoib24iLCJ2ZXJzaW9uIjpudWxsfSwidGZ3X21peGVkX21lZGlhXzE1ODk3Ijp7ImJ1Y2tldCI6InRyZWF0bWVudCIsInZlcnNpb24iOm51bGx9LCJ0ZndfZXhwZXJpbWVudHNfY29va2llX2V4cGlyYXRpb24iOnsiYnVja2V0IjoxMjA5NjAwLCJ2ZXJzaW9uIjpudWxsfSwidGZ3X3Nob3dfYmlyZHdhdGNoX3Bpdm90c19lbmFibGVkIjp7ImJ1Y2tldCI6Im9uIiwidmVyc2lvbiI6bnVsbH0sInRmd19kdXBsaWNhdGVfc2NyaWJlc190b19zZXR0aW5ncyI6eyJidWNrZXQiOiJvbiIsInZlcnNpb24iOm51bGx9LCJ0ZndfdXNlX3Byb2ZpbGVfaW1hZ2Vfc2hhcGVfZW5hYmxlZCI6eyJidWNrZXQiOiJvbiIsInZlcnNpb24iOm51bGx9LCJ0ZndfdmlkZW9faGxzX2R5bmFtaWNfbWFuaWZlc3RzXzE1MDgyIjp7ImJ1Y2tldCI6InRydWVfYml0cmF0ZSIsInZlcnNpb24iOm51bGx9LCJ0ZndfbGVnYWN5X3RpbWVsaW5lX3N1bnNldCI6eyJidWNrZXQiOnRydWUsInZlcnNpb24iOm51bGx9LCJ0ZndfdHdlZXRfZWRpdF9mcm9udGVuZCI6eyJidWNrZXQiOiJvbiIsInZlcnNpb24iOm51bGx9fQ%3D%3D&amp;frame=false&amp;hideCard=false&amp;hideThread=false&amp;id=1731096485167559117&amp;lang=cs&amp;origin=https%3A%2F%2Fnecenzurovanapravda.cz%2F2023%2F12%2Fpariz-muslim-utocil-nozem-a-kladivem-na-turisty-ve-videu-se-k-utoku-prihlasil-videa%2F&amp;sessionId=9a075f948f6df0da72f02bdb6dab084ee1fc2049&amp;theme=light&amp;widgetsVersion=01917f4d1d4cb%3A1696883169554&amp;width=550px\" frameborder=\"0\" scrolling=\"no\" allowfullscreen=\"allowfullscreen\" data-tweet-id=\"1731096485167559117\" data-mce-fragment=\"1\"><\/iframe><\/div>\n<p>&nbsp;<\/p>\n<p><a href=\"https:\/\/www.fdesouche.com\/2023\/12\/03\/paris-un-mort-et-un-blesse-apres-une-attaque-au-couteau-pres-du-du-quai-grenelle-lindividu-a-ete-interpelle\/\">ZDROJ<\/a><\/p>\n","protected":false},"excerpt":{"rendered":"<p>Nejsp\u00ed\u0161 jste ji\u017e zaznamenali, \u017ee v\u010dera ve\u010der do\u0161lo v Pa\u0159\u00ed\u017ei k \u00fatoku na turisty. \u00dato\u010dn\u00edkem&#8230;<\/p>\n","protected":false},"author":2,"featured_media":41582,"comment_status":"closed","ping_status":"closed","sticky":false,"template":"","format":"standard","meta":[],"categories":[7],"tags":[840,362,36,1205],"_links":{"self":[{"href":"https:\/\/www.infokuryr.cz\/n\/wp-json\/wp\/v2\/posts\/41581"}],"collection":[{"href":"https:\/\/www.infokuryr.cz\/n\/wp-json\/wp\/v2\/posts"}],"about":[{"href":"https:\/\/www.infokuryr.cz\/n\/wp-json\/wp\/v2\/types\/post"}],"author":[{"embeddable":true,"href":"https:\/\/www.infokuryr.cz\/n\/wp-json\/wp\/v2\/users\/2"}],"replies":[{"embeddable":true,"href":"https:\/\/www.infokuryr.cz\/n\/wp-json\/wp\/v2\/comments?post=41581"}],"version-history":[{"count":0,"href":"https:\/\/www.infokuryr.cz\/n\/wp-json\/wp\/v2\/posts\/41581\/revisions"}],"wp:featuredmedia":[{"embeddable":true,"href":"https:\/\/www.infokuryr.cz\/n\/wp-json\/wp\/v2\/media\/41582"}],"wp:attachment":[{"href":"https:\/\/www.infokuryr.cz\/n\/wp-json\/wp\/v2\/media?parent=41581"}],"wp:term":[{"taxonomy":"category","embeddable":true,"href":"https:\/\/www.infokuryr.cz\/n\/wp-json\/wp\/v2\/categories?post=41581"},{"taxonomy":"post_tag","embeddable":true,"href":"https:\/\/www.infokuryr.cz\/n\/wp-json\/wp\/v2\/tags?post=41581"}],"curies":[{"name":"wp","href":"https:\/\/api.w.org\/{rel}","templated":true}]}}