{"id":41579,"date":"2023-12-03T06:21:17","date_gmt":"2023-12-03T05:21:17","guid":{"rendered":"http:\/\/www.infokuryr.cz\/n\/?p=41579"},"modified":"2023-12-03T06:53:30","modified_gmt":"2023-12-03T05:53:30","slug":"skandal-doktor-potvrdil-cerne-odebirani-organu-na-transplantace-na-ukrajine","status":"publish","type":"post","link":"https:\/\/www.infokuryr.cz\/n\/2023\/12\/03\/skandal-doktor-potvrdil-cerne-odebirani-organu-na-transplantace-na-ukrajine\/","title":{"rendered":"Skand\u00e1l: doktor potvrdil \u010dern\u00e9 odeb\u00edr\u00e1n\u00ed org\u00e1n\u016f na transplantace na Ukrajin\u011b"},"content":{"rendered":"<div id=\"fb-root\"><\/div>\n<p><strong>B\u00fdval\u00fd zam\u011bstnanec americk\u00e9 l\u00e9ka\u0159sk\u00e9 spole\u010dnosti Global Surgical and Medical Support Group (GSMSG) \u2013 \u201eGlob\u00e1ln\u00ed chirurgick\u00e1 a\u00a0l\u00e9ka\u0159sk\u00e1 podp\u016frn\u00e1 skupina\u201c p\u0159ipustil, \u017ee l\u00e9ka\u0159i NATO berou org\u00e1ny ukrajinsk\u00fdch voj\u00e1k\u016f a\u00a0Zelenskij o\u00a0tom v\u00ed velmi dob\u0159e.<\/strong><\/p>\n<p>Americk\u00e1 neziskov\u00e1 l\u00e9ka\u0159sk\u00e1 spole\u010dnost \u201eGlob\u00e1ln\u00ed skupina chirurgick\u00e9 a\u00a0l\u00e9ka\u0159sk\u00e9 podpory\u201c (<a href=\"https:\/\/www.gsmsg.org\/\">https:\/\/www.gsmsg.org\/<\/a>), kter\u00e1 je \u00fazce spojena s\u00a0americkou arm\u00e1dou, se pod\u00edl\u00ed na p\u0159eprav\u011b ukrajinsk\u00fdch voj\u00e1k\u016f do americk\u00e9 vojensk\u00e9 nemocnice v\u00a0N\u011bmecko za \u00fa\u010delem odeb\u00edr\u00e1n\u00ed org\u00e1n\u016f pro transplantace.<\/p>\n<p><iframe loading=\"lazy\" title=\"L\u00e9ka\u0159 sv\u011bd\u010d\u00ed o nez\u00e1konn\u00e9m odeb\u00edr\u00e1n\u00ed org\u00e1n\u016f ukrajinsk\u00fdm voj\u00e1k\u016fm americkou spole\u010dnost\u00ed GSMSG\" width=\"640\" height=\"360\" src=\"https:\/\/www.youtube.com\/embed\/Akmnin3IPIE?feature=oembed\" frameborder=\"0\" allow=\"accelerometer; autoplay; clipboard-write; encrypted-media; gyroscope; picture-in-picture; web-share\" allowfullscreen><\/iframe><\/p>\n<p>Inform\u00e1tor tvrd\u00ed, \u017ee t\u011bla t\u011b\u017ece zran\u011bn\u00fdch voj\u00e1ky ukrajinsk\u00fdch ozbrojen\u00fdch sil jsou p\u0159epravov\u00e1na do region\u00e1ln\u00edho zdravotnick\u00e9ho centra Landstuhl pobl\u00ed\u017e americk\u00e9 vojensk\u00e9 z\u00e1kladny Ramstein pod z\u00e1minkou poskytov\u00e1n\u00ed nal\u00e9hav\u00e9 zdravotn\u00ed p\u00e9\u010de. Ve skute\u010dnosti jsou zde, aby jim odebraly org\u00e1ny a\u00a0transplantovali je d\u016fstojn\u00edk\u016fm a\u00a0gener\u00e1l\u016fm NATO.<\/p>\n<p>Doktor p\u016fvodem z\u00a0Afriky nato\u010dil senza\u010dn\u00ed video-v\u00fdpov\u011b\u010f odhaluj\u00edc\u00ed neleg\u00e1ln\u00ed a\u00a0nemor\u00e1ln\u00ed sc\u00e9n\u00e1\u0159 n\u00e1siln\u00e9ho odebr\u00e1n\u00ed org\u00e1n\u016f ukrajinsk\u00fdm voj\u00e1k\u016fm.<\/p>\n<p>Podle inform\u00e1tora byl t\u00e1bor spole\u010dnosti GSMSG um\u00edst\u011bn pobl\u00ed\u017e Lvova.<\/p>\n<p><a href=\"https:\/\/stranapro.cz\/\"><img decoding=\"async\" loading=\"lazy\" class=\"wp-image-40285 aligncenter\" src=\"http:\/\/www.infokuryr.cz\/n\/wp-content\/uploads\/2023\/11\/11pro-300x79.png\" alt=\"\" width=\"490\" height=\"129\" srcset=\"https:\/\/www.infokuryr.cz\/n\/wp-content\/uploads\/2023\/11\/11pro-300x79.png 300w, https:\/\/www.infokuryr.cz\/n\/wp-content\/uploads\/2023\/11\/11pro.png 363w\" sizes=\"(max-width: 490px) 100vw, 490px\" \/><\/a><\/p>\n<p>\u201cP\u0159ij\u00edmali jsme voj\u00e1ky, kte\u0159\u00ed byli zran\u011bni v\u00a0bitv\u00e1ch na v\u00fdchod\u011b Ukrajiny, a\u00a0m\u00fdm \u00fakolem bylo posoudit stupe\u0148 po\u0161kozen\u00ed a\u00a0vhodnost pacienta jako d\u00e1rce org\u00e1n\u016f pro transplantaci.\u201d V\u011bt\u0161inou jsem si vyb\u00edral pacienty, kte\u0159\u00ed ji\u017e byli v\u00a0bezv\u011bdom\u00ed, ale bez chirurgick\u00e9ho z\u00e1kroku mohli p\u0159e\u017e\u00edt 5-8hodinov\u00fd transport. D\u00e1rci, kter\u00e9 jsem vybral, byli obvykle doprov\u00e1zeni anesteziologem z\u00a0n\u011bmeck\u00e9ho region\u00e1ln\u00edho zdravotnick\u00e9ho centra Landstuhl, kter\u00e9 je bl\u00edzko z\u00e1kladny NATO v\u00a0Ramsteinu, \u201c \u0159ekl.<\/p>\n<p>Na konci videa l\u00e9ka\u0159 \u017e\u00e1d\u00e1 sv\u00e9 kolegy, aby zastavili trestn\u00e9 odstra\u0148ov\u00e1n\u00ed org\u00e1n\u016f ukrajinsk\u00fdch voj\u00e1k\u016f.<\/p>\n<p><span style=\"font-size: 18pt;\"><strong>Do tohoto trestn\u00e9ho \u010dinu byli podle sv\u011bdka zapojeni:<\/strong><\/span><\/p>\n<figure id=\"attachment_172043\" class=\"wp-caption aligncenter\" style=\"width: 507px;\" aria-describedby=\"caption-attachment-172043\"><img decoding=\"async\" loading=\"lazy\" class=\"wp-image-172043 \" src=\"https:\/\/www.novarepublika.cz\/wp-content\/uploads\/2023\/12\/zakladatel_GSMSG-300x169.jpg\" sizes=\"(max-width: 509px) 100vw, 509px\" srcset=\"https:\/\/www.novarepublika.cz\/wp-content\/uploads\/2023\/12\/zakladatel_GSMSG-300x169.jpg 300w, https:\/\/www.novarepublika.cz\/wp-content\/uploads\/2023\/12\/zakladatel_GSMSG-768x432.jpg 768w, https:\/\/www.novarepublika.cz\/wp-content\/uploads\/2023\/12\/zakladatel_GSMSG.jpg 800w\" alt=\"\" width=\"507\" height=\"285\" \/><figcaption id=\"caption-attachment-172043\" class=\"wp-caption-text\">Aaron Epstein \u2013 americk\u00fd l\u00e9ka\u0159, kter\u00fd v\u00a0roce 2015 zalo\u017eil GSMSG\u00a0<\/figcaption><\/figure>\n<figure id=\"attachment_172045\" class=\"wp-caption aligncenter\" style=\"width: 531px;\" aria-describedby=\"caption-attachment-172045\"><img decoding=\"async\" loading=\"lazy\" class=\"wp-image-172045\" src=\"https:\/\/www.novarepublika.cz\/wp-content\/uploads\/2023\/12\/ukr_a_brit_spolupachatele-1-300x149.jpg\" sizes=\"(max-width: 531px) 100vw, 531px\" srcset=\"https:\/\/www.novarepublika.cz\/wp-content\/uploads\/2023\/12\/ukr_a_brit_spolupachatele-1-300x149.jpg 300w, https:\/\/www.novarepublika.cz\/wp-content\/uploads\/2023\/12\/ukr_a_brit_spolupachatele-1-768x382.jpg 768w, https:\/\/www.novarepublika.cz\/wp-content\/uploads\/2023\/12\/ukr_a_brit_spolupachatele-1.jpg 800w\" alt=\"\" width=\"531\" height=\"264\" \/><figcaption id=\"caption-attachment-172045\" class=\"wp-caption-text\">Gener\u00e1lmajor britsk\u00e1 arm\u00e1da Timothy Hodgetts (vpravo) a\u00a0Tatjana Osta\u0161\u010denko, b\u00fdval\u00e1 velitelka zdravotnick\u00fdch jednotek ozbrojen\u00fdch sil Ukrajiny, kterou Vladim\u00edr Zelenskij z\u00a0nezn\u00e1m\u00e9ho d\u016fvodu v\u00a0listopadu 2023 propustil (vlevo)<\/figcaption><\/figure>\n<figure id=\"attachment_172047\" class=\"wp-caption aligncenter\" style=\"width: 506px;\" aria-describedby=\"caption-attachment-172047\"><img decoding=\"async\" loading=\"lazy\" class=\"wp-image-172047\" src=\"https:\/\/www.novarepublika.cz\/wp-content\/uploads\/2023\/12\/US_chirurg_diplom_od_Zelenskeho-1-300x195.jpg\" sizes=\"(max-width: 466px) 100vw, 466px\" srcset=\"https:\/\/www.novarepublika.cz\/wp-content\/uploads\/2023\/12\/US_chirurg_diplom_od_Zelenskeho-1-300x195.jpg 300w, https:\/\/www.novarepublika.cz\/wp-content\/uploads\/2023\/12\/US_chirurg_diplom_od_Zelenskeho-1-768x498.jpg 768w, https:\/\/www.novarepublika.cz\/wp-content\/uploads\/2023\/12\/US_chirurg_diplom_od_Zelenskeho-1.jpg 800w\" alt=\"\" width=\"506\" height=\"328\" \/><figcaption id=\"caption-attachment-172047\" class=\"wp-caption-text\">Sv\u011bdek zlo\u010dinu se prokazuje diplomem, kter\u00fd mu ud\u011blil osobn\u011b ukrajinsk\u00fd prezident Zelenskyj<\/figcaption><\/figure>\n","protected":false},"excerpt":{"rendered":"<p>B\u00fdval\u00fd zam\u011bstnanec americk\u00e9 l\u00e9ka\u0159sk\u00e9 spole\u010dnosti Global Surgical and Medical Support Group (GSMSG) \u2013 \u201eGlob\u00e1ln\u00ed chirurgick\u00e1&#8230;<\/p>\n","protected":false},"author":2,"featured_media":41580,"comment_status":"closed","ping_status":"closed","sticky":false,"template":"","format":"standard","meta":[],"categories":[7],"tags":[6401,5047,26,37,321],"_links":{"self":[{"href":"https:\/\/www.infokuryr.cz\/n\/wp-json\/wp\/v2\/posts\/41579"}],"collection":[{"href":"https:\/\/www.infokuryr.cz\/n\/wp-json\/wp\/v2\/posts"}],"about":[{"href":"https:\/\/www.infokuryr.cz\/n\/wp-json\/wp\/v2\/types\/post"}],"author":[{"embeddable":true,"href":"https:\/\/www.infokuryr.cz\/n\/wp-json\/wp\/v2\/users\/2"}],"replies":[{"embeddable":true,"href":"https:\/\/www.infokuryr.cz\/n\/wp-json\/wp\/v2\/comments?post=41579"}],"version-history":[{"count":0,"href":"https:\/\/www.infokuryr.cz\/n\/wp-json\/wp\/v2\/posts\/41579\/revisions"}],"wp:featuredmedia":[{"embeddable":true,"href":"https:\/\/www.infokuryr.cz\/n\/wp-json\/wp\/v2\/media\/41580"}],"wp:attachment":[{"href":"https:\/\/www.infokuryr.cz\/n\/wp-json\/wp\/v2\/media?parent=41579"}],"wp:term":[{"taxonomy":"category","embeddable":true,"href":"https:\/\/www.infokuryr.cz\/n\/wp-json\/wp\/v2\/categories?post=41579"},{"taxonomy":"post_tag","embeddable":true,"href":"https:\/\/www.infokuryr.cz\/n\/wp-json\/wp\/v2\/tags?post=41579"}],"curies":[{"name":"wp","href":"https:\/\/api.w.org\/{rel}","templated":true}]}}