{"id":41577,"date":"2023-12-03T00:49:08","date_gmt":"2023-12-02T23:49:08","guid":{"rendered":"http:\/\/www.infokuryr.cz\/n\/?p=41577"},"modified":"2023-12-02T18:48:29","modified_gmt":"2023-12-02T17:48:29","slug":"porusovani-suverennich-prav-severni-korea-vyzvala-k-sankcim-proti-spojenym-statum","status":"publish","type":"post","link":"https:\/\/www.infokuryr.cz\/n\/2023\/12\/03\/porusovani-suverennich-prav-severni-korea-vyzvala-k-sankcim-proti-spojenym-statum\/","title":{"rendered":"Poru\u0161ov\u00e1n\u00ed suver\u00e9nn\u00edch pr\u00e1v: Severn\u00ed Korea vyzvala k sankc\u00edm proti Spojen\u00fdm st\u00e1t\u016fm"},"content":{"rendered":"<div id=\"fb-root\"><\/div>\n<p class=\"lead\"><strong>Za poru\u0161en\u00ed Charty OSN by m\u011bly b\u00fdt uvaleny mezin\u00e1rodn\u00ed sankce na Spojen\u00e9 st\u00e1ty a jejich satelity, nikoli na KLDR, kter\u00e1 p\u0159i vypou\u0161t\u011bn\u00ed satelitu uplatnila pr\u00e1vo suver\u00e9nn\u00edho st\u00e1tu.\u00a0Uvedl to ofici\u00e1ln\u00ed z\u00e1stupce severokorejsk\u00e9ho ministerstva zahrani\u010d\u00ed, uvedla severokorejsk\u00e1 \u00fast\u0159edn\u00ed tiskov\u00e1 agentura.<\/strong><\/p>\n<p><span>Spojen\u00e9 st\u00e1ty a jejich \u201esatelity\u201c reprezentovan\u00e9 Austr\u00e1li\u00ed, Korejskou republikou a Japonskem p\u0159ijaly nep\u0159\u00e1telsk\u00e1 opat\u0159en\u00ed, kter\u00e1 zasahovala do suverenity, a \u201enespravedliv\u011b shledaly chybu v uplat\u0148ov\u00e1n\u00ed legitimn\u00edch a suver\u00e9nn\u00edch pr\u00e1v\u201c KLDR, uv\u00e1d\u00ed se v prohl\u00e1\u0161en\u00ed.<\/span><\/p>\n<p><em>\u201eJe v\u0161ak z\u0159ejm\u00e9, \u017ee sankce by nem\u011bla podl\u00e9hat KLDR, kter\u00e1 vyu\u017eila sv\u00e9ho p\u0159irozen\u00e9ho pr\u00e1va, ale Spojen\u00e9 st\u00e1ty a jejich stoupenci, kte\u0159\u00ed cht\u011bj\u00ed zbavit suver\u00e9nn\u00ed st\u00e1ty jejich legitimn\u00edch pr\u00e1v a poru\u0161ovat mezin\u00e1rodn\u00ed normy, v\u010detn\u011b Charty OSN,\u201c<span class=\"after-quote\"> &#8211; uvad\u00ed prohl\u00e1\u0161en\u00ed.<\/span><\/em><\/p>\n<p><a href=\"https:\/\/stranapro.cz\/\"><img decoding=\"async\" loading=\"lazy\" class=\"alignnone  wp-image-40285 aligncenter\" src=\"http:\/\/www.infokuryr.cz\/n\/wp-content\/uploads\/2023\/11\/11pro-300x79.png\" alt=\"\" width=\"486\" height=\"128\" srcset=\"https:\/\/www.infokuryr.cz\/n\/wp-content\/uploads\/2023\/11\/11pro-300x79.png 300w, https:\/\/www.infokuryr.cz\/n\/wp-content\/uploads\/2023\/11\/11pro.png 363w\" sizes=\"(max-width: 486px) 100vw, 486px\" \/><\/a><\/p>\n<p><span>Washington by m\u011bl uznat pr\u00e1vo Pchjongjangu na pr\u016fzkum vesm\u00edru, kter\u00e9 maj\u00ed v\u0161ichni \u010dlenov\u00e9 OSN, a nezasahovat, \u201ebylo by to spr\u00e1vn\u00e9 rozhodnut\u00ed, kter\u00e9 by alespo\u0148 trochu zm\u00edrnilo zahrani\u010dn\u011bpolitickou krizi Spojen\u00fdch st\u00e1t\u016f,\u201c \u0159ekl mluv\u010d\u00ed ministerstva zahrani\u010d\u00ed.<\/span><\/p>\n<p><span>Bloomberg d\u0159\u00edve uvedl, \u017ee Spojen\u00e9 st\u00e1ty, Austr\u00e1lie, Japonsko a Ji\u017en\u00ed Korea uvalily sankce na spole\u010dnost Green Pine a skupinu Kimsuky podez\u0159elou z kybernetick\u00e9 \u0161pion\u00e1\u017ee.\u00a0Bylo poznamen\u00e1no, \u017ee d\u016fvodem uvalen\u00ed sankc\u00ed bylo vypu\u0161t\u011bn\u00ed pr\u016fzkumn\u00e9ho satelitu 21. listopadu Severn\u00ed Koreou.\u00a0Pchjongjang byl obvin\u011bn z poru\u0161en\u00ed rezoluce Rady bezpe\u010dnosti OSN.<\/span><\/p>\n<p><span>Jak uvedl ji\u017e d\u0159\u00edve <strong>InfoKur\u00fdr<\/strong><\/span><span>\u00a0, Severn\u00ed Korea \u00fasp\u011b\u0161n\u011b\u00a0<\/span><span>vynesla<\/span><span> pr\u016fzkumn\u00fd satelit Mulligen-1 na ob\u011b\u017enou dr\u00e1hu raketou Chollima-1, co\u017e uvedla Korejsk\u00e1 \u00fast\u0159edn\u00ed telegrafn\u00ed agentura (KCNA).<\/span><\/p>\n<p><img decoding=\"async\" loading=\"lazy\" class=\"alignnone size-full wp-image-1185\" src=\"http:\/\/www.infokuryr.cz\/n\/wp-content\/uploads\/2021\/04\/kuryr-podpis.png\" alt=\"\" width=\"84\" height=\"24\" \/><\/p>\n<p>&nbsp;<\/p>\n<p>&nbsp;<\/p>\n","protected":false},"excerpt":{"rendered":"<p>Za poru\u0161en\u00ed Charty OSN by m\u011bly b\u00fdt uvaleny mezin\u00e1rodn\u00ed sankce na Spojen\u00e9 st\u00e1ty a jejich&#8230;<\/p>\n","protected":false},"author":2,"featured_media":17657,"comment_status":"closed","ping_status":"closed","sticky":false,"template":"","format":"standard","meta":[],"categories":[7],"tags":[502,125,37,538],"_links":{"self":[{"href":"https:\/\/www.infokuryr.cz\/n\/wp-json\/wp\/v2\/posts\/41577"}],"collection":[{"href":"https:\/\/www.infokuryr.cz\/n\/wp-json\/wp\/v2\/posts"}],"about":[{"href":"https:\/\/www.infokuryr.cz\/n\/wp-json\/wp\/v2\/types\/post"}],"author":[{"embeddable":true,"href":"https:\/\/www.infokuryr.cz\/n\/wp-json\/wp\/v2\/users\/2"}],"replies":[{"embeddable":true,"href":"https:\/\/www.infokuryr.cz\/n\/wp-json\/wp\/v2\/comments?post=41577"}],"version-history":[{"count":1,"href":"https:\/\/www.infokuryr.cz\/n\/wp-json\/wp\/v2\/posts\/41577\/revisions"}],"predecessor-version":[{"id":41578,"href":"https:\/\/www.infokuryr.cz\/n\/wp-json\/wp\/v2\/posts\/41577\/revisions\/41578"}],"wp:featuredmedia":[{"embeddable":true,"href":"https:\/\/www.infokuryr.cz\/n\/wp-json\/wp\/v2\/media\/17657"}],"wp:attachment":[{"href":"https:\/\/www.infokuryr.cz\/n\/wp-json\/wp\/v2\/media?parent=41577"}],"wp:term":[{"taxonomy":"category","embeddable":true,"href":"https:\/\/www.infokuryr.cz\/n\/wp-json\/wp\/v2\/categories?post=41577"},{"taxonomy":"post_tag","embeddable":true,"href":"https:\/\/www.infokuryr.cz\/n\/wp-json\/wp\/v2\/tags?post=41577"}],"curies":[{"name":"wp","href":"https:\/\/api.w.org\/{rel}","templated":true}]}}