{"id":41572,"date":"2023-12-03T00:48:08","date_gmt":"2023-12-02T23:48:08","guid":{"rendered":"http:\/\/www.infokuryr.cz\/n\/?p=41572"},"modified":"2023-12-02T18:26:58","modified_gmt":"2023-12-02T17:26:58","slug":"unicef-konflikt-mezi-izraelem-a-hamasem-valka-proti-detem","status":"publish","type":"post","link":"https:\/\/www.infokuryr.cz\/n\/2023\/12\/03\/unicef-konflikt-mezi-izraelem-a-hamasem-valka-proti-detem\/","title":{"rendered":"UNICEF: Konflikt mezi Izraelem a Ham\u00e1sem \u201ev\u00e1lka proti d\u011btem\u201c"},"content":{"rendered":"<div id=\"fb-root\"><\/div>\n<p><span style=\"font-size: 18pt;\"><strong>Od \u00fatoku Hamasu na Izrael bylo v Gaze zabito v\u00edce ne\u017e 6000 palestinsk\u00fdch d\u011bt\u00ed<\/strong><\/span><\/p>\n<div class=\"article__text text \">\n<p>Mluv\u010d\u00ed UNICEF odsoudil masov\u00e9 zab\u00edjen\u00ed d\u011bt\u00ed v Gaze b\u011bhem konfliktu mezi Izraelem a Ham\u00e1sem a vyzval\u00a0<em>\u201ety s vlivem\u201c,<\/em>\u00a0aby konflikt ukon\u010dili.<\/p>\n<p>James Elder v p\u00e1tek zve\u0159ejnil na Instagramu emotivn\u00ed video, kde \u0159ekl:\u00a0<em>\u201eP\u0159\u00edm\u011b\u0159\u00ed skon\u010dilo.\u00a0U\u017e sly\u0161\u00edme bombardov\u00e1n\u00ed.\u00a0Jsem v nemocnici.\u00a0Asi 50 metr\u016f odtud do\u0161lo k z\u00e1sahu.\u00a0Toto je nejv\u011bt\u0161\u00ed, st\u00e1le funguj\u00edc\u00ed nemocnice v Gaze.\u00a0Je na 200% kapacity.\u00a0Zdej\u0161\u00ed zdravotn\u00ed syst\u00e9m je p\u0159et\u00ed\u017een\u00fd.\u201c<\/em><\/p>\n<p>Mluv\u010d\u00ed d\u011btsk\u00e9ho fondu OSN \u0159ekl, \u017ee sv\u011bt\u00a0<em>\u201enevid\u00ed v\u00edce d\u011bt\u00ed s v\u00e1le\u010dn\u00fdmi ranami, s pop\u00e1leninami, se \u0161rapnely poset\u00fdmi jejich t\u011blem, se zlomen\u00fdmi kostmi,\u201c<\/em>\u00a0dodal:\u00a0<em>\u201eToto je v\u00e1lka proti d\u011btem.<\/em><\/p>\n<p>Elderovy pozn\u00e1mky p\u0159i\u0161ly po obnoven\u00ed boj\u016f mezi Izraelem a Hamasem po vypr\u0161en\u00ed t\u00fddenn\u00edho p\u0159\u00edm\u011b\u0159\u00ed, kter\u00e9 za\u010dalo 24. listopadu. V sobotu izraelsk\u00e1 arm\u00e1da provedla rozs\u00e1hl\u00e9 bombov\u00e9 n\u00e1lety na Gazu.<\/p>\n<p><a href=\"https:\/\/stranapro.cz\/\"><img decoding=\"async\" loading=\"lazy\" class=\"alignnone  wp-image-40285 aligncenter\" src=\"http:\/\/www.infokuryr.cz\/n\/wp-content\/uploads\/2023\/11\/11pro-300x79.png\" alt=\"\" width=\"608\" height=\"160\" srcset=\"https:\/\/www.infokuryr.cz\/n\/wp-content\/uploads\/2023\/11\/11pro-300x79.png 300w, https:\/\/www.infokuryr.cz\/n\/wp-content\/uploads\/2023\/11\/11pro.png 363w\" sizes=\"(max-width: 608px) 100vw, 608px\" \/><\/a><\/p>\n<p>Zdravotn\u00edci z Gazy uvedli, \u017ee izraelsk\u00e9 n\u00e1lety zabily 184 lid\u00ed a zranily nejm\u00e9n\u011b 589 dal\u0161\u00edch od ukon\u010den\u00ed p\u0159\u00edm\u011b\u0159\u00ed v p\u00e1tek r\u00e1no.\u00a0V p\u00e1tek ve\u010der agentura Reuters s odvol\u00e1n\u00edm na p\u0159edstavitele Gazy uvedla, \u017ee zasa\u017eeno bylo dal\u0161\u00edch 20 obytn\u00fdch budov.\u00a0M\u00edstn\u00ed ministerstvo zdravotnictv\u00ed uvedlo, \u017ee v\u011bt\u0161ina ze zabit\u00fdch p\u0159i \u00fatoc\u00edch byly d\u011bti a \u017eeny.<\/p>\n<p>Jens Laerke, mluv\u010d\u00ed humanit\u00e1rn\u00edho \u00fa\u0159adu OSN v \u017denev\u011b, varoval, \u017ee obnoven\u00e9 boje zhor\u0161\u00ed u\u017e tak hroznou humanit\u00e1rn\u00ed situaci, a \u0159ekl:\u00a0<em>\u201eDo Gazy se vr\u00e1tilo peklo na Zemi.<\/em><\/p>\n<p>Podle \u00fa\u0159ad\u016f v Gaze bylo od zah\u00e1jen\u00ed izraelsk\u00e9 operace po \u00fatoku Hamasu 7. \u0159\u00edjna v enkl\u00e1v\u011b zabito v\u00edce ne\u017e 6000 d\u011bt\u00ed.<\/p>\n<p>Pod troskami je uv\u011bzn\u011bno dal\u0161\u00edch 1800 d\u011bt\u00ed, z nich\u017e v\u011bt\u0161ina je pova\u017eov\u00e1na za mrtv\u00e9. Dal\u0161\u00edch 9 000 d\u011bt\u00ed bylo zran\u011bno, mnoh\u00e9 s n\u00e1sledky, kter\u00e9 zm\u011bn\u00ed jejich \u017eivot.<\/p>\n<div class=\"rtcode\">\n<div><iframe id=\"instagram-embed-0\" class=\"instagram-media instagram-media-rendered\" src=\"https:\/\/www.instagram.com\/reel\/C0TdB2MNSr7\/embed\/captioned\/?cr=1&amp;v=14&amp;wp=540&amp;rd=https%3A%2F%2Fswentr.site&amp;rp=%2Fnews%2F588381-un-spokesman-war-children%2F#%7B%22ci%22%3A0%2C%22os%22%3A588.6999998092651%2C%22ls%22%3A255.40000009536743%2C%22le%22%3A544.2999997138977%7D\" height=\"852\" frameborder=\"0\" scrolling=\"no\" allowfullscreen=\"allowfullscreen\" data-instgrm-payload-id=\"instagram-media-payload-0\" data-mce-fragment=\"1\"><\/iframe><\/div>\n<\/div>\n<p><img decoding=\"async\" loading=\"lazy\" class=\"alignnone size-full wp-image-1185\" src=\"http:\/\/www.infokuryr.cz\/n\/wp-content\/uploads\/2021\/04\/kuryr-podpis.png\" alt=\"\" width=\"84\" height=\"24\" \/><\/p>\n<\/div>\n<p>&nbsp;<\/p>\n<p>&nbsp;<\/p>\n","protected":false},"excerpt":{"rendered":"<p>Od \u00fatoku Hamasu na Izrael bylo v Gaze zabito v\u00edce ne\u017e 6000 palestinsk\u00fdch d\u011bt\u00ed Mluv\u010d\u00ed&#8230;<\/p>\n","protected":false},"author":2,"featured_media":41573,"comment_status":"closed","ping_status":"closed","sticky":false,"template":"","format":"standard","meta":[],"categories":[7],"tags":[245,348,107,313,6400,1205],"_links":{"self":[{"href":"https:\/\/www.infokuryr.cz\/n\/wp-json\/wp\/v2\/posts\/41572"}],"collection":[{"href":"https:\/\/www.infokuryr.cz\/n\/wp-json\/wp\/v2\/posts"}],"about":[{"href":"https:\/\/www.infokuryr.cz\/n\/wp-json\/wp\/v2\/types\/post"}],"author":[{"embeddable":true,"href":"https:\/\/www.infokuryr.cz\/n\/wp-json\/wp\/v2\/users\/2"}],"replies":[{"embeddable":true,"href":"https:\/\/www.infokuryr.cz\/n\/wp-json\/wp\/v2\/comments?post=41572"}],"version-history":[{"count":1,"href":"https:\/\/www.infokuryr.cz\/n\/wp-json\/wp\/v2\/posts\/41572\/revisions"}],"predecessor-version":[{"id":41574,"href":"https:\/\/www.infokuryr.cz\/n\/wp-json\/wp\/v2\/posts\/41572\/revisions\/41574"}],"wp:featuredmedia":[{"embeddable":true,"href":"https:\/\/www.infokuryr.cz\/n\/wp-json\/wp\/v2\/media\/41573"}],"wp:attachment":[{"href":"https:\/\/www.infokuryr.cz\/n\/wp-json\/wp\/v2\/media?parent=41572"}],"wp:term":[{"taxonomy":"category","embeddable":true,"href":"https:\/\/www.infokuryr.cz\/n\/wp-json\/wp\/v2\/categories?post=41572"},{"taxonomy":"post_tag","embeddable":true,"href":"https:\/\/www.infokuryr.cz\/n\/wp-json\/wp\/v2\/tags?post=41572"}],"curies":[{"name":"wp","href":"https:\/\/api.w.org\/{rel}","templated":true}]}}