{"id":41571,"date":"2023-12-03T00:47:50","date_gmt":"2023-12-02T23:47:50","guid":{"rendered":"http:\/\/www.infokuryr.cz\/n\/?p=41571"},"modified":"2023-12-02T18:20:15","modified_gmt":"2023-12-02T17:20:15","slug":"bily-dum-priznal-ze-ukrajinske-penize-se-krati","status":"publish","type":"post","link":"https:\/\/www.infokuryr.cz\/n\/2023\/12\/03\/bily-dum-priznal-ze-ukrajinske-penize-se-krati\/","title":{"rendered":"B\u00edl\u00fd d\u016fm p\u0159iznal, \u017ee ukrajinsk\u00e9 pen\u00edze se kr\u00e1t\u00ed"},"content":{"rendered":"<div id=\"fb-root\"><\/div>\n<p><span style=\"font-size: 18pt;\"><strong>Washington pot\u0159ebuje zajistit dodate\u010dn\u00e9 financov\u00e1n\u00ed, ne\u017e bude \u201eopravdu t\u011b\u017ek\u00e9\u201c pokra\u010dovat v podpo\u0159e Kyjeva, p\u0159ipustil John Kirby<\/strong><\/span><\/p>\n<p><span>Mluv\u010d\u00ed Rady n\u00e1rodn\u00ed bezpe\u010dnosti John Kirby \u0159ekl, \u017ee B\u00edl\u00fd d\u016fm nal\u00e9hav\u011b pot\u0159ebuje dodate\u010dn\u00e9 financov\u00e1n\u00ed na podporu Ukrajiny.\u00a0Vysok\u00fd \u00fa\u0159edn\u00edk p\u0159ipustil, \u017ee Bidenova administrativa m\u00e1 ve skute\u010dnosti \u010das jen do konce roku, ne\u017e bude\u00a0<\/span><em><span>\u201eopravdu t\u011b\u017ek\u00e9\u201c<\/span><\/em><span>\u00a0pokra\u010dovat v podpo\u0159e Kyjeva.<\/span><\/p>\n<p><span>Kirby to \u0159ekl ve \u010dtvrtek na spole\u010dn\u00e9 tiskov\u00e9 konferenci s tiskovou tajemnic\u00ed B\u00edl\u00e9ho domu Karine Jean-Pierre.\u00a0\u00da\u0159edn\u00edk tvrdil, \u017ee nov\u00e1 rusk\u00e1 kampa\u0148 proti ukrajinsk\u00e9 kritick\u00e9 infrastruktu\u0159e je na spadnut\u00ed, a p\u0159esto\u017ee administrativa USA a Kyjev\u00a0<\/span><em><span>\u201eagresivn\u011b pracovaly\u201c<\/span><\/em><span>\u00a0m\u011bs\u00edce, aby se na to p\u0159ipravily, st\u00e1le je t\u0159eba n\u011bco ud\u011blat, varoval.<\/span><\/p>\n<p><em><span>\u201e\u010cek\u00e1 n\u00e1s v\u00edce pr\u00e1ce na podporu Ukrajiny a pot\u0159ebujeme, aby Kongres p\u0159ijal opat\u0159en\u00ed k schv\u00e1len\u00ed dal\u0161\u00edch dodate\u010dn\u00fdch finan\u010dn\u00edch prost\u0159edk\u016f, abychom mohli Ukrajin\u011b nad\u00e1le poskytovat hodnocen\u00ed protivzdu\u0161n\u00e9 obrany \u2013 prost\u0159edky, ochrann\u00e9 vybaven\u00ed a z\u00e1lo\u017en\u00ed z\u00e1soby, kter\u00e9 pot\u0159ebuj\u00ed. \u201c<\/span><\/em><span>\u00a0\u0159ekl Kirby.<\/span><\/p>\n<p><span>Okno p\u0159\u00edle\u017eitosti pro zaji\u0161t\u011bn\u00ed financov\u00e1n\u00ed se zu\u017euje, p\u0159ipustil \u00fa\u0159edn\u00edk a nal\u00e9hal na Kongres, aby je kone\u010dn\u011b p\u0159id\u011blil.\u00a0<\/span><em><span>\u201eDodate\u010dn\u00e9 financov\u00e1n\u00ed je d\u016fle\u017eit\u00e9.\u00a0Nevyt\u00e1hli jsme ty postavy ze vzduchu.\u00a0Pot\u0159ebujeme ty finance.\u00a0Nad\u00e1le vyz\u00fdv\u00e1me Kongres, aby tento dodatek schv\u00e1lil co nejd\u0159\u00edve,\u201c<\/span><\/em><span>\u00a0\u0159ekl.<\/span><\/p>\n<p><a href=\"https:\/\/stranapro.cz\/\"><img decoding=\"async\" loading=\"lazy\" class=\"alignnone  wp-image-40285 aligncenter\" src=\"http:\/\/www.infokuryr.cz\/n\/wp-content\/uploads\/2023\/11\/11pro-300x79.png\" alt=\"\" width=\"501\" height=\"132\" srcset=\"https:\/\/www.infokuryr.cz\/n\/wp-content\/uploads\/2023\/11\/11pro-300x79.png 300w, https:\/\/www.infokuryr.cz\/n\/wp-content\/uploads\/2023\/11\/11pro.png 363w\" sizes=\"(max-width: 501px) 100vw, 501px\" \/><\/a><\/p>\n<p><em><strong><span>Op\u011bt, jak jsem ji\u017e mnohokr\u00e1t \u0159ekl, dr\u00e1ha se zkracuje.\u00a0A mysl\u00edme si, \u017ee m\u00e1me \u010das do konce roku, ne\u017e bude opravdu, opravdu t\u011b\u017ek\u00e9 pokra\u010dovat v podpo\u0159e Ukrajiny.\u00a0A konec roku se bl\u00ed\u017e\u00ed.<\/span><\/strong><\/em><\/p>\n<p><span>Bidenova administrativa se n\u011bkolik t\u00fddn\u016f ne\u00fasp\u011b\u0161n\u011b pokou\u0161ela prosadit sv\u016fj nov\u00fd\u00a0finan\u010dn\u00ed bal\u00ed\u010dek pro Kyjev\u00a0<\/span><em><span>\u201en\u00e1rodn\u00ed bezpe\u010dnost\u201c prost\u0159ednictv\u00edm Kongresu.\u00a0<\/span><\/em><span>Nejnov\u011bj\u0161\u00ed iterace bal\u00ed\u010dku zahrnuje zhruba 106 miliard dolar\u016f na kombinovanou pomoc Izraeli, Ukrajin\u011b a Tchaj-wanu.<\/span><\/p>\n<p><span>Nov\u00fd pokus o schv\u00e1len\u00ed bal\u00ed\u010dku bude podle \u0161\u00e9fa v\u011bt\u0161iny Sen\u00e1tu Chucka Schumera podniknut v prvn\u00edm prosincov\u00e9m t\u00fddnu.\u00a0Podle Schumera byl\u00a0<\/span><em><span>\u201enejv\u011bt\u0161\u00ed brzdou\u201c<\/span><\/em><span>\u00a0p\u0159ed\u00e1n\u00ed dodate\u010dn\u00e9ho financov\u00e1n\u00ed odpor republik\u00e1n\u016f a jejich nal\u00e9h\u00e1n\u00ed na v\u00e1z\u00e1n\u00ed zahrani\u010dn\u00ed pomoci na zm\u011bny v politice bezpe\u010dnosti hranic USA.<\/span><\/p>\n<p><em><span>\u201eJedn\u00edm z nejd\u016fle\u017eit\u011bj\u0161\u00edch \u00fakol\u016f, kter\u00e9 mus\u00edme dokon\u010dit, je p\u0159evzet\u00ed a schv\u00e1len\u00ed z\u00e1kona o financov\u00e1n\u00ed, abychom zajistili, \u017ee my, stejn\u011b jako na\u0161i p\u0159\u00e1tel\u00e9 a partne\u0159i na Ukrajin\u011b, v Izraeli a v indopacifick\u00e9m regionu, m\u00e1me pot\u0159ebn\u00e9 vojensk\u00e9 schopnosti, abychom jim mohli \u010delit a odstra\u0161ovat. na\u0161i protivn\u00edci a konkurenti,\u201c<\/span><\/em><span>\u00a0napsal Schumer v dopise sen\u00e1tor\u016fm minulou ned\u011bli.\u00a0Vysok\u00fd z\u00e1konod\u00e1rce tvrdil, \u017ee Kyjev pravd\u011bpodobn\u011b prohraje konflikt s Ruskem, ani\u017e by dostal dal\u0161\u00ed finan\u010dn\u00ed prost\u0159edky od USA.<\/span><\/p>\n<p><span>Od za\u010d\u00e1tku rusko-ukrajinsk\u00e9ho konfliktu v \u00fanoru 2022 poskytly USA Kyjevu v\u00edce ne\u017e 76 miliard dolar\u016f vojensk\u00e9ho vybaven\u00ed a dal\u0161\u00ed pomoci, ale ned\u00e1vno varovaly, \u017ee dostupn\u00e9 prost\u0159edky doch\u00e1zej\u00ed.<\/span><\/p>\n<p><img decoding=\"async\" loading=\"lazy\" class=\"alignnone size-full wp-image-1185\" src=\"http:\/\/www.infokuryr.cz\/n\/wp-content\/uploads\/2021\/04\/kuryr-podpis.png\" alt=\"\" width=\"84\" height=\"24\" \/><\/p>\n<p>&nbsp;<\/p>\n<p>&nbsp;<\/p>\n","protected":false},"excerpt":{"rendered":"<p>Washington pot\u0159ebuje zajistit dodate\u010dn\u00e9 financov\u00e1n\u00ed, ne\u017e bude \u201eopravdu t\u011b\u017ek\u00e9\u201c pokra\u010dovat v podpo\u0159e Kyjeva, p\u0159ipustil John&#8230;<\/p>\n","protected":false},"author":2,"featured_media":36995,"comment_status":"closed","ping_status":"closed","sticky":false,"template":"","format":"standard","meta":[],"categories":[7],"tags":[90,26,37],"_links":{"self":[{"href":"https:\/\/www.infokuryr.cz\/n\/wp-json\/wp\/v2\/posts\/41571"}],"collection":[{"href":"https:\/\/www.infokuryr.cz\/n\/wp-json\/wp\/v2\/posts"}],"about":[{"href":"https:\/\/www.infokuryr.cz\/n\/wp-json\/wp\/v2\/types\/post"}],"author":[{"embeddable":true,"href":"https:\/\/www.infokuryr.cz\/n\/wp-json\/wp\/v2\/users\/2"}],"replies":[{"embeddable":true,"href":"https:\/\/www.infokuryr.cz\/n\/wp-json\/wp\/v2\/comments?post=41571"}],"version-history":[{"count":0,"href":"https:\/\/www.infokuryr.cz\/n\/wp-json\/wp\/v2\/posts\/41571\/revisions"}],"wp:featuredmedia":[{"embeddable":true,"href":"https:\/\/www.infokuryr.cz\/n\/wp-json\/wp\/v2\/media\/36995"}],"wp:attachment":[{"href":"https:\/\/www.infokuryr.cz\/n\/wp-json\/wp\/v2\/media?parent=41571"}],"wp:term":[{"taxonomy":"category","embeddable":true,"href":"https:\/\/www.infokuryr.cz\/n\/wp-json\/wp\/v2\/categories?post=41571"},{"taxonomy":"post_tag","embeddable":true,"href":"https:\/\/www.infokuryr.cz\/n\/wp-json\/wp\/v2\/tags?post=41571"}],"curies":[{"name":"wp","href":"https:\/\/api.w.org\/{rel}","templated":true}]}}