{"id":41546,"date":"2023-12-03T00:36:18","date_gmt":"2023-12-02T23:36:18","guid":{"rendered":"http:\/\/www.infokuryr.cz\/n\/?p=41546"},"modified":"2023-12-02T17:01:11","modified_gmt":"2023-12-02T16:01:11","slug":"57-den-izraelske-udery-po-skonceni-primeri-neusetri-ani-palec-gazy","status":"publish","type":"post","link":"https:\/\/www.infokuryr.cz\/n\/2023\/12\/03\/57-den-izraelske-udery-po-skonceni-primeri-neusetri-ani-palec-gazy\/","title":{"rendered":"57. den: Izraelsk\u00e9 \u00fadery po skon\u010den\u00ed p\u0159\u00edm\u011b\u0159\u00ed neu\u0161et\u0159\u00ed ani palec Gazy"},"content":{"rendered":"<div id=\"fb-root\"><\/div>\n<h2 class=\"wp-block-heading\"><strong><span>Ztr\u00e1ty<\/span><\/strong><\/h2>\n<ul>\n<li><span>15 207 zabit\u00fdch*, v\u010detn\u011b 6 150 d\u011bt\u00ed a 40 752 zran\u011bn\u00fdch v p\u00e1smu Gazy.<\/span><\/li>\n<li><span>247+ Palestinc\u016f zabito na okupovan\u00e9m Z\u00e1padn\u00edm b\u0159ehu Jord\u00e1nu a ve v\u00fdchodn\u00edm Jeruzal\u00e9m\u011b<\/span><\/li>\n<\/ul>\n<p><em><span>*Toto \u010d\u00edslo bylo potvrzeno ministerstvem zdravotnictv\u00ed Gazy 2. prosince. Kv\u016fli poruch\u00e1m komunika\u010dn\u00edch s\u00edt\u00ed v p\u00e1smu Gazy (zejm\u00e9na v severn\u00ed Gaze) v\u0161ak ministerstvo zdravotnictv\u00ed Gazy nebylo schopno pravideln\u011b a p\u0159esn\u011b aktualizovat sv\u00e9 m\u00fdtn\u00e9 od poloviny listopadu.\u00a0N\u011bkter\u00e9 organizace na ochranu lidsk\u00fdch pr\u00e1v p\u0159ibli\u017euj\u00ed po\u010det ob\u011bt\u00ed 20 000.<\/span><\/em><\/p>\n<h2 class=\"wp-block-heading\"><strong><span>Kl\u00ed\u010dov\u00fd v\u00fdvoj<\/span><\/strong><\/h2>\n<ul>\n<li><span>Izraelsk\u00e9 n\u00e1lety zabily v Gaze t\u00e9m\u011b\u0159 300 Palestinc\u016f a stovky zranily od zhroucen\u00ed p\u0159\u00edm\u011b\u0159\u00ed v p\u00e1tek r\u00e1no, se zvl\u00e1\u0161tn\u00edm zam\u011b\u0159en\u00edm na Khan Younis, kam se v posledn\u00edch dvou m\u011bs\u00edc\u00edch uch\u00fdlily tis\u00edce obyvatel ze severn\u00ed a st\u0159edn\u00ed Gazy.<\/span><\/li>\n<li><span>Mezi zabit\u00fdmi jsou t\u0159i novin\u00e1\u0159i, \u010d\u00edm\u017e se po\u010det ob\u011bt\u00ed palestinsk\u00fdch novin\u00e1\u0159\u016f od 7. \u0159\u00edjna zv\u00fd\u0161il na 67.<\/span><\/li>\n<li><span>P\u0159i sobotn\u00edm n\u00e1letu v uprchlick\u00e9m t\u00e1bo\u0159e D\u017eabal\u00eda zahynulo v\u00edce ne\u017e 100 lid\u00ed.<\/span><\/li>\n<li><span>Zpravodaj OSN odsuzuje izraelskou strategii v Gaze jako posun \u201eod nerozli\u0161uj\u00edc\u00edho zab\u00edjen\u00ed civilist\u016f k organizovan\u00e9mu zab\u00edjen\u00ed\u201c.<\/span><\/li>\n<li><a href=\"https:\/\/www.wsj.com\/world\/middle-east\/u-s-sends-israel-2-000-pound-bunker-buster-bombs-for-gaza-war-82898638\"><span>The Wall Street Journal<\/span><\/a><span>\u00a0uv\u00e1d\u00ed, \u017ee Spojen\u00e9 st\u00e1ty poslaly Izraeli od 7. \u0159\u00edjna asi 15 000 bomb a 57 000 d\u011blost\u0159eleck\u00fdch gran\u00e1t\u016f, v\u010detn\u011b jednotunov\u00e9 \u201ebumy na ni\u010den\u00ed bunkr\u016f\u201c.<\/span><\/li>\n<li><a href=\"https:\/\/reliefweb.int\/report\/occupied-palestinian-territory\/intl-committee-must-be-formed-investigate-israeli-armys-abandonment-five-infants-now-dead-alone-gaza-hospital-enar?utm_source=rw-subscriptions&amp;utm_medium=email&amp;utm_campaign=country_updates_180\"><span>Euro-st\u0159edomo\u0159sk\u00e1 organizace Human Rights Monitor<\/span><\/a><span>\u00a0vyz\u00fdv\u00e1 k mezin\u00e1rodn\u00edmu vy\u0161et\u0159ov\u00e1n\u00ed osudu p\u011bti palestinsk\u00fdch d\u011bt\u00ed nalezen\u00fdch mrtv\u00fdch v nemocnici, kter\u00e1 byla n\u00e1siln\u011b evakuov\u00e1na izraelsk\u00fdmi silami.<\/span><\/li>\n<li><a href=\"https:\/\/www.doctorswithoutborders.org\/latest\/msf-convoy-attack-gaza-all-elements-point-israeli-army-responsibility\"><span>L\u00e9ka\u0159i bez hranic (MSF)<\/span><\/a><span>\u00a0uvedli, \u017ee \u201ev\u0161echny prvky poukazuj\u00ed na odpov\u011bdnost izraelsk\u00e9 arm\u00e1dy\u201c za smrt\u00edc\u00ed \u00fatok na evakua\u010dn\u00ed konvoj z 18. listopadu.\u00a0<\/span><\/li>\n<li><span>Vy\u0161et\u0159ov\u00e1n\u00ed \u010dasopisu +972 odhaluje, \u017ee izraelsk\u00e1 arm\u00e1da pou\u017e\u00edv\u00e1 um\u011blou inteligenci k \u201egenerov\u00e1n\u00ed\u201c vojensk\u00fdch c\u00edl\u016f v\u00a0<\/span><a href=\"https:\/\/www.972mag.com\/mass-assassination-factory-israel-calculated-bombing-gaza\/\"><span>\u201etov\u00e1rn\u011b na hromadn\u00e9 vra\u017edy\u201c<\/span><\/a><span>\u00a0zam\u011b\u0159en\u00e9 na \u201emno\u017estv\u00ed a ne na kvalitu\u201c.\u00a0The Guardian publikuje\u00a0<\/span><a href=\"https:\/\/www.theguardian.com\/world\/2023\/dec\/01\/the-gospel-how-israel-uses-ai-to-select-bombing-targets\"><span>zpr\u00e1vu<\/span><\/a><span>\u00a0s podobn\u00fdmi zji\u0161t\u011bn\u00edmi.\u00a0<\/span><\/li>\n<li><span>Izraelsk\u00e1 arm\u00e1da zra\u0148uje \u0159adu Palestinc\u016f na Z\u00e1padn\u00edm b\u0159ehu Jord\u00e1nu a osadn\u00edci podnikaj\u00ed \u00fatoky na palestinsk\u00e9 komunity, majetek a dobytek.<\/span><\/li>\n<li><span>Izraelsk\u00e9 n\u00e1lety na ji\u017en\u00ed Libanon zabily nejm\u00e9n\u011b dva civilisty a t\u0159i bojovn\u00edky Hizball\u00e1hu.<\/span><\/li>\n<li><span>Na sobotu jsou v Tel Avivu a dal\u0161\u00edch \u010d\u00e1stech Izraele napl\u00e1nov\u00e1ny demonstrace po\u017eaduj\u00edc\u00ed propu\u0161t\u011bn\u00ed rukojm\u00edch.<\/span><\/li>\n<li><span>\u017dalobce Mezin\u00e1rodn\u00edho trestn\u00edho soudu Karim Khan se m\u00e1 setkat s prezidentem palestinsk\u00e9 samospr\u00e1vy Mahm\u00fadem Abb\u00e1sem.<\/span><\/li>\n<li><span>Tureck\u00fd prezident Recep Tayyip Erdogan\u00a0<\/span><a href=\"https:\/\/www.reuters.com\/world\/middle-east\/turkeys-erdogan-chance-peace-gaza-conflict-lost-now-2023-12-02\/\"><span>\u0159\u00edk\u00e1<\/span><\/a><span>\u00a0, \u017ee \u201enekompromisn\u00ed p\u0159\u00edstup Izraele\u201c je na vin\u011b zhroucen\u00ed p\u0159\u00edm\u011b\u0159\u00ed a dodal: \u201eVylou\u010den\u00ed Ham\u00e1su nebo zni\u010den\u00ed Ham\u00e1su nen\u00ed realistick\u00fd sc\u00e9n\u00e1\u0159.\u201c<\/span><\/li>\n<li><span>Mluv\u010d\u00ed izraelsk\u00e9ho ministerstva zahrani\u010dn\u00edch v\u011bc\u00ed\u00a0<\/span><a href=\"https:\/\/twitter.com\/elicoh1\/status\/1730924927157481799?s=46&amp;t=C_IpnZ82r3q6sVIRTUUsTg\"><span>Eli Cohen<\/span><\/a><span>\u00a0v reakci na to slibuje \u201eosvobodit Gazu od Hamasu\u201c a vyz\u00fdv\u00e1 Turecko, aby \u201eve va\u0161\u00ed zemi hostilo teroristy Hamasu, kte\u0159\u00ed nebudou zlikvidov\u00e1ni a uprchli z Gazy\u201c.<\/span><\/li>\n<li><span>Brazilsk\u00fd prezident Luiz Lula da Silva \u0159ekl\u00a0<\/span><a href=\"https:\/\/www.aljazeera.com\/program\/talk-to-al-jazeera\/2023\/12\/1\/brazils-lula-biden-has-no-sensitivity-to-stop-war-on-gaza\"><span>Al-D\u017eaz\u00ed\u0159e<\/span><\/a><span>\u00a0, \u017ee americk\u00fd prezident Joe Biden nem\u00e1 \u201ecitlivost\u201c zastavit v\u00e1lku v Gaze.<\/span><\/li>\n<li><span>Belgick\u00fd premi\u00e9r\u00a0<\/span><a href=\"https:\/\/www.reuters.com\/world\/belgian-pm-says-he-told-israeli-president-no-more-civilian-killings-fighting-2023-12-02\/\"><span>Alexander De Croo<\/span><\/a><span>\u00a0\u0159ekl, \u017ee \u0159ekl izraelsk\u00e9mu prezidentovi Isaacu Herzogovi \u201eu\u017e \u017e\u00e1dn\u00e9 zab\u00edjen\u00ed civilist\u016f\u201c.<\/span><\/li>\n<li><span>Propalestinsk\u00fd demonstrant je\u00a0<\/span><a href=\"https:\/\/www.theguardian.com\/us-news\/2023\/dec\/01\/protester-palestine-self-immolate-atlanta-israel-consulate\"><span>ponech\u00e1n v kritick\u00e9m stavu<\/span><\/a><span>\u00a0pot\u00e9, co se up\u00e1lil p\u0159ed izraelsk\u00fdm konzul\u00e1tem v Atlant\u011b ve st\u00e1t\u011b Georgia.\u00a0<\/span><\/li>\n<\/ul>\n<h2 class=\"wp-block-heading\"><strong><span>Smrt\u00edc\u00ed izraelsk\u00e9 n\u00e1lety zabily v Gaze stovky od konce p\u0159\u00edm\u011b\u0159\u00ed<\/span><\/strong><\/h2>\n<p><span>Obnoven\u00ed izraelsk\u00fdch n\u00e1let\u016f na p\u00e1smo Gazy v p\u00e1tek po t\u00fddenn\u00edm p\u0159\u00edm\u011b\u0159\u00ed zabilo b\u011bhem prvn\u00edch 24 hodin nejm\u00e9n\u011b 193 Palestinc\u016f a 652 zranilo, uvedlo ministerstvo zdravotnictv\u00ed v Gaze.<\/span><\/p>\n<p><span>Zat\u00edmco se ministerstvo od poloviny listopadu sna\u017eilo sledovat po\u010det ob\u011bt\u00ed, \u010d\u00e1ste\u010dn\u011b kv\u016fli v\u00fdpadku komunikace se severn\u00edm p\u00e1smem Gazy, v sobotu uvedlo, \u017ee jeho nejnov\u011bj\u0161\u00ed odhady \u010din\u00ed 15 207 zabit\u00fdch Palestinc\u016f a 40 752 zran\u011bn\u00fdch. oble\u017eenou enkl\u00e1vu a dodal, \u017ee 70 procent z nich byly \u017eeny a d\u011bti a 280 zdravotnick\u00fd person\u00e1l.<\/span><\/p>\n<div id=\"mondo-ads-1174537659\" class=\"mondo-ads-injection-1\">\n<div id=\"mondo-ads-101018702\" class=\"mondo-ads-target\" data-mondo-ads-trackid=\"274201\" data-mondo-ads-trackbid=\"1\">\n<div class=\"ml-embedded\" data-form=\"efHM2I\">\n<div id=\"mlb2-5111043\" class=\"ml-form-embedContainer ml-subscribe-form ml-subscribe-form-5111043\">\n<div class=\"ml-form-align-center \">\n<div class=\"ml-form-embedWrapper embedForm\">\n<div class=\"ml-form-embedBody ml-form-embedBodyHorizontal row-form\">\n<div class=\"ml-form-embedContent\"><\/div>\n<\/div>\n<\/div>\n<\/div>\n<\/div>\n<\/div>\n<\/div>\n<\/div>\n<p><span>Ministerstvo tak\u00e9 uvedlo, \u017ee izraelsk\u00e9 s\u00edly zadr\u017eely nejm\u00e9n\u011b 31 zdravotnick\u00fdch pracovn\u00edk\u016f, v\u010detn\u011b \u0159editele nemocnice Al-Shifa Mohammada Abu Salmiyi.<\/span><\/p>\n<p><span>Izraelsk\u00e9 bomby zas\u00e1hly cel\u00e9 p\u00e1smo Gazy, jak tomu bylo od za\u010d\u00e1tku n\u00e1poru \u2013 ale v tuto chv\u00edli byly upu\u0161t\u011bny v\u0161echny p\u0159edst\u00edr\u00e1n\u00ed, \u017ee ji\u017en\u00ed Gaza je bezpe\u010dnou z\u00f3nou pro civilisty, p\u0159i\u010dem\u017e c\u00edlem bylo zejm\u00e9na m\u011bsto Khan Younis.<\/span><\/p>\n<p><span>Ofici\u00e1ln\u00ed tiskov\u00e1 agentura Palestinsk\u00e9 samospr\u00e1vy WAFA\u00a0<\/span><a href=\"https:\/\/english.wafa.ps\/Pages\/Details\/139755\"><span>informovala o\u00a0<\/span><\/a><a href=\"https:\/\/english.wafa.ps\/Pages\/Details\/139749\"><span>\u00fatoc\u00edch<\/span><\/a><span>\u00a0v severn\u00edm p\u00e1smu Gazy v uprchlick\u00fdch t\u00e1borech Beit Lahia a Jabalia;\u00a0v r\u016fzn\u00fdch \u010dtvrt\u00edch m\u011bsta Gaza, Deir al-Balah, uprchlick\u00e9ho t\u00e1bora Nuseirat a al-Mughraqa v\u00a0<\/span><a href=\"https:\/\/english.wafa.ps\/Pages\/Details\/139764\"><span>centr\u00e1ln\u00edm p\u00e1smu Gazy<\/span><\/a><span>\u00a0;\u00a0a v ji\u017en\u00edch oblastech p\u00e1sma Gazy Rafah,\u00a0<\/span><a href=\"https:\/\/english.wafa.ps\/Pages\/Details\/139761\"><span>Khan Younis<\/span><\/a><span>\u00a0a Bani Suheila.<\/span><\/p>\n<p><span>V sobotu v poledne\u00a0<\/span><a href=\"https:\/\/english.wafa.ps\/Pages\/Details\/139769\"><span>WAFA<\/span><\/a><span>\u00a0ozn\u00e1mila, \u017ee n\u00e1let na obytnou budovu v D\u017eabalii zabil nejm\u00e9n\u011b 100 lid\u00ed.\u00a0Tyto ob\u011bti nebyly zahrnuty do po\u010dtu 193 ob\u011bt\u00ed ministerstva zdravotnictv\u00ed z d\u0159\u00edv\u011bj\u0161\u00edho dne.<\/span><\/p>\n<p><a href=\"https:\/\/www.timesofisrael.com\/liveblog_entry\/idf-says-it-hit-over-400-targets-in-gaza-over-past-day-including-more-than-50-in-khan-younis-area\/\"><span>Podle vlastn\u00edch z\u00e1znam\u016f izraelsk\u00fdch sil<\/span><\/a><span>\u00a0provedla arm\u00e1da p\u0159es noc v Gaze nejm\u00e9n\u011b 400 \u00fader\u016f, v\u010detn\u011b 50 v samotn\u00e9 oblasti Khan Younis.\u00a0Na \u00fazem\u00ed o rozloze 365 kilometr\u016f \u010dtvere\u010dn\u00edch to znamen\u00e1 v\u00edce ne\u017e jednu st\u00e1vku na kilometr \u010dtvere\u010dn\u00ed v rozp\u011bt\u00ed dne.\u00a0<\/span><\/p>\n<p><span>&#8222;Izraelsk\u00e1 okupace po skon\u010den\u00ed p\u0159\u00edm\u011b\u0159\u00ed pokra\u010duje v roz\u0161i\u0159ov\u00e1n\u00ed c\u00edle na civilisty a nenechala ani p\u00ed\u010f p\u00e1sma Gazy bez bombardov\u00e1n\u00ed,&#8220; uvedl v sobotu mluv\u010d\u00ed ministerstva zdravotnictv\u00ed Gazy Ashraf al-Qudra.<\/span><\/p>\n<p><a href=\"https:\/\/stranapro.cz\/\"><img decoding=\"async\" loading=\"lazy\" class=\"alignnone  wp-image-40285 aligncenter\" src=\"http:\/\/www.infokuryr.cz\/n\/wp-content\/uploads\/2023\/11\/11pro-300x79.png\" alt=\"\" width=\"649\" height=\"171\" srcset=\"https:\/\/www.infokuryr.cz\/n\/wp-content\/uploads\/2023\/11\/11pro-300x79.png 300w, https:\/\/www.infokuryr.cz\/n\/wp-content\/uploads\/2023\/11\/11pro.png 363w\" sizes=\"(max-width: 649px) 100vw, 649px\" \/><\/a><\/p>\n<p><span>Mezi zabit\u00fdmi izraelsk\u00fdmi n\u00e1lety v Gaze v uplynul\u00e9m dni jsou\u00a0<\/span><a href=\"https:\/\/english.wafa.ps\/Pages\/Details\/139758\"><span>t\u0159i palestin\u0161t\u00ed novin\u00e1\u0159i<\/span><\/a><span>\u00a0, identifikovan\u00ed jako\u00a0<\/span><a href=\"https:\/\/www.aa.com.tr\/en\/middle-east\/anadolu-cameraman-killed-in-israeli-airstrikes-on-gaza\/3070643\"><span>kameraman Anadolu<\/span><\/a><span>\u00a0Montaser al-Sawaf, kolega, kameraman Abdullah Darwish a profesor novin\u00e1\u0159\u016f Adham Hassoneh.\u00a0Syndik\u00e1t palestinsk\u00fdch novin\u00e1\u0159\u016f uvedl, \u017ee tato posledn\u00ed \u00famrt\u00ed zv\u00fd\u0161ila po\u010det palestinsk\u00fdch novin\u00e1\u0159\u016f a pracovn\u00edk\u016f m\u00e9di\u00ed zabit\u00fdch od 7. \u0159\u00edjna na 67.<\/span><\/p>\n<p><span>Humanit\u00e1rn\u00ed agentury nad\u00e1le vyvol\u00e1vaj\u00ed poplach.\u00a0&#8222;Situace je za krizov\u00fdm bodem,&#8220; \u0159ekl v p\u00e1tek vysok\u00fd komisa\u0159 OSN pro lidsk\u00e1 pr\u00e1va\u00a0<\/span><a href=\"https:\/\/reliefweb.int\/report\/occupied-palestinian-territory\/comment-un-high-commissioner-human-rights-volker-turk-resumption-hostilities-gaza-enar\"><span>Volker T\u00fcrk<\/span><\/a><span>\u00a0.<\/span><\/p>\n<p><span>\u201eT\u00e9m\u011b\u0159 dva m\u011bs\u00edce po boj\u00edch jsou d\u011bti, \u017eeny a mu\u017ei v Gaze v\u0161ichni vyd\u011b\u0161en\u00ed.\u00a0Nemaj\u00ed kam bezpe\u010dn\u011b j\u00edt a jen velmi m\u00e1lo z \u010deho p\u0159e\u017e\u00edt.\u00a0\u017dij\u00ed obklopeni nemocemi, ni\u010den\u00edm a smrt\u00ed,\u201c \u0159ekl\u00a0<\/span><a href=\"https:\/\/reliefweb.int\/report\/occupied-palestinian-territory\/statement-martin-griffiths-under-secretary-general-humanitarian-affairs-and-emergency-relief-coordinator-gaza\"><span>Martin Griffiths<\/span><\/a><span>\u00a0, n\u00e1m\u011bstek gener\u00e1ln\u00edho tajemn\u00edka pro humanit\u00e1rn\u00ed z\u00e1le\u017eitosti a koordin\u00e1tor nouzov\u00e9 pomoci.\u00a0&#8222;To je nep\u0159ijateln\u00e9.&#8220;<\/span><\/p>\n<p><span>Balakrishnan Rajagopal, zvl\u00e1\u0161tn\u00ed zpravodaj OSN pro pr\u00e1vo na p\u0159im\u011b\u0159en\u00e9 bydlen\u00ed, mezit\u00edm na\u00a0<\/span><a href=\"https:\/\/twitter.com\/adequatehousing\/status\/1730711119910645991\"><span>X (d\u0159\u00edve Twitter)<\/span><\/a><span>\u00a0ozna\u010dil pl\u00e1n izraelsk\u00e9 arm\u00e1dy rozd\u011blit p\u00e1smo Gazy na v\u00edce ne\u017e 2200 z\u00f3n za \u201epochmurnou hru na st\u0159\u00edlen\u00ed krocan\u016f\u201c a \u201e posun od nevyb\u00edrav\u00e9ho zab\u00edjen\u00ed civilist\u016f k organizovan\u00e9mu zab\u00edjen\u00ed.<\/span><\/p>\n<p><span>Zat\u00edmco se v p\u00e1tek objevily zpr\u00e1vy, \u017ee pomoc byla blokov\u00e1na ve vstupu do Gazy, Palestinsk\u00e1 spole\u010dnost \u010cerven\u00e9ho p\u016flm\u011bs\u00edce v sobotu uvedla, \u017ee\u00a0p\u0159es p\u0159echod Raf\u00e1h s Egyptem\u00a0<\/span><a href=\"https:\/\/twitter.com\/PalestineRCS\/status\/1730878207216201972\"><span>vjelo nespo\u010detn\u00e9 mno\u017estv\u00ed n\u00e1kladn\u00edch aut napln\u011bn\u00fdch humanit\u00e1rn\u00edmi dod\u00e1vkami.\u00a0<\/span><\/a><span>Humanit\u00e1rn\u00ed skupiny opakovan\u011b varovaly, \u017ee mno\u017estv\u00ed pomoci, kterou Izrael do Gazy povolil od 7. \u0159\u00edjna, hluboce neposta\u010duje k pokryt\u00ed extr\u00e9mn\u00edch pot\u0159eb v oblasti l\u00e9ka\u0159sk\u00e9ho materi\u00e1lu, potravin, vody a paliva, a to i b\u011bhem p\u0159\u00edm\u011b\u0159\u00ed.\u00a0<\/span><\/p>\n<p><span>Mezit\u00edm palestinsk\u00e9 odbojov\u00e9 skupiny hl\u00e1sily, \u017ee se zapojily do bitev s izraelsk\u00fdmi pozemn\u00edmi silami v Bejt Hanounu, Deir Balahu a n\u011bkolika \u010dtvrt\u00edch m\u011bsta Gaza a vyp\u00e1lily rakety na ob\u00e1lku Gazy a Tel Aviv.<\/span><\/p>\n<p><span>V p\u00e1tek Katar \u00fadajn\u011b\u00a0<\/span><a href=\"https:\/\/www.haaretz.com\/israel-news\/2023-12-01\/ty-article\/.premium\/as-gaza-fighting-renews-qatari-mediated-talks-to-return-israel-hamas-cease-fire-carry-on\/0000018c-247a-ded2-abff-ad7e51460000\"><span>st\u00e1le zprost\u0159edkov\u00e1val jedn\u00e1n\u00ed<\/span><\/a><span>\u00a0o n\u00e1vratu k p\u0159\u00edm\u011b\u0159\u00ed.\u00a0<\/span><a href=\"https:\/\/www.reuters.com\/world\/middle-east\/israel-informs-arab-states-it-wants-buffer-zone-post-war-gaza-sources-2023-12-01\/\"><span>Agentura Reuters<\/span><\/a><span>\u00a0uvedla, \u017ee Izrael informoval p\u0159edstavitele Jord\u00e1nska, Egypta a Spojen\u00fdch arabsk\u00fdch emir\u00e1t\u016f o sv\u00e9m p\u0159\u00e1n\u00ed vytvo\u0159it n\u00e1razn\u00edkovou z\u00f3nu uvnit\u0159 Gazy.\u00a0Izraelsk\u00e9 s\u00edly ji\u017e p\u0159ed 7. \u0159\u00edjnem zavedly de facto n\u00e1razn\u00edkovou z\u00f3nu v oblastech Gazy pod\u00e9l plotu, kter\u00fd ji odd\u011bluje od Izraele, co\u017e br\u00e1n\u00ed farm\u00e1\u0159\u016fm dostat se na jejich pozemky, post\u0159ikuje pesticidy a st\u0159\u00edl\u00ed na pokojn\u00e9 demonstranty v oblasti b\u011bhem Velk\u00e9ho pochodu n\u00e1vratu.\u00a0<\/span><\/p>\n<p><span>V sobotu v\u0161ak\u00a0<\/span><a href=\"https:\/\/twitter.com\/BarakRavid\/status\/1730935019139485703\"><span>zpr\u00e1vy<\/span><\/a><span>\u00a0Baraka Ravida z Axios uvedly, \u017ee izraelsk\u00fd Mossad povolal zp\u011bt sv\u016fj t\u00fdm z Kataru v d\u016fsledku \u201ekrachu vyjedn\u00e1v\u00e1n\u00ed o rukojm\u00edch\u201c, p\u0159i\u010dem\u017e uvedli, \u017ee Ham\u00e1s nedok\u00e1zal propustit v\u0161echny rukojm\u00ed v zemi. Gaza.\u00a0Je pozoruhodn\u00e9, \u017ee b\u011bhem n\u011bkolika hodin od prvn\u00edho dne p\u0159\u00edm\u011b\u0159\u00ed minul\u00fd t\u00fdden izraelsk\u00e9 s\u00edly poru\u0161ily p\u0159\u00edm\u011b\u0159\u00ed\u00a0<\/span><a href=\"https:\/\/mondoweiss.net\/2023\/11\/operation-al-aqsa-flood-day-51-israel-fires-at-palestinians-attempting-to-return-to-northern-gaza-amid-shaky-truce\/\"><span>zast\u0159elen\u00edm a zabit\u00edm \u0159ady Palestinc\u016f<\/span><\/a><span>\u00a0, kte\u0159\u00ed se pokou\u0161eli dostat do sv\u00fdch domov\u016f v severn\u00ed Gaze.\u00a0<\/span><\/p>\n<h2 class=\"wp-block-heading\"><span>Izrael\u0161t\u00ed zajatci\u00a0<\/span><strong><span>rozdm\u00fdch\u00e1vaj\u00ed nap\u011bt\u00ed pro Netanjahuovu vl\u00e1du<\/span><\/strong><\/h2>\n<p><span>Pro mnoh\u00e9 v Izraeli nebylo zabit\u00ed dal\u0161\u00edch Palestinc\u016f hlavn\u00edm hlediskem konce p\u0159\u00edm\u011b\u0159\u00ed, ale sp\u00ed\u0161e osudem\u00a0<\/span><a href=\"https:\/\/www.timesofisrael.com\/families-of-hostages-still-in-gaza-call-breakdown-of-truce-a-very-hard-blow\/\"><span>136 zajatc\u016f st\u00e1le dr\u017een\u00fdch v Gaze<\/span><\/a><span>\u00a0.<\/span><\/p>\n<p><a href=\"https:\/\/www.ynetnews.com\/article\/byurydvb6\"><span>&#8222;Up\u0159ednost\u0148ov\u00e1n\u00ed vojensk\u00e9 akce p\u0159ed pokra\u010dov\u00e1n\u00edm propou\u0161t\u011bn\u00ed rukojm\u00edch znamen\u00e1 opu\u0161t\u011bn\u00ed na\u0161ich milovan\u00fdch,&#8220; \u0159ekl Ynetu<\/span><\/a><span>\u00a0p\u0159\u00edbuzn\u00fd jedn\u00e9 zadr\u017eovan\u00e9 osoby\u00a0.<\/span><\/p>\n<p><span>Al-D\u017eaz\u00edra citovala zpr\u00e1vy nejmenovan\u00fdch izraelsk\u00fdch m\u00e9di\u00ed, \u017ee izraelsk\u00e1 policie v sobotu zatkla \u0161est lid\u00ed p\u0159i demonstraci p\u0159ed domem premi\u00e9ra Benjamina Netanjahua v Cesareji a vyzvala ho, aby rezignoval kv\u016fli sv\u00fdm selh\u00e1n\u00edm p\u0159i \u0159e\u0161en\u00ed \u00fatoku Ham\u00e1su ze 7. \u0159\u00edjna.<\/span><\/p>\n<p><span>Na sobotu je \u00fadajn\u011b napl\u00e1nov\u00e1no n\u011bkolik protest\u016f po\u017eaduj\u00edc\u00edch propu\u0161t\u011bn\u00ed rukojm\u00edch.<\/span><\/p>\n<p><span>Izrael tvrd\u00ed, \u017ee p\u0159\u00edm\u011b\u0159\u00ed ztroskotalo na osudu izraelsk\u00e9 \u017eeny a jej\u00edch dvou mal\u00fdch d\u011bt\u00ed unesen\u00fdch 7. \u0159\u00edjna. Zat\u00edmco Hamas \u0159ekl, \u017ee Shiri Bibas, 32, 10m\u011bs\u00ed\u010dn\u00ed Kfir a 4let\u00e1 Ariel zem\u0159eli p\u0159i izraelsk\u00e9m n\u00e1letu a nab\u00eddli jim navr\u00e1cen\u00ed jejich t\u011bl, izraelsk\u00e1 arm\u00e1da tuto mo\u017enost odm\u00edtla jako \u201ekrutou a nelidskou\u201c a tvrdila, \u017ee jde o\u00a0<\/span><a href=\"https:\/\/www.ynetnews.com\/article\/b146xa4rt\"><span>\u201epsychologick\u00fd terorismus\u201c<\/span><\/a><span>\u00a0Hamasu.\u00a0Hamas zve\u0159ejnil video Yardena Bibase, kter\u00fd byl rovn\u011b\u017e dr\u017een jako rukojm\u00ed, jak \u017e\u00e1d\u00e1 o navr\u00e1cen\u00ed sv\u00e9 man\u017eelky a d\u011bt\u00ed do Izraele k poh\u0159bu.\u00a0Izraelsk\u00e1 arm\u00e1da je\u0161t\u011b neuvedla, zda m\u00e1 konkr\u00e9tn\u00ed d\u016fkazy, kter\u00e9 by vyvr\u00e1tily nebo potvrdily verzi ud\u00e1lost\u00ed p\u0159edlo\u017eenou Hamasem.<\/span><\/p>\n<p><span>Podle report\u00e9rky Al-D\u017eaz\u00edry Sara Khairat, \u201eIzrael cht\u011bl, aby t\u011bch 10 bylo propu\u0161t\u011bno na dal\u0161\u00ed den p\u0159\u00edm\u011b\u0159\u00ed, aby byli na\u017eivu, sp\u00ed\u0161e ne\u017e mrtv\u00ed.\u00a0Cht\u011bj\u00ed, aby to byla samostatn\u00e1 v\u011bc.&#8220;<\/span><\/p>\n<p><span>Izraelsk\u00e9 s\u00edly uvedly, \u017ee v p\u00e1tek v Gaze nalezly\u00a0<\/span><a href=\"https:\/\/www.jpost.com\/breaking-news\/article-776111\"><span>t\u011blo dal\u0161\u00edho zajat\u00e9ho<\/span><\/a><span>\u00a0, izraelsk\u00e9ho voj\u00e1ka Ofira Tzarfatiho, ani\u017e by up\u0159esnily okolnosti.<\/span><\/p>\n<p><span>Mezit\u00edm extremistick\u00fd osadn\u00edk a izraelsk\u00fd ministr financ\u00ed Bezalel Smotrich v p\u00e1tek prohl\u00e1sil, \u017ee se domn\u00edv\u00e1, \u017ee Izrael by se nem\u011bl \u00fa\u010dastnit \u017e\u00e1dn\u00fdch jedn\u00e1n\u00ed ani rozhovor\u016f s Hamasem, kter\u00fd nazval\u00a0<\/span><a href=\"https:\/\/www.jpost.com\/israel-news\/politics-and-diplomacy\/article-776150\"><span>\u201enacistick\u00fdm nep\u0159\u00edtelem\u201c.<\/span><\/a><\/p>\n<h2 class=\"wp-block-heading\"><strong><span>Na Z\u00e1padn\u00edm b\u0159ehu, v Libanonu a jinde zu\u0159\u00ed n\u00e1sil\u00ed<\/span><\/strong><\/h2>\n<p><span>Izraelsk\u00e9 s\u00edly zadr\u017eely v noci na p\u00e1tek na okupovan\u00e9m Z\u00e1padn\u00edm b\u0159ehu\u00a0<\/span><a href=\"https:\/\/english.wafa.ps\/Pages\/Details\/139765\"><span>nejm\u00e9n\u011b 12 Palestinc\u016f<\/span><\/a><span>\u00a0, proto\u017ee arm\u00e1dn\u00ed n\u00e1jezdy a \u00fatoky osadn\u00edk\u016f pokra\u010dovaly na palestinsk\u00e9m \u00fazem\u00ed v nezmen\u0161en\u00e9 m\u00ed\u0159e.<\/span><\/p>\n<p><span>Izrael\u0161t\u00ed voj\u00e1ci zast\u0159elili a zranili nejm\u00e9n\u011b p\u011bt Palestinc\u016f v\u00a0<\/span><a href=\"https:\/\/english.wafa.ps\/Pages\/Details\/139766\"><span>Beita<\/span><\/a><span>\u00a0,\u00a0<\/span><a href=\"https:\/\/english.wafa.ps\/Pages\/Details\/139750\"><span>Sa&#8217;ir<\/span><\/a><span>\u00a0a\u00a0<\/span><a href=\"https:\/\/english.wafa.ps\/Pages\/Details\/139743\"><span>Kafr Qaddum<\/span><\/a><span>\u00a0, zat\u00edmco voj\u00e1ci uzav\u0159eli silnice v oblasti\u00a0<\/span><a href=\"https:\/\/english.wafa.ps\/Pages\/Details\/139757\"><span>Sur Baher<\/span><\/a><span>\u00a0a\u00a0<\/span><a href=\"https:\/\/english.wafa.ps\/Pages\/Details\/139745\"><span>Aqraba<\/span><\/a><span>\u00a0.<\/span><\/p>\n<p><span>Konfrontace mezi izraelsk\u00fdmi silami a ozbrojen\u00fdmi Palestinci zaznamenaly p\u0159es noc palestinsk\u00e9 odbojov\u00e9 skupiny v D\u017ean\u00ednu, uprchlick\u00e9m t\u00e1bo\u0159e al-Arrub a Bejt Ummar.<\/span><\/p>\n<p><span>Dva palestin\u0161t\u00ed brat\u0159i, Murad a Ibrahim Nimrovi, kte\u0159\u00ed byli zabiti ve \u010dtvrtek po proveden\u00ed \u00fatoku v Jeruzal\u00e9m\u011b, poch\u00e1zej\u00ed ze Sur Baher.\u00a0WAFA ozn\u00e1mila, \u017ee izraelsk\u00e9 s\u00edly uzav\u0159ely sv\u00e9 domovy v r\u00e1mci p\u0159\u00edpravy na jejich\u00a0<\/span><a href=\"https:\/\/english.wafa.ps\/Pages\/Details\/139760\"><span>trestaj\u00edc\u00ed demolici<\/span><\/a><span>\u00a0\u2013 co\u017e je spole\u010dn\u00e1 izraelsk\u00e1 politika, kter\u00e1 byla odsouzena jako kolektivn\u00ed trest.<\/span><\/p>\n<p><span>WAFA tak\u00e9 uvedla, \u017ee izrael\u0161t\u00ed osadn\u00edci podnikli \u00fatoky na palestinsk\u00e9 komunity, majetek, olivovn\u00edky a ovce v\u00a0<\/span><a href=\"https:\/\/english.wafa.ps\/Pages\/Details\/139768\"><span>Masafer Yatta<\/span><\/a><span>\u00a0,\u00a0<\/span><a href=\"https:\/\/english.wafa.ps\/Pages\/Details\/139742\"><span>al-Sawiyah<\/span><\/a><span>\u00a0,\u00a0<\/span><a href=\"https:\/\/english.wafa.ps\/Pages\/Details\/139752\"><span>Qasra<\/span><\/a><span>\u00a0,\u00a0<\/span><a href=\"https:\/\/english.wafa.ps\/Pages\/Details\/139751\"><span>Qarawat Bani Hassan<\/span><\/a><span>\u00a0,\u00a0<\/span><a href=\"https:\/\/english.wafa.ps\/Pages\/Details\/139770\"><span>Deir Ballout<\/span><\/a><span>\u00a0a\u00a0<\/span><a href=\"https:\/\/english.wafa.ps\/Pages\/Details\/139746\"><span>Ka&#8217;abneh<\/span><\/a><span>\u00a0.<\/span><\/p>\n<p><span>Mezit\u00edm\u00a0<\/span><a href=\"https:\/\/english.wafa.ps\/Pages\/Details\/139763\"><span>16let\u00fd Palestinec<\/span><\/a><span>\u00a0v sobotu podlehl zran\u011bn\u00edm, kter\u00e1 utrp\u011bl p\u0159ed t\u00e9m\u011b\u0159 dv\u011bma m\u011bs\u00edci.\u00a0Sharif Ahmad al-Shaer z m\u011bsta al-Jalameh na severn\u00edm Z\u00e1padn\u00edm b\u0159ehu Jord\u00e1nu byl izraelsk\u00fdmi silami st\u0159elen do stehna a b\u0159icha 9. \u0159\u00edjna.<\/span><\/p>\n<p><span>V ji\u017en\u00edm Libanonu zabil izraelsk\u00fd \u00fader matku a jej\u00edho dosp\u011bl\u00e9ho syna, identifikovan\u00e9ho\u00a0<\/span><a href=\"https:\/\/today.lorientlejour.com\/article\/1359261\/fighting-resumes-between-hamas-and-israel-following-end-of-truce-day-56-of-the-hamas-israel-war.html\"><span>libanonsk\u00fdmi m\u00e9dii<\/span><\/a><span>\u00a0jako bojovn\u00edka Hizball\u00e1hu, ve vesnici Houla, zat\u00edmco dal\u0161\u00ed osoba byla zabita a t\u0159i zran\u011bni v Jibbaynu.<\/span><\/p>\n<p><span>Hnut\u00ed Hizball\u00e1h mezit\u00edm od p\u00e1tku ozn\u00e1milo smrt t\u0159\u00ed sv\u00fdch bojovn\u00edk\u016f.<\/span><\/p>\n<p><span>K\u0159\u00ed\u017eov\u00e1 palba pod\u00e9l modr\u00e9 linie vymezuj\u00edc\u00ed Libanon a Izrael se od p\u00e1tku obnovila, p\u0159i\u010dem\u017e obyvatel\u00e9 severn\u00edho Izraele byli upozorn\u011bni, aby kv\u016fli ost\u0159elov\u00e1n\u00ed omezili sv\u016fj pohyb.\u00a0<\/span><\/p>\n<p><span>Mezit\u00edm izraelsk\u00e1 arm\u00e1da p\u0159es noc ude\u0159ila na p\u0159edm\u011bst\u00ed Dama\u0161ku, p\u0159i\u010dem\u017e syrsk\u00e1 st\u00e1tn\u00ed m\u00e9dia informovala o\u00a0<\/span><a href=\"https:\/\/www.timesofisrael.com\/liveblog_entry\/syrian-military-official-israeli-strikes-near-damascus-overnight-result-in-material-losses\/\"><span>\u201emateri\u00e1ln\u00edch ztr\u00e1t\u00e1ch\u201c<\/span><\/a><span>\u00a0, ale bez ob\u011bt\u00ed.<\/span><\/p>\n<p><em><span style=\"font-size: 10pt;\"><strong>\u00davodn\u00ed fotografie:<\/strong> T\u0158I PALESTIN\u0160T\u00cd CHLAPCI SED\u00cd ROZRU\u0160EN\u00cd A PL\u00c1\u010cOU MEZI ZRAN\u011aN\u00ddMI P\u0158IVEZEN\u00ddMI DO NEMOCNICE V DEIR AL-BALAH V CENTR\u00c1LN\u00cdM P\u00c1SMU GAZY PO IZRAELSK\u00c9M N\u00c1LETU.\u00a0IZRAEL OBNOVIL SV\u00c9 N\u00c1LETY V PLN\u00c9 S\u00cdLE V P\u00c1TEK 1. PROSINCE POT\u00c9, CO V P\u00c1SMU SKON\u010cILO DO\u010cASN\u00c9 P\u0158\u00cdM\u011a\u0158\u00cd.\u00a0(OBR\u00c1ZKY APA)<\/span><\/em><\/p>\n<p><img decoding=\"async\" loading=\"lazy\" class=\"alignnone size-full wp-image-1185\" src=\"http:\/\/www.infokuryr.cz\/n\/wp-content\/uploads\/2021\/04\/kuryr-podpis.png\" alt=\"\" width=\"84\" height=\"24\" \/><\/p>\n<p>&nbsp;<\/p>\n<p>&nbsp;<\/p>\n<p>&nbsp;<\/p>\n","protected":false},"excerpt":{"rendered":"<p>Ztr\u00e1ty 15 207 zabit\u00fdch*, v\u010detn\u011b 6 150 d\u011bt\u00ed a 40 752 zran\u011bn\u00fdch v p\u00e1smu Gazy&#8230;.<\/p>\n","protected":false},"author":2,"featured_media":41547,"comment_status":"closed","ping_status":"closed","sticky":false,"template":"","format":"standard","meta":[],"categories":[7],"tags":[245,348,107,3535,871],"_links":{"self":[{"href":"https:\/\/www.infokuryr.cz\/n\/wp-json\/wp\/v2\/posts\/41546"}],"collection":[{"href":"https:\/\/www.infokuryr.cz\/n\/wp-json\/wp\/v2\/posts"}],"about":[{"href":"https:\/\/www.infokuryr.cz\/n\/wp-json\/wp\/v2\/types\/post"}],"author":[{"embeddable":true,"href":"https:\/\/www.infokuryr.cz\/n\/wp-json\/wp\/v2\/users\/2"}],"replies":[{"embeddable":true,"href":"https:\/\/www.infokuryr.cz\/n\/wp-json\/wp\/v2\/comments?post=41546"}],"version-history":[{"count":1,"href":"https:\/\/www.infokuryr.cz\/n\/wp-json\/wp\/v2\/posts\/41546\/revisions"}],"predecessor-version":[{"id":41548,"href":"https:\/\/www.infokuryr.cz\/n\/wp-json\/wp\/v2\/posts\/41546\/revisions\/41548"}],"wp:featuredmedia":[{"embeddable":true,"href":"https:\/\/www.infokuryr.cz\/n\/wp-json\/wp\/v2\/media\/41547"}],"wp:attachment":[{"href":"https:\/\/www.infokuryr.cz\/n\/wp-json\/wp\/v2\/media?parent=41546"}],"wp:term":[{"taxonomy":"category","embeddable":true,"href":"https:\/\/www.infokuryr.cz\/n\/wp-json\/wp\/v2\/categories?post=41546"},{"taxonomy":"post_tag","embeddable":true,"href":"https:\/\/www.infokuryr.cz\/n\/wp-json\/wp\/v2\/tags?post=41546"}],"curies":[{"name":"wp","href":"https:\/\/api.w.org\/{rel}","templated":true}]}}