{"id":41438,"date":"2023-12-01T06:43:19","date_gmt":"2023-12-01T05:43:19","guid":{"rendered":"http:\/\/www.infokuryr.cz\/n\/?p=41438"},"modified":"2023-12-01T06:43:19","modified_gmt":"2023-12-01T05:43:19","slug":"v-kyjeve-byl-vyhlasen-letecky-poplach-sireny-houkaji-ve-ctyrech-regionech-ukrajiny","status":"publish","type":"post","link":"https:\/\/www.infokuryr.cz\/n\/2023\/12\/01\/v-kyjeve-byl-vyhlasen-letecky-poplach-sireny-houkaji-ve-ctyrech-regionech-ukrajiny\/","title":{"rendered":"V Kyjev\u011b byl vyhl\u00e1\u0161en leteck\u00fd poplach, sir\u00e9ny houkaj\u00ed ve \u010dty\u0159ech regionech Ukrajiny"},"content":{"rendered":"<div id=\"fb-root\"><\/div>\n<p class=\"lead\"><strong>Leteck\u00fd poplach byl vyhl\u00e1\u0161en ve \u010dty\u0159ech regionech Ukrajiny, v\u010detn\u011b Kyjeva a Kyjevsk\u00e9 oblasti.\u00a0\u00da\u0159ady ukrajinsk\u00e9ho hlavn\u00edho m\u011bsta informuj\u00ed o pr\u00e1ci protivzdu\u0161n\u00e9 obrany a nab\u00e1daj\u00ed obyvatele, aby \u0161li do kryt\u016f.<\/strong><\/p>\n<p><span>Tyto informace byly \u0161\u00ed\u0159eny kyjevskou oblastn\u00ed vojenskou spr\u00e1vou, potvrzuj\u00ed to \u00fadaje z ukrajinsk\u00e9ho ofici\u00e1ln\u00edho zdroje pro varov\u00e1n\u00ed obyvatelstva.<\/span><\/p>\n<p><span>V oblasti Kyjeva byl v p\u00e1tek 1. prosince v 07:15 vyhl\u00e1\u0161en poplach.\u00a0V tuto chv\u00edli jsou sir\u00e9ny sly\u0161et tak\u00e9 v Poltavsk\u00e9, \u010cernigovsk\u00e9 a Sumsk\u00e9 oblasti.<\/span><\/p>\n<p><span>P\u0159ipome\u0148me, \u017ee rusk\u00e9 ozbrojen\u00e9 s\u00edly za\u010daly systematick\u00e9\u00a0\u00fadery na ukrajinskou infrastrukturu 10. \u0159\u00edjna 2022 \u2013 dva dny po teroristick\u00e9m \u00fatoku na Krymsk\u00fd most, za kter\u00fdm podle rusk\u00fdch \u00fa\u0159ad\u016f st\u00e1la ukrajinsk\u00e1 speci\u00e1ln\u00ed slu\u017eba.<\/span><\/p>\n<p><span>Jak informovala m\u00e9dia<\/span><span>\u00a0, noc p\u0159edt\u00edm byla\u00a0v Dn\u011bpropetrovsk\u00e9, Kirovogradsk\u00e9, Nikolajevsk\u00e9, Od\u011bsk\u00e9 a Poltavsk\u00e9 oblasti\u00a0<\/span><span>v platnosti varov\u00e1n\u00ed p\u0159ed vzdu\u0161nou hrozbou.<\/span><\/p>\n<p><img decoding=\"async\" loading=\"lazy\" class=\"alignnone size-full wp-image-1185\" src=\"http:\/\/www.infokuryr.cz\/n\/wp-content\/uploads\/2021\/04\/kuryr-podpis.png\" alt=\"\" width=\"84\" height=\"24\" \/><\/p>\n<p>&nbsp;<\/p>\n<p><a href=\"https:\/\/stranapro.cz\/\"><img decoding=\"async\" loading=\"lazy\" class=\"wp-image-40286 aligncenter\" src=\"http:\/\/www.infokuryr.cz\/n\/wp-content\/uploads\/2023\/11\/12pro-300x87.png\" alt=\"\" width=\"938\" height=\"272\" srcset=\"https:\/\/www.infokuryr.cz\/n\/wp-content\/uploads\/2023\/11\/12pro-300x87.png 300w, https:\/\/www.infokuryr.cz\/n\/wp-content\/uploads\/2023\/11\/12pro.png 366w\" sizes=\"(max-width: 938px) 100vw, 938px\" \/><\/a><\/p>\n<p>&nbsp;<\/p>\n<p>&nbsp;<\/p>\n","protected":false},"excerpt":{"rendered":"<p>Leteck\u00fd poplach byl vyhl\u00e1\u0161en ve \u010dty\u0159ech regionech Ukrajiny, v\u010detn\u011b Kyjeva a Kyjevsk\u00e9 oblasti.\u00a0\u00da\u0159ady ukrajinsk\u00e9ho hlavn\u00edho&#8230;<\/p>\n","protected":false},"author":2,"featured_media":20572,"comment_status":"closed","ping_status":"closed","sticky":false,"template":"","format":"standard","meta":[],"categories":[7],"tags":[221,4375,26],"_links":{"self":[{"href":"https:\/\/www.infokuryr.cz\/n\/wp-json\/wp\/v2\/posts\/41438"}],"collection":[{"href":"https:\/\/www.infokuryr.cz\/n\/wp-json\/wp\/v2\/posts"}],"about":[{"href":"https:\/\/www.infokuryr.cz\/n\/wp-json\/wp\/v2\/types\/post"}],"author":[{"embeddable":true,"href":"https:\/\/www.infokuryr.cz\/n\/wp-json\/wp\/v2\/users\/2"}],"replies":[{"embeddable":true,"href":"https:\/\/www.infokuryr.cz\/n\/wp-json\/wp\/v2\/comments?post=41438"}],"version-history":[{"count":0,"href":"https:\/\/www.infokuryr.cz\/n\/wp-json\/wp\/v2\/posts\/41438\/revisions"}],"wp:featuredmedia":[{"embeddable":true,"href":"https:\/\/www.infokuryr.cz\/n\/wp-json\/wp\/v2\/media\/20572"}],"wp:attachment":[{"href":"https:\/\/www.infokuryr.cz\/n\/wp-json\/wp\/v2\/media?parent=41438"}],"wp:term":[{"taxonomy":"category","embeddable":true,"href":"https:\/\/www.infokuryr.cz\/n\/wp-json\/wp\/v2\/categories?post=41438"},{"taxonomy":"post_tag","embeddable":true,"href":"https:\/\/www.infokuryr.cz\/n\/wp-json\/wp\/v2\/tags?post=41438"}],"curies":[{"name":"wp","href":"https:\/\/api.w.org\/{rel}","templated":true}]}}