{"id":41422,"date":"2023-12-01T05:42:25","date_gmt":"2023-12-01T04:42:25","guid":{"rendered":"http:\/\/www.infokuryr.cz\/n\/?p=41422"},"modified":"2023-12-01T05:42:25","modified_gmt":"2023-12-01T04:42:25","slug":"miroslav-petr-fakta-o-lejnove-a-cile-wef","status":"publish","type":"post","link":"https:\/\/www.infokuryr.cz\/n\/2023\/12\/01\/miroslav-petr-fakta-o-lejnove-a-cile-wef\/","title":{"rendered":"Miroslav Petr: Fakta o Lejnov\u00e9 a c\u00edle WEF"},"content":{"rendered":"<div id=\"fb-root\"><\/div>\n<p><em><strong>Kari\u00e9ristka v mnoha funkc\u00edch, o jejich\u017e skand\u00e1lech se nesm\u00ed mluvit. Skupina europoslanc\u016f \u017e\u00e1dala jej\u00ed rezignaci, proto\u017ee je sou\u010d\u00e1st\u00ed velk\u00e9ho gigantick\u00e9ho podvodu &#8211; Kovid 19 a propagandistick\u00e9 kampan\u011b, kter\u00e1 zp\u016fsobila a nad\u00e1le bude zp\u016fsobovat poru\u0161ov\u00e1n\u00ed lidsk\u00fdch pr\u00e1v a svobod.<\/strong><\/p>\n<p>To je hrozba pro demokracii v Evrop\u011b. Vzhledem k vlastn\u00edm aktivit\u00e1m a st\u0159etu z\u00e1jmu mus\u00ed rezignovat na p\u0159edsedkyni EK. Kovid podvod, poru\u0161ov\u00e1n\u00ed lidsk\u00fdch pr\u00e1v a ohro\u017een\u00ed demokracie, st\u0159et z\u00e1jm\u016f,- obvin\u011bn\u00ed maj\u00ed velkou v\u00e1hu. Netransparentn\u00ed smlouvy, proto\u017ee m\u00e1 dobr\u00e9 konexe se \u0161\u00e9fem Pfizeru.<\/em><\/p>\n<p>V dubnu 2021 uzav\u0159ela nejv\u011bt\u0161\u00ed smlouvu s touto firmou na t\u00e9m\u011b\u0159 2 000 000 000 vakc\u00edn. Objem zak\u00e1zky tvo\u0159il 35 000 000 000 euro, financovan\u00fd z dan\u00ed n\u00e1s v\u0161ech. Provedla to bez souhlasu EP! Nebyla to jedin\u00e1 smlouva.<\/p>\n<p>Zfal\u0161ovala sv\u016fj vysoko\u0161kolsk\u00fd diplom a podpisy na n\u011bkter\u00fdch netransparentn\u00edch\u00a0 smlouv\u00e1ch. \u00da\u010dastnila se \u010dty\u0159 Bilderberg konferenc\u00ed, co\u017e je absolutn\u00ed rekord. EU ji dosazovala do nejvy\u0161\u0161\u00edch funkc\u00ed. Jej\u00ed otec byl ve velmi vysok\u00e9 funkci. Objedn\u00e1vala miliardy vakc\u00edn pro cel\u00fd sv\u011bt. Je prov\u00e1z\u00e1na s mnoha globalisty.<\/p>\n<p><span style=\"font-size: 18pt;\"><strong>C\u00edle WEF:\u00a0<\/strong><\/span><\/p>\n<p><strong>1\/<\/strong> vytvo\u0159en\u00ed jedn\u00e9 sv\u011btov\u00e9 vl\u00e1dy.<\/p>\n<p><strong>2\/<\/strong> vytvo\u0159en\u00ed jedn\u00e9 celosv\u011btov\u00e9 kontrolovan\u00e9 m\u011bny.<\/p>\n<p><strong>3\/<\/strong> konec v\u0161ech n\u00e1rodn\u00edch suverenit.<\/p>\n<p><strong>4\/<\/strong> konec ve\u0161ker\u00e9ho soukrom\u00e9ho vlastnictv\u00ed.<\/p>\n<p><strong>5\/<\/strong> zru\u0161en\u00ed soukrom\u00e9\u00a0dopravy.<\/p>\n<p><strong>6\/<\/strong> celosv\u011btov\u00fd syst\u00e9m soci\u00e1ln\u00edho kreditu.<\/p>\n<p><strong>7\/<\/strong> kontrola popula\u010dn\u00edho r\u016fstu.<\/p>\n<p><strong>8\/<\/strong> digit\u00e1ln\u00ed identita ka\u017ed\u00e9ho \u010dlov\u011bka.<\/p>\n<p><strong>9\/<\/strong> absolutn\u00ed medi\u00e1ln\u00ed suverenita prost\u0159ednictv\u00edm cenzury nez\u00e1visl\u00fdch medi\u00ed.<\/p>\n<p><strong>10\/<\/strong> vytvo\u0159en\u00ed nov\u00e9 lidsk\u00e9 bytosti prost\u0159ednictv\u00edm spojen\u00ed \u010dlov\u011bka a um\u011bl\u00e9 inteligence.<\/p>\n<p><strong>11\/<\/strong> z\u0159\u00edzen\u00ed technokracie.<\/p>\n<p><strong>12\/<\/strong> Greendeal- centr\u00e1ln\u011b pl\u00e1novan\u00e1 ekonomika, podobn\u00e1 st\u00e1tn\u00ed kontrole v\u0161ech oblast\u00ed za socialismu. Zm\u011bna klimatu slou\u017e\u00ed jako z\u00e1minka.<\/p>\n<p><span style=\"font-size: 18pt;\"><strong>Probud\u00ed se lidstvo na posledn\u00ed chv\u00edli p\u0159ed touto hr\u016fzostra\u0161nou dystopi\u00ed?<\/strong><\/span><\/p>\n<p>V den, kdy muslim napadl dv\u011b d\u011bti a u\u010ditelku no\u017eem, pir\u00e1tka svaza\u010dka Gregorov\u00e1 \u017e\u00e1d\u00e1 otev\u0159en\u00ed evropsk\u00fdch hranic. Muslim v katolick\u00e9 irsk\u00e9 \u0161kole napadl mal\u00e9 d\u011bti. Sy\u0159an bydlel v Irsku p\u0159es 20 let\u00a0 Celou tu dobu \u017eil z d\u00e1vek. Politici ze strachu nechali\u00a0 postavit ocelovou \/!\/ ohradu kolem parlamentu. Indick\u00fd \/!\/ premi\u00e9r Irska pova\u017euje m\u00edstn\u00ed lidi za xenofoby. S\u00e1m se projevil jako protib\u011blo\u0161sk\u00fd rasista. Podle n\u011bj je nep\u0159ijateln\u00e9, aby ve vysok\u00fdch politick\u00fdch funkc\u00edch byli jen b\u011blo\u0161i. Ministrovi vnitra to nevad\u00ed?<\/p>\n<p>Greendeal v EU na\u0159izuje se\u0161rotovat hromadn\u011b star\u0161\u00ed auta a p\u0159ej\u00edt na \u00faplnou elektromobilitu. P\u0159itom je zji\u0161t\u011bno, \u017ee auta na vod\u00edk jsou doslova ide\u00e1ln\u00ed \u0159e\u0161en\u00ed s mnoha v\u00fdhodami- vod\u00edk je prakticky zadarmo a je ho p\u0159ebytek na rozd\u00edl od budouc\u00edho nedostatku lithia.<\/p>\n<p>Majitel\u00e9 star\u0161\u00edch aut nemaj\u00ed \/!\/ pravomoci rozhodovat o tom, kdy budou jejich vozidla zabavena a se\u0161rotov\u00e1na. Krit\u00e9ria EU budou rozhodovat o tom, kdy budou jejich vozidla pova\u017eov\u00e1na za &#8222;zabaven\u00e1&#8220; a se\u0161rotovan\u00e1. St\u00e1t tak m\u016f\u017ee lidem zabavit i sb\u011bratelsk\u00e1 auta \/!\/ bez jak\u00e9koli n\u00e1hrady.<\/p>\n<p>Jde o napl\u0148ov\u00e1n\u00ed &#8222;Agendy 2030&#8220;. Takto zabavovali pole v\u0161ech kulak\u016f komunisti v pades\u00e1t\u00fdch letech! Historie se opakuje&#8230;<\/p>\n<p>Prezident Argentiny J. Milei: &#8222;Pro\u010d Argentina nem\u00e1 \u010derno\u0161sk\u00e9 fotbalisty? Proto\u017ee nejsme film od Disneyho&#8220;.<\/p>\n<p>P\u0159ed bratislavsk\u00fdm Hradem demonstrovali tis\u00edce Slov\u00e1k\u016f proti americk\u00e9 agresi, \u017ee Slovensko chce m\u00edr a nechce americk\u00e9 z\u00e1kladny. Bylo to na &#8222;demokratick\u00e9 a vyv\u00e1\u017een\u00e9&#8220; \u010cT?<\/p>\n<p><a href=\"https:\/\/stranapro.cz\/\"><img decoding=\"async\" loading=\"lazy\" class=\"alignnone  wp-image-40285 aligncenter\" src=\"http:\/\/www.infokuryr.cz\/n\/wp-content\/uploads\/2023\/11\/11pro-300x79.png\" alt=\"\" width=\"535\" height=\"141\" srcset=\"https:\/\/www.infokuryr.cz\/n\/wp-content\/uploads\/2023\/11\/11pro-300x79.png 300w, https:\/\/www.infokuryr.cz\/n\/wp-content\/uploads\/2023\/11\/11pro.png 363w\" sizes=\"(max-width: 535px) 100vw, 535px\" \/><\/a><\/p>\n<p>Slovensk\u00fd Fico a n\u011bkter\u00e9 dal\u0161\u00ed zem\u011b jsou proti nov\u00e9 smlouv\u011b WHO.<\/p>\n<p>Ceny energi\u00ed jsou prioritou nov\u00e9 slovensk\u00e9 vl\u00e1dy, tak\u017ee Slov\u00e1ci nebudou platit jako loni drahou energii.<\/p>\n<p>OSN po\u017eaduje po rozvinut\u00fdch zem\u00edch velmi razantn\u00ed omezen\u00ed spot\u0159eby masa. Odkdy se OSN star\u00e1 o v\u011bci, pro kter\u00e9 nebyla stvo\u0159ena? Pro\u010d zanedb\u00e1v\u00e1 svou nejd\u016fle\u017eit\u011bj\u0161\u00ed povinnost- zachov\u00e1vat celosv\u011btov\u00fd m\u00edr?<\/p>\n<p>Globalistick\u00e1 WADA \u017e\u00e1d\u00e1 skon\u010den\u00ed Her p\u0159\u00e1telstv\u00ed v Rusku a vyhro\u017euje sankcemi v cel\u00e9m sv\u011bt\u011b. Z\u00e1pad t\u011bsn\u011b p\u0159ed z\u00e1nikem se st\u00e1le plete do z\u00e1le\u017eitost\u00ed v\u0161ech st\u00e1t\u016f. Bl\u00ed\u017e\u00ed se volby v USA&#8230;<\/p>\n<p>&#8222;V\u00e1lka&#8220; na Ukrajin\u011b je\u0161t\u011b neskon\u010dila, ale Pol\u00e1ci u\u017e cht\u011bj\u00ed kdysi jejich Lvov. Za\u010d\u00edn\u00e1 rozd\u011blov\u00e1n\u00ed Ukrajiny. Ostatn\u00ed sousedn\u00ed zem\u011b se jist\u011b brzo ozvou. Dominov\u00fd efekt se ned\u00e1 zastavit.<\/p>\n<p>Ukrajinci v\u00e1l\u010d\u00ed s muzejn\u00ed historickou v\u00e1le\u010dnou technikou z druh\u00e9 sv\u011btov\u00e9 v\u00e1lky. Takto chce Zelen\u00e1\u010d vyhr\u00e1t v\u00e1lku? Zelen\u00e1\u010de nen\u00e1vid\u00ed nejen oby\u010dejn\u00ed lid\u00e9, ale u\u017e i gener\u00e1lov\u00e9. Dle jeho horoskopu mu hroz\u00ed atent\u00e1t kolem 18. \u00fanora, kter\u00fd nep\u0159e\u017eije a kdy m\u00e1 \u00fadajn\u011b podle n\u011bjak\u00e9ho politika skon\u010dit tato v\u00e1lka.<\/p>\n<p>V Austr\u00e1lii do\u0161lo k velk\u00e9mu v\u00fdpadku telekomunika\u010dn\u00edho gigantu Optus. Na n\u011bkolik hodin \/!\/ bylo p\u0159eru\u0161eno vol\u00e1n\u00ed a bezhotovostn\u00ed platba. Je\u0161t\u011b n\u011bkdo tou\u017e\u00ed po \u00fapln\u00e9m zaveden\u00ed bezhotovostn\u00edch transakc\u00ed? V \u00fastav\u011b jsme d\u00e1vno m\u011bli m\u00edt z\u00e1kaz zru\u0161en\u00ed placen\u00ed v hotovosti.<\/p>\n<p>Obyvatel\u00e9 Finska prom\u011bnili po\u0161kozen\u00fd rusk\u00fd tank na pam\u00e1tn\u00edk pln\u00fd kv\u011bt\u016f.<\/p>\n<p>V zem\u00edch, kde ratifikovali Istambulskou \u00famluvu, radik\u00e1ln\u011b vzrostlo n\u00e1sil\u00ed na \u017een\u00e1ch. Co na to Loupe\u017en\u00edci a STAN?<\/p>\n<p><a href=\"https:\/\/www.czechfreepress.cz\/dalsi-blogy\/fakta-o-lejnove-a-cile-wef.html\">Miroslav Petr<\/a><\/p>\n<p>&nbsp;<\/p>\n<p>&nbsp;<\/p>\n","protected":false},"excerpt":{"rendered":"<p>Kari\u00e9ristka v mnoha funkc\u00edch, o jejich\u017e skand\u00e1lech se nesm\u00ed mluvit. Skupina europoslanc\u016f \u017e\u00e1dala jej\u00ed rezignaci,&#8230;<\/p>\n","protected":false},"author":2,"featured_media":19255,"comment_status":"closed","ping_status":"closed","sticky":false,"template":"","format":"standard","meta":[],"categories":[6],"tags":[1042,1061,279,3251,613],"_links":{"self":[{"href":"https:\/\/www.infokuryr.cz\/n\/wp-json\/wp\/v2\/posts\/41422"}],"collection":[{"href":"https:\/\/www.infokuryr.cz\/n\/wp-json\/wp\/v2\/posts"}],"about":[{"href":"https:\/\/www.infokuryr.cz\/n\/wp-json\/wp\/v2\/types\/post"}],"author":[{"embeddable":true,"href":"https:\/\/www.infokuryr.cz\/n\/wp-json\/wp\/v2\/users\/2"}],"replies":[{"embeddable":true,"href":"https:\/\/www.infokuryr.cz\/n\/wp-json\/wp\/v2\/comments?post=41422"}],"version-history":[{"count":0,"href":"https:\/\/www.infokuryr.cz\/n\/wp-json\/wp\/v2\/posts\/41422\/revisions"}],"wp:featuredmedia":[{"embeddable":true,"href":"https:\/\/www.infokuryr.cz\/n\/wp-json\/wp\/v2\/media\/19255"}],"wp:attachment":[{"href":"https:\/\/www.infokuryr.cz\/n\/wp-json\/wp\/v2\/media?parent=41422"}],"wp:term":[{"taxonomy":"category","embeddable":true,"href":"https:\/\/www.infokuryr.cz\/n\/wp-json\/wp\/v2\/categories?post=41422"},{"taxonomy":"post_tag","embeddable":true,"href":"https:\/\/www.infokuryr.cz\/n\/wp-json\/wp\/v2\/tags?post=41422"}],"curies":[{"name":"wp","href":"https:\/\/api.w.org\/{rel}","templated":true}]}}