{"id":41421,"date":"2023-12-01T05:37:43","date_gmt":"2023-12-01T04:37:43","guid":{"rendered":"http:\/\/www.infokuryr.cz\/n\/?p=41421"},"modified":"2023-12-01T05:37:43","modified_gmt":"2023-12-01T04:37:43","slug":"uniky-informaci-usa-poucuji-izrael-o-valce-v-gaze","status":"publish","type":"post","link":"https:\/\/www.infokuryr.cz\/n\/2023\/12\/01\/uniky-informaci-usa-poucuji-izrael-o-valce-v-gaze\/","title":{"rendered":"\u00daniky informac\u00ed: USA pou\u010duj\u00ed Izrael o v\u00e1lce v Gaze"},"content":{"rendered":"<div id=\"fb-root\"><\/div>\n<p><span style=\"font-size: 18pt;\"><strong>Boje nemohou trvat m\u011bs\u00edce, prohl\u00e1sil ministr zahrani\u010d\u00ed Blinken<\/strong><\/span><\/p>\n<p><span>Izrael postr\u00e1d\u00e1\u00a0<\/span><em><span>\u201ekredit\u201c<\/span><\/em><span>\u00a0na to, aby udr\u017eoval boj proti Ham\u00e1su v chodu m\u011bs\u00edce, a pot\u0159ebuje zm\u011bnit svou taktiku na jihu Gazy, \u0159ekl americk\u00fd ministr zahrani\u010d\u00ed Antony Blinken na \u010dtvrte\u010dn\u00edm zased\u00e1n\u00ed v\u00e1le\u010dn\u00e9ho kabinetu podle izraelsk\u00e9ho Channel 12.<\/span><\/p>\n<p><span>Blinken byl v Jeruzal\u00e9m\u011b na setk\u00e1n\u00ed s izraelsk\u00fdm premi\u00e9rem Benjaminem Netanjahuem a kabinetem dohl\u00ed\u017eej\u00edc\u00edm na v\u00e1lku proti palestinsk\u00e9 militantn\u00ed skupin\u011b.\u00a0N\u011bkter\u00e9 cit\u00e1ty ze setk\u00e1n\u00ed se n\u011bjak dostaly na Channel 12, nejobl\u00edben\u011bj\u0161\u00ed izraelskou komer\u010dn\u00ed televizn\u00ed stanici, kter\u00e1 je odvys\u00edlala ve \u010dtvrtek ve\u010der.<\/span><\/p>\n<p><em><span>&#8222;V ji\u017en\u00ed Gaze nem\u016f\u017eete fungovat jako na severu.&#8220;\u00a0Jsou tam dva miliony Palestinc\u016f,\u201c<\/span><\/em><span>\u00a0\u0159ekl Blinken v jednu chv\u00edli podle p\u0159ekladu z hebrej\u0161tiny,\u00a0<\/span><a href=\"https:\/\/www.timesofisrael.com\/liveblog_entry\/blinken-said-to-tell-israel-to-change-strategy-for-southern-gaza-suggest-it-wont-have-months-to-win-war\/\" target=\"_blank\" rel=\"noopener noreferrer\"><span>kter\u00fd zve\u0159ejnil<\/span><\/a><span>\u00a0Times of Israel.<\/span><\/p>\n<p><em><span>&#8222;Mus\u00edte evakuovat m\u00e9n\u011b lid\u00ed z jejich domov\u016f, b\u00fdt p\u0159esn\u011bj\u0161\u00ed v \u00fatoc\u00edch, nezasahovat za\u0159\u00edzen\u00ed OSN a zajistit dostatek chr\u00e1n\u011bn\u00fdch oblast\u00ed,&#8220;<\/span><\/em><span>\u00a0dodal americk\u00fd diplomat.\u00a0<\/span><em><span>\u201eA kdy\u017e ne?\u00a0Pak ne\u00fato\u010dit tam, kde je civiln\u00ed obyvatelstvo.\u201c<\/span><\/em><\/p>\n<p><a href=\"https:\/\/stranapro.cz\/\"><img decoding=\"async\" loading=\"lazy\" class=\"alignnone  wp-image-40285 aligncenter\" src=\"http:\/\/www.infokuryr.cz\/n\/wp-content\/uploads\/2023\/11\/11pro-300x79.png\" alt=\"\" width=\"649\" height=\"171\" srcset=\"https:\/\/www.infokuryr.cz\/n\/wp-content\/uploads\/2023\/11\/11pro-300x79.png 300w, https:\/\/www.infokuryr.cz\/n\/wp-content\/uploads\/2023\/11\/11pro.png 363w\" sizes=\"(max-width: 649px) 100vw, 649px\" \/><\/a><\/p>\n<p><span>Kdy\u017e ministr obrany Yoav Gallant \u0159ekl, \u017ee cel\u00e1 izraelsk\u00e1 spole\u010dnost byla sjednocena za c\u00edlem rozlo\u017eit Ham\u00e1s,\u00a0<\/span><em><span>\u201ei kdy\u017e to bude trvat m\u011bs\u00edce\u201c,<\/span><\/em><span>\u00a0Blinken odpov\u011bd\u011bl:\u00a0<\/span><em><span>\u201eNemysl\u00edm si, \u017ee na tom m\u00e1te z\u00e1sluhu.<\/span><\/em><\/p>\n<p><span>Unikl\u00e9 citace tak\u00e9 odhalily, \u017ee Izrael si nep\u0159eje, aby Palestinsk\u00e1 samospr\u00e1va n\u011bkdy vl\u00e1dla Gaze, proto\u017ee\u00a0podle Netanjahua\u00a0<\/span><em><span>\u201epodporuje, vychov\u00e1v\u00e1 a financuje teror\u201c .<\/span><\/em><\/p>\n<p><span>Blinken \u0159ekl, \u017ee USA tomu rozum\u00ed, ale\u00a0<\/span><em><span>\u201eostatn\u00ed st\u00e1ty v regionu pot\u0159ebuj\u00ed v\u011bd\u011bt, co pl\u00e1nujete\u201c,<\/span><\/em><span>\u00a0proto\u017ee\u00a0<\/span><em><span>\u201eNejlep\u0161\u00ed zp\u016fsob, jak zab\u00edt my\u0161lenku, je p\u0159in\u00e9st lep\u0161\u00ed n\u00e1pad\u201c.<\/span><\/em><\/p>\n<p><span>Washington podpo\u0159il izraelskou ofenz\u00edvu proti Gaze po n\u00e1jezdu Hamasu ze 7. \u0159\u00edjna, kter\u00fd m\u011bl za n\u00e1sledek smrt odhadem 1200 Izraelc\u016f.\u00a0Od t\u00e9 doby v\u0161ak americk\u00e1 vl\u00e1da \u010del\u00ed ve\u0159ejn\u00e9mu odporu kv\u016fli smrti asi 16 000 Palestinc\u016f v enkl\u00e1v\u011b, z nich\u017e mnoho jsou \u017eeny a d\u011bti.<\/span><\/p>\n<p><span>Podle prohl\u00e1\u0161en\u00ed\u00a0<\/span><a href=\"https:\/\/www.state.gov\/secretary-blinkens-meeting-with-israeli-prime-minister-netanyahu-2\/\"><span>vydan\u00e9ho<\/span><\/a><span>\u00a0ministerstvem zahrani\u010d\u00ed Blinken\u00a0<\/span><em><span>\u201eznovu potvrdil podporu Spojen\u00fdch st\u00e1t\u016f pr\u00e1vu Izraele chr\u00e1nit se p\u0159ed teroristick\u00fdm n\u00e1sil\u00edm v souladu s mezin\u00e1rodn\u00edm humanit\u00e1rn\u00edm pr\u00e1vem a vyzval Izrael, aby p\u0159ijal ve\u0161ker\u00e1 mo\u017en\u00e1 opat\u0159en\u00ed, aby se vyhnul civiln\u00edm \u0161kod\u00e1m\u201c.<\/span><\/em><\/p>\n<p><span>Blinken tak\u00e9 nal\u00e9hal na\u00a0<\/span><em><span>\u201eokam\u017eit\u00e9 kroky k tomu, aby se extremist\u00e9 z osadn\u00edk\u016f stali odpov\u011bdn\u00fdmi za n\u00e1sil\u00ed v\u016f\u010di Palestinc\u016fm na Z\u00e1padn\u00edm b\u0159ehu Jord\u00e1nu\u201c<\/span><\/em><span>\u00a0a \u0159ekl, \u017ee USA\u00a0<\/span><em><span>\u201ejsou odhodl\u00e1ny podniknout hmatateln\u00e9 kroky k prosazen\u00ed palestinsk\u00e9ho st\u00e1tu \u017eij\u00edc\u00edho v m\u00edru, svobod\u011b a bezpe\u010d\u00ed vedle Izraele,\u201c<\/span><\/em><span>\u00a0uv\u00e1d\u00ed State Mluv\u010d\u00ed ministerstva Matthew Miller.<\/span><\/p>\n<p><img decoding=\"async\" loading=\"lazy\" class=\"alignnone size-full wp-image-1185\" src=\"http:\/\/www.infokuryr.cz\/n\/wp-content\/uploads\/2021\/04\/kuryr-podpis.png\" alt=\"\" width=\"84\" height=\"24\" \/><\/p>\n<p>&nbsp;<\/p>\n<p>&nbsp;<\/p>\n","protected":false},"excerpt":{"rendered":"<p>Boje nemohou trvat m\u011bs\u00edce, prohl\u00e1sil ministr zahrani\u010d\u00ed Blinken Izrael postr\u00e1d\u00e1\u00a0\u201ekredit\u201c\u00a0na to, aby udr\u017eoval boj proti&#8230;<\/p>\n","protected":false},"author":2,"featured_media":38810,"comment_status":"closed","ping_status":"closed","sticky":false,"template":"","format":"standard","meta":[],"categories":[7],"tags":[348,107,37],"_links":{"self":[{"href":"https:\/\/www.infokuryr.cz\/n\/wp-json\/wp\/v2\/posts\/41421"}],"collection":[{"href":"https:\/\/www.infokuryr.cz\/n\/wp-json\/wp\/v2\/posts"}],"about":[{"href":"https:\/\/www.infokuryr.cz\/n\/wp-json\/wp\/v2\/types\/post"}],"author":[{"embeddable":true,"href":"https:\/\/www.infokuryr.cz\/n\/wp-json\/wp\/v2\/users\/2"}],"replies":[{"embeddable":true,"href":"https:\/\/www.infokuryr.cz\/n\/wp-json\/wp\/v2\/comments?post=41421"}],"version-history":[{"count":0,"href":"https:\/\/www.infokuryr.cz\/n\/wp-json\/wp\/v2\/posts\/41421\/revisions"}],"wp:featuredmedia":[{"embeddable":true,"href":"https:\/\/www.infokuryr.cz\/n\/wp-json\/wp\/v2\/media\/38810"}],"wp:attachment":[{"href":"https:\/\/www.infokuryr.cz\/n\/wp-json\/wp\/v2\/media?parent=41421"}],"wp:term":[{"taxonomy":"category","embeddable":true,"href":"https:\/\/www.infokuryr.cz\/n\/wp-json\/wp\/v2\/categories?post=41421"},{"taxonomy":"post_tag","embeddable":true,"href":"https:\/\/www.infokuryr.cz\/n\/wp-json\/wp\/v2\/tags?post=41421"}],"curies":[{"name":"wp","href":"https:\/\/api.w.org\/{rel}","templated":true}]}}