{"id":41415,"date":"2023-12-01T05:20:13","date_gmt":"2023-12-01T04:20:13","guid":{"rendered":"http:\/\/www.infokuryr.cz\/n\/?p=41415"},"modified":"2023-12-01T05:20:13","modified_gmt":"2023-12-01T04:20:13","slug":"premysl-votava-profesor-nutella","status":"publish","type":"post","link":"https:\/\/www.infokuryr.cz\/n\/2023\/12\/01\/premysl-votava-profesor-nutella\/","title":{"rendered":"P\u0159emysl Votava: Profesor Nutella"},"content":{"rendered":"<div id=\"fb-root\"><\/div>\n<p><strong>Pro politika je t\u00edm nejhor\u0161\u00edm, kdy\u017e se stane sm\u011b\u0161n\u00fdm. A to stalo! Premi\u00e9r \u010cesk\u00e9 republiky v minul\u00fdch dnech n\u00e1m sd\u011blil, \u017ee se vyplat\u00ed zajet si do N\u011bmecka pro p\u0159edv\u00e1no\u010dn\u00ed n\u00e1kup. On \u017ee si tam koupil nutellu. Jeho nutella se stala hned \u0161l\u00e1grem soci\u00e1ln\u00edch s\u00edt\u00ed, sm\u011bje se cel\u00e1 Evropa. Premi\u00e9rovo vyj\u00e1d\u0159en\u00ed, \u017ee jsou n\u011bmeck\u00e9 potraviny lacin\u011bj\u0161\u00ed, ale i kvalitn\u011bj\u0161\u00ed, jsou pro n\u011bj objevem Ameriky, proto\u017ee my to v\u00edme ji\u017e po \u0159adu let. To stejn\u00e9 zjistil p\u0159ed \u010dasem i Petr Pavel, on zase jezd\u00ed nakupovat do Polska, tak jako miliony \u010cech\u016f.<\/strong><\/p>\n<p>Lidsk\u00e1 pam\u011b\u0165 je \u010dasto d\u011brav\u00e1, ale p\u0159esto ti star\u0161\u00ed si je\u0161t\u011b pamatuj\u00ed, jak v ned\u00e1vn\u00fdch letech v \u010desk\u00e9m p\u0159\u00edhrani\u010dn\u00ed p\u0159ed supermarkety, byla pln\u00e1 parkovi\u0161t\u011b n\u011bmeck\u00fdch z\u00e1kazn\u00edk\u016f. \u010cesk\u00e1 republika byla zn\u00e1m\u00e1 sv\u00fdmi kvalitn\u00edmi a lacin\u00fdmi potravinami. N\u011bme\u010dt\u00ed z\u00e1kazn\u00edci, velice n\u00e1ro\u010dn\u00ed na kvalitu potravin, st\u00e1li proto v kolon\u00e1ch p\u0159ed \u010desk\u00fdmi obchody. Na\u0161e zem\u011bd\u011blstv\u00ed n\u00e1s \u010dinilo sob\u011bsta\u010dn\u00fdmi ve spot\u0159eb\u011b potravin. Dnes se karta obr\u00e1tila, o kvalit\u011b ani nemluv\u011b! \u0158\u00edk\u00e1 se, \u017ee jsme v\u00fdprodejn\u00edm pultem Evropy.<\/p>\n<p>Bl\u00ed\u017e\u00ed se V\u00e1noce, \u010cesko sv\u00edr\u00e1 mr\u00e1z a del\u0161\u00ed dobu tak\u00e9 chudoba. V\u00e1noce byly v\u017edy obdob\u00edm hojnosti a \u0161t\u011bdrosti. Pod strome\u010dkem d\u00e1rky&#8230; Letos se pod strome\u010dkem objev\u00ed i Fial\u016fv d\u00e1re\u010dek, tedy vl\u00e1dn\u00ed \u00fasporn\u00fd bal\u00ed\u010dek. Bude zabalen\u00fd v jak\u00e9si vl\u00e1dn\u00ed poh\u00e1dce, ale ve sv\u00e9m d\u016fsledku \u017eene \u010desk\u00e9 ob\u010dany do soci\u00e1ln\u00edch probl\u00e9m\u016f. Fialovy \u201ehrab\u011bc\u00ed rady\u201c, v\u010detn\u011b t\u00e9 posledn\u00ed o v\u00fdhodn\u00e9m n\u00e1kupu Nutelly v N\u011bmecku, jsou ur\u00e1\u017eliv\u00e9, asoci\u00e1ln\u00ed, zejm\u00e9na v dob\u011b, kdy na ob\u010dany dopad\u00e1 10%inflace, prudk\u00fd n\u00e1r\u016fst cen energi\u00ed, \u010di znehodnocen\u00ed \u010dasto celo\u017eivotn\u00edch \u00faspor. Miliony ob\u010dan\u016f \u017eij\u00ed v nejistot\u011b, miliony dal\u0161\u00edch zva\u017euj\u00ed ka\u017edou korunu sv\u00fdch v\u00fddaj\u016f. Nap\u011bt\u00ed se stup\u0148uje, p\u0159ed s\u00eddlem Fialovy vl\u00e1dy zoufal\u00fd ob\u010dan, dokonce signat\u00e1\u0159 Charty 77, dr\u017eel hladovku za d\u016fstojnou penzi. Nutella je tedy to posledn\u00ed, co \u010desk\u00e9 ob\u010dany zaj\u00edm\u00e1.<\/p>\n<p><a href=\"https:\/\/stranapro.cz\/\"><img decoding=\"async\" loading=\"lazy\" class=\"alignnone  wp-image-40285 aligncenter\" src=\"http:\/\/www.infokuryr.cz\/n\/wp-content\/uploads\/2023\/11\/11pro-300x79.png\" alt=\"\" width=\"535\" height=\"141\" srcset=\"https:\/\/www.infokuryr.cz\/n\/wp-content\/uploads\/2023\/11\/11pro-300x79.png 300w, https:\/\/www.infokuryr.cz\/n\/wp-content\/uploads\/2023\/11\/11pro.png 363w\" sizes=\"(max-width: 535px) 100vw, 535px\" \/><\/a><\/p>\n<p>Zcela ned\u00e1vno zve\u0159ejnil b\u00fdval\u00fd premi\u00e9r Ji\u0159\u00ed Paroubek p\u0159esnou anal\u00fdzu \u010desk\u00e9 spole\u010dnosti pod n\u00e1zvem \u201eP\u0159iho\u0159\u00edv\u00e1, p\u0159iho\u0159\u00edv\u00e1, ho\u0159\u00ed \u2026\u201c. Je to v\u00fdsti\u017en\u00e9, ale i nevesel\u00e9 \u010dten\u00ed o stavu \u010desk\u00e9 spole\u010dnosti, o vl\u00e1d\u011b, kter\u00e1 sv\u00fdmi kroky \u017eene do ulic l\u00e9ka\u0159e, u\u010ditele, d\u011bln\u00edky, zam\u011bstnance v\u0161ech profes\u00ed. Boj\u00edme se o svou republiku. Na\u0161e ekonomika se propad\u00e1 do m\u00ednusov\u00fdch \u010d\u00edsel, obdobn\u011b se dost\u00e1v\u00e1 do probl\u00e9m\u016f \u010desk\u00fd pr\u016fmysl, kdysi chlouba na\u0161\u00ed ekonomiky. \u010cesk\u00fd pr\u016fmysl je z\u00e1visl\u00fd nejen na kvalitn\u00ed pracovn\u00ed s\u00edle, ale i na energi\u00edch a pr\u00e1v\u011b jejich strm\u00fd n\u00e1r\u016fst je pro n\u011bj likvida\u010dn\u00edm. Ceny energi\u00ed jsou dokonce nejvy\u0161\u0161\u00ed v Evrop\u011b. Zahrani\u010dn\u00ed m\u00e9dia n\u00e1s naz\u00fdvaj\u00ed \u201enemocn\u00fdm mu\u017eem Evropy .\u201c Asi pr\u00e1vem, vl\u00e1da se t\u00edm nechlub\u00ed. Tak\u00e9 st\u00e1tn\u00ed rozpo\u010det je v hlubok\u00e9m propadu, ve v\u00fddajov\u00e9 \u010d\u00e1sti je zalo\u017een zejm\u00e9na na \u0161krtech v soci\u00e1ln\u00ed oblasti a naopak jeho p\u0159\u00edjmov\u00e1 \u010d\u00e1st je sp\u00ed\u0161e zbo\u017en\u00fdm p\u0159\u00e1n\u00edm, zejm\u00e9na v d\u016fsledku poklesu \u010desk\u00e9 ekonomiky.<\/p>\n<p>P\u0159itom zahrani\u010dn\u00ed firmy zde bohatnou, vl\u00e1da je slep\u00e1 k jejich enormn\u00edm zisk\u016fm, kter\u00e9 formou dividend miz\u00ed v zahrani\u010d\u00ed. Za minul\u00fd rok to bylo 300mld K\u010d. Jedinou kapitolou rozpo\u010dtu kter\u00e1 narostla, je razantn\u00ed n\u00e1r\u016fst vojensk\u00fdch v\u00fddaj\u016f. Oproti leto\u0161n\u00edmu roku jde o nav\u00fd\u0161en\u00ed o 40mld K\u010d. P\u0159edra\u017een\u00e9 n\u00e1kupy zadlu\u017euj\u00ed n\u00e1\u0161 st\u00e1t i do budoucnosti, p\u0159\u00edkladem jsou letadla F-35. A tak m\u00edsto d\u016fsledn\u00e9 obhajoby \u010desk\u00fdch n\u00e1rodn\u00edch z\u00e1jm\u016f, profesionality a odbornosti, vid\u00edme sp\u00ed\u0161e amat\u00e9rismus vysed\u011bn\u00fd n\u011bkde na politick\u00e9m sekretari\u00e1tu. Koali\u010dn\u00ed 108 d\u011bl\u00e1 v\u0161e pro sv\u00e9 udr\u017een\u00ed, br\u00e1n\u00ed se p\u0159ed\u010dasn\u00fdm volb\u00e1m&#8230;. Fialova rekordn\u00ed neobl\u00edbenost u ve\u0159ejnosti (77%), je obrazem cel\u00e9 vl\u00e1dn\u00ed politiky. Ani ten jeho v\u00fdlet do Afriky se nepovedl. Vl\u00e1dn\u00ed \u00fa\u010dinkov\u00e1n\u00ed v ministersk\u00fdch k\u0159eslech je sp\u00ed\u0161e p\u0159ipom\u00ednkou televizn\u00edho seri\u00e1lu \u201eokresn\u00ed p\u0159ebor\u201c!<\/p>\n<p>\u201eZa to, co jste u\u010dinili dobr\u00e9ho, zde sed\u00edte ji\u017e p\u0159\u00edli\u0161 dlouho. Odejd\u011bte pros\u00edm a nechte n\u00e1s pracovat, ve jm\u00e9nu bo\u017e\u00edm odejd\u011bte!\u201c (Oliver Cromwell 1653)<\/p>\n<p><strong><em>P\u0159emysl Votava<\/em><\/strong><br \/>\n<em>(\u010cesk\u00e1 strana n\u00e1rodn\u011b soci\u00e1ln\u00ed)<\/em><\/p>\n<p><img decoding=\"async\" loading=\"lazy\" class=\"alignnone size-medium wp-image-15746\" src=\"http:\/\/www.infokuryr.cz\/n\/wp-content\/uploads\/2022\/09\/votava-premysl-300x208.jpg\" alt=\"\" width=\"300\" height=\"208\" srcset=\"https:\/\/www.infokuryr.cz\/n\/wp-content\/uploads\/2022\/09\/votava-premysl-300x208.jpg 300w, https:\/\/www.infokuryr.cz\/n\/wp-content\/uploads\/2022\/09\/votava-premysl.jpg 318w\" sizes=\"(max-width: 300px) 100vw, 300px\" \/><\/p>\n<p>&nbsp;<\/p>\n","protected":false},"excerpt":{"rendered":"<p>Pro politika je t\u00edm nejhor\u0161\u00edm, kdy\u017e se stane sm\u011b\u0161n\u00fdm. A to stalo! Premi\u00e9r \u010cesk\u00e9 republiky&#8230;<\/p>\n","protected":false},"author":2,"featured_media":41416,"comment_status":"closed","ping_status":"closed","sticky":false,"template":"","format":"standard","meta":[],"categories":[6],"tags":[29,535,122,99],"_links":{"self":[{"href":"https:\/\/www.infokuryr.cz\/n\/wp-json\/wp\/v2\/posts\/41415"}],"collection":[{"href":"https:\/\/www.infokuryr.cz\/n\/wp-json\/wp\/v2\/posts"}],"about":[{"href":"https:\/\/www.infokuryr.cz\/n\/wp-json\/wp\/v2\/types\/post"}],"author":[{"embeddable":true,"href":"https:\/\/www.infokuryr.cz\/n\/wp-json\/wp\/v2\/users\/2"}],"replies":[{"embeddable":true,"href":"https:\/\/www.infokuryr.cz\/n\/wp-json\/wp\/v2\/comments?post=41415"}],"version-history":[{"count":0,"href":"https:\/\/www.infokuryr.cz\/n\/wp-json\/wp\/v2\/posts\/41415\/revisions"}],"wp:featuredmedia":[{"embeddable":true,"href":"https:\/\/www.infokuryr.cz\/n\/wp-json\/wp\/v2\/media\/41416"}],"wp:attachment":[{"href":"https:\/\/www.infokuryr.cz\/n\/wp-json\/wp\/v2\/media?parent=41415"}],"wp:term":[{"taxonomy":"category","embeddable":true,"href":"https:\/\/www.infokuryr.cz\/n\/wp-json\/wp\/v2\/categories?post=41415"},{"taxonomy":"post_tag","embeddable":true,"href":"https:\/\/www.infokuryr.cz\/n\/wp-json\/wp\/v2\/tags?post=41415"}],"curies":[{"name":"wp","href":"https:\/\/api.w.org\/{rel}","templated":true}]}}