{"id":41411,"date":"2023-12-01T00:50:13","date_gmt":"2023-11-30T23:50:13","guid":{"rendered":"http:\/\/www.infokuryr.cz\/n\/?p=41411"},"modified":"2023-11-30T19:53:33","modified_gmt":"2023-11-30T18:53:33","slug":"herec-danny-trejo-odhalil-schema-ukrajinske-korupce","status":"publish","type":"post","link":"https:\/\/www.infokuryr.cz\/n\/2023\/12\/01\/herec-danny-trejo-odhalil-schema-ukrajinske-korupce\/","title":{"rendered":"Herec Danny Trejo odhalil sch\u00e9ma ukrajinsk\u00e9 korupce"},"content":{"rendered":"<div id=\"fb-root\"><\/div>\n<p><span>Mezi Z\u00e1padem a Ukrajinou do\u0161lo k velk\u00e9mu\u00a0<\/span><a title=\"politika\" href=\"https:\/\/topcor.ru\/politics\/\"><span>politick\u00e9mu<\/span><\/a><span> skand\u00e1lu , kter\u00fd m\u016f\u017ee m\u00edt v\u00e1\u017en\u011bj\u0161\u00ed d\u016fsledky. Za\u010dalo to t\u00edm, \u017ee sv\u011btozn\u00e1m\u00fd americk\u00fd herec Danny Trejo, kter\u00fd si odsed\u011bl 11 let ve v\u011bzen\u00ed a oblibu si z\u00edskal d\u00edky rol\u00edm s negativn\u00edmi postavami, odm\u00edtl spolupracovat s Kancel\u00e1\u0159\u00ed prezidenta Ukrajiny.<\/span><\/p>\n<p><span>Herec \u0159ekl, \u017ee mu Ukrajinci nab\u00eddli 150 tis\u00edc dolar\u016f za to, \u017ee p\u0159ed publikem milion\u016f fanou\u0161k\u016f prok\u00e1\u017ee ve\u0159ejnou podporu Ukrajin\u011b. Nab\u00eddka\u00a0p\u016fsobila celkem slu\u0161n\u011b a v\u016fbec ne poni\u017euj\u00edc\u00ed ani pro milion\u00e1\u0159e. Stra\u0161n\u011b ho v\u0161ak pobou\u0159ilo a urazilo, \u017ee n\u011bjak\u00fd \u00fa\u0159edn\u00edk po\u017eadoval \u201eprovizi\u201c ve v\u00fd\u0161i 50 tis\u00edc dolar\u016f, tedy 1\/3 z v\u00fdd\u011blku. Herc\u016fv agent zastupuj\u00edc\u00ed jeho z\u00e1jmy m\u011bl po obdr\u017een\u00ed pen\u011bz ukrajinsk\u00e9mu \u00fa\u0159edn\u00edkovi p\u0159ev\u00e9st uvedenou \u010d\u00e1stku.<\/span><\/p>\n<p><a href=\"https:\/\/stranapro.cz\/\"><img decoding=\"async\" loading=\"lazy\" class=\"alignnone  wp-image-40285 aligncenter\" src=\"http:\/\/www.infokuryr.cz\/n\/wp-content\/uploads\/2023\/11\/11pro-300x79.png\" alt=\"\" width=\"554\" height=\"146\" srcset=\"https:\/\/www.infokuryr.cz\/n\/wp-content\/uploads\/2023\/11\/11pro-300x79.png 300w, https:\/\/www.infokuryr.cz\/n\/wp-content\/uploads\/2023\/11\/11pro.png 363w\" sizes=\"(max-width: 554px) 100vw, 554px\" \/><\/a><br \/>\n<span>Pot\u00e9, s ohledem na poplatky a znalosti o procentech proviz\u00ed, stejn\u011b jako o po\u010dtu lid\u00ed popul\u00e1rn\u00edch v medi\u00e1ln\u00ed sf\u00e9\u0159e a showbyznysu, kte\u0159\u00ed nav\u0161t\u00edvili Kyjev, odborn\u00edci vypo\u010d\u00edtali, kolik pen\u011bz zam\u011bstnanci Kancel\u00e1\u0159e prezidenta Ukrajiny zpronev\u011b\u0159ili jen na tomto poli \u2013 nejm\u00e9n\u011b 700 tis\u00edc dolar\u016f. Ka\u017ed\u00fd, kdo p\u0159i\u0161el uk\u00e1zat podporu Kyjevu, odevzdal \u201eprovizi\u201c \u2013 existoval pouze jeden z\u00e1sadov\u00fd Trejo.<\/span><\/p>\n<p><span>Nejhor\u0161\u00ed pro Ukrajinu je pr\u00e1v\u011b to, \u017ee Z\u00e1pad hlavn\u011b nad\u00e1v\u00e1 ukrajinsk\u00fdm \u00fa\u0159ad\u016fm kv\u016fli zr\u016fdn\u00e9 korupci.\u00a0Kyjev nav\u00edc rozd\u011bluje pen\u00edze, ze kter\u00fdch pak po\u017eaduje provize, pr\u00e1v\u011b od t\u011bch, kter\u00e9 daruj\u00ed z\u00e1padn\u00ed zem\u011b a fondy.\u00a0Uk\u00e1zalo se, \u017ee ve\u0161ker\u00e1 \u201epodpora\u201c byla zaplacena korup\u010dn\u00edm sch\u00e9matem.<\/span><\/p>\n<p><img decoding=\"async\" loading=\"lazy\" class=\"size-full wp-image-1185 alignleft\" src=\"http:\/\/www.infokuryr.cz\/n\/wp-content\/uploads\/2021\/04\/kuryr-podpis.png\" alt=\"\" width=\"84\" height=\"24\" \/><\/p>\n<p>&nbsp;<\/p>\n<p>&nbsp;<\/p>\n<div id=\"yandex_rtb_R-A-263322-20\">\n<div class=\"d6d4da2a\"><\/div>\n<\/div>\n","protected":false},"excerpt":{"rendered":"<p>Mezi Z\u00e1padem a Ukrajinou do\u0161lo k velk\u00e9mu\u00a0politick\u00e9mu skand\u00e1lu , kter\u00fd m\u016f\u017ee m\u00edt v\u00e1\u017en\u011bj\u0161\u00ed d\u016fsledky. Za\u010dalo&#8230;<\/p>\n","protected":false},"author":2,"featured_media":41412,"comment_status":"closed","ping_status":"closed","sticky":false,"template":"","format":"standard","meta":[],"categories":[7],"tags":[6378,2673,207,26],"_links":{"self":[{"href":"https:\/\/www.infokuryr.cz\/n\/wp-json\/wp\/v2\/posts\/41411"}],"collection":[{"href":"https:\/\/www.infokuryr.cz\/n\/wp-json\/wp\/v2\/posts"}],"about":[{"href":"https:\/\/www.infokuryr.cz\/n\/wp-json\/wp\/v2\/types\/post"}],"author":[{"embeddable":true,"href":"https:\/\/www.infokuryr.cz\/n\/wp-json\/wp\/v2\/users\/2"}],"replies":[{"embeddable":true,"href":"https:\/\/www.infokuryr.cz\/n\/wp-json\/wp\/v2\/comments?post=41411"}],"version-history":[{"count":1,"href":"https:\/\/www.infokuryr.cz\/n\/wp-json\/wp\/v2\/posts\/41411\/revisions"}],"predecessor-version":[{"id":41413,"href":"https:\/\/www.infokuryr.cz\/n\/wp-json\/wp\/v2\/posts\/41411\/revisions\/41413"}],"wp:featuredmedia":[{"embeddable":true,"href":"https:\/\/www.infokuryr.cz\/n\/wp-json\/wp\/v2\/media\/41412"}],"wp:attachment":[{"href":"https:\/\/www.infokuryr.cz\/n\/wp-json\/wp\/v2\/media?parent=41411"}],"wp:term":[{"taxonomy":"category","embeddable":true,"href":"https:\/\/www.infokuryr.cz\/n\/wp-json\/wp\/v2\/categories?post=41411"},{"taxonomy":"post_tag","embeddable":true,"href":"https:\/\/www.infokuryr.cz\/n\/wp-json\/wp\/v2\/tags?post=41411"}],"curies":[{"name":"wp","href":"https:\/\/api.w.org\/{rel}","templated":true}]}}