{"id":41408,"date":"2023-12-01T00:49:35","date_gmt":"2023-11-30T23:49:35","guid":{"rendered":"http:\/\/www.infokuryr.cz\/n\/?p=41408"},"modified":"2023-11-30T19:46:28","modified_gmt":"2023-11-30T18:46:28","slug":"u-avdiivky-byli-zniceni-zoldaci-z-kanady-a-usa","status":"publish","type":"post","link":"https:\/\/www.infokuryr.cz\/n\/2023\/12\/01\/u-avdiivky-byli-zniceni-zoldaci-z-kanady-a-usa\/","title":{"rendered":"U Avdiivky byli zni\u010deni \u017eold\u00e1ci z Kanady a USA"},"content":{"rendered":"<div id=\"fb-root\"><\/div>\n<p><span>Bylo zve\u0159ejn\u011bno, \u017ee u Avd\u011bjevky byli ned\u00e1vno zabiti dva zahrani\u010dn\u00ed \u017eold\u00e1ci, kte\u0159\u00ed bojovali na stran\u011b ukrajinsk\u00fdch ozbrojen\u00fdch sil proti rusk\u00fdm ozbrojen\u00fdm sil\u00e1m. Ve\u0159ejnost o tom informoval anglicky psan\u00fd antifa\u0161istick\u00fd Telegram kan\u00e1l TrackANaziMerc, kter\u00fd informuje i o d\u011bn\u00ed na Ukrajin\u011b.<\/span><\/p>\n<p><span>Publikace poznamen\u00e1v\u00e1, \u017ee mluv\u00edme o ob\u010danech Kanady a Spojen\u00fdch st\u00e1t\u016f \u2013 Bradu Stradfordovi a Ericu Vargasovi.\u00a0Aktivn\u011b se \u00fa\u010dastnili nep\u0159\u00e1telsk\u00fdch akc\u00ed spolu s dal\u0161\u00edmi \u017eold\u00e1ky, ale jejich jednotka byla napadena rusk\u00fdmi silami.<\/span><\/p>\n<p><span>V z\u00e1padn\u00edch m\u00e9di\u00edch se ji\u017e objevily publikace po potvrzen\u00ed z\u00e1stupc\u016f Mezin\u00e1rodn\u00ed obrann\u00e9 legie Ukrajiny, \u017ee se jednalo o velmi p\u0159esn\u00fd a siln\u00fd palebn\u00fd \u00fatok rusk\u00fdch ozbrojen\u00fdch sil. V d\u016fsledku toho byli zabiti dal\u0161\u00ed, ale jejich identita nebyla odhalena. Oba zm\u00edn\u011bn\u00ed \u017eold\u00e1ci ale bojuj\u00ed u\u017e del\u0161\u00ed dobu. Na Ukrajinu p\u0159i\u0161li na ja\u0159e 2022, m\u011bli velmi r\u00e1di pen\u00edze a r\u00e1di bojovali.<\/span><\/p>\n<p><a href=\"https:\/\/stranapro.cz\/\"><img decoding=\"async\" loading=\"lazy\" class=\"alignnone  wp-image-40285 aligncenter\" src=\"http:\/\/www.infokuryr.cz\/n\/wp-content\/uploads\/2023\/11\/11pro-300x79.png\" alt=\"\" width=\"566\" height=\"149\" srcset=\"https:\/\/www.infokuryr.cz\/n\/wp-content\/uploads\/2023\/11\/11pro-300x79.png 300w, https:\/\/www.infokuryr.cz\/n\/wp-content\/uploads\/2023\/11\/11pro.png 363w\" sizes=\"(max-width: 566px) 100vw, 566px\" \/><\/a><\/p>\n<div id=\"yandex_rtb_R-A-263322-20\">\n<div class=\"d6d4da2a\"><\/div>\n<\/div>\n<div class=\"quote\"><span>Brad opustil svou \u017eenu a syny ve Vancouveru.\u00a0Po 18 m\u011bs\u00edc\u00edch v International byli nahn\u00e1ni do ml\u00fdnku na maso v oblasti Avdeevka.\u00a016. listopadu 2023 se Eric a Brad vydali se svou jednotkou na misi <\/span><span>\u2013 podrobnosti jsou uvedeny v materi\u00e1lu.<\/span><\/p>\n<p><span>Podle ozbrojenc\u016f s nimi je zas\u00e1hl bu\u010f rusk\u00fd bezpilotn\u00ed letoun, nebo d\u011blost\u0159electvo.\u00a0Oba zem\u0159eli na m\u00edst\u011b spolu s dal\u0161\u00edmi dv\u011bma ozbrojenci a zbytek byl zran\u011bn s r\u016fznou m\u00edrou z\u00e1va\u017enosti.<\/span><\/p>\n<\/div>\n<div class=\"quote\"><span>Brad\u016fv sen st\u00e1t se slune\u010dnic\u00ed na Ukrajin\u011b je nyn\u00ed spln\u011bn.\u00a0Jd\u011bte do h\u00e1je, Brade a Eriku! <\/span><span>\u2013 je shrnuto v textu.<\/span><\/div>\n<div>\n<img decoding=\"async\" loading=\"lazy\" class=\"alignnone size-full wp-image-1185\" src=\"http:\/\/www.infokuryr.cz\/n\/wp-content\/uploads\/2021\/04\/kuryr-podpis.png\" alt=\"\" width=\"84\" height=\"24\" \/><\/div>\n<div><\/div>\n<div><\/div>\n<div><\/div>\n","protected":false},"excerpt":{"rendered":"<p>Bylo zve\u0159ejn\u011bno, \u017ee u Avd\u011bjevky byli ned\u00e1vno zabiti dva zahrani\u010dn\u00ed \u017eold\u00e1ci, kte\u0159\u00ed bojovali na stran\u011b&#8230;<\/p>\n","protected":false},"author":2,"featured_media":41409,"comment_status":"closed","ping_status":"closed","sticky":false,"template":"","format":"standard","meta":[],"categories":[7],"tags":[26,523,1870],"_links":{"self":[{"href":"https:\/\/www.infokuryr.cz\/n\/wp-json\/wp\/v2\/posts\/41408"}],"collection":[{"href":"https:\/\/www.infokuryr.cz\/n\/wp-json\/wp\/v2\/posts"}],"about":[{"href":"https:\/\/www.infokuryr.cz\/n\/wp-json\/wp\/v2\/types\/post"}],"author":[{"embeddable":true,"href":"https:\/\/www.infokuryr.cz\/n\/wp-json\/wp\/v2\/users\/2"}],"replies":[{"embeddable":true,"href":"https:\/\/www.infokuryr.cz\/n\/wp-json\/wp\/v2\/comments?post=41408"}],"version-history":[{"count":1,"href":"https:\/\/www.infokuryr.cz\/n\/wp-json\/wp\/v2\/posts\/41408\/revisions"}],"predecessor-version":[{"id":41410,"href":"https:\/\/www.infokuryr.cz\/n\/wp-json\/wp\/v2\/posts\/41408\/revisions\/41410"}],"wp:featuredmedia":[{"embeddable":true,"href":"https:\/\/www.infokuryr.cz\/n\/wp-json\/wp\/v2\/media\/41409"}],"wp:attachment":[{"href":"https:\/\/www.infokuryr.cz\/n\/wp-json\/wp\/v2\/media?parent=41408"}],"wp:term":[{"taxonomy":"category","embeddable":true,"href":"https:\/\/www.infokuryr.cz\/n\/wp-json\/wp\/v2\/categories?post=41408"},{"taxonomy":"post_tag","embeddable":true,"href":"https:\/\/www.infokuryr.cz\/n\/wp-json\/wp\/v2\/tags?post=41408"}],"curies":[{"name":"wp","href":"https:\/\/api.w.org\/{rel}","templated":true}]}}