{"id":41403,"date":"2023-12-01T00:31:14","date_gmt":"2023-11-30T23:31:14","guid":{"rendered":"http:\/\/www.infokuryr.cz\/n\/?p=41403"},"modified":"2023-11-30T19:30:03","modified_gmt":"2023-11-30T18:30:03","slug":"ukrajina-nema-pro-rok-2024-pripraveny-zadny-valecny-plan","status":"publish","type":"post","link":"https:\/\/www.infokuryr.cz\/n\/2023\/12\/01\/ukrajina-nema-pro-rok-2024-pripraveny-zadny-valecny-plan\/","title":{"rendered":"Ukrajina nem\u00e1 pro rok 2024 p\u0159ipraven\u00fd \u017e\u00e1dn\u00fd v\u00e1le\u010dn\u00fd pl\u00e1n&#8230;"},"content":{"rendered":"<div id=\"fb-root\"><\/div>\n<h4>Ukrajina nem\u00e1 pro rok 2024 p\u0159ipraven\u00fd \u017e\u00e1dn\u00fd v\u00e1le\u010dn\u00fd pl\u00e1n, proto\u017ee nikdo v gener\u00e1ln\u00edm \u0161t\u00e1bu nepo\u010d\u00edtal, \u017ee se v\u00e1lka prodlou\u017e\u00ed! David Arachamia to prozradil na ukrajinsk\u00e9 televizi a odhalil t\u00edm bezradnou situaci v Kyjev\u011b! Kuleba v Bruselu ji\u017e otev\u0159en\u011b \u010delil tlaku, aby se Ukrajina vzdala sv\u00e9ho \u00fazem\u00ed v\u00fdm\u011bnou za m\u00edr a n\u00e1sledn\u00fd vstup do NATO, ale to pr\u00fd Kyjev st\u00e1le odm\u00edt\u00e1!<\/h4>\n<p>Situace na Ukrajin\u011b p\u0159ipom\u00edn\u00e1 doslova posledn\u00ed dny T\u0159et\u00ed \u0159\u00ed\u0161e, proto\u017ee na povrch za\u010d\u00ednaj\u00ed probubl\u00e1vat dal\u0161\u00ed a dal\u0161\u00ed informace o kritick\u00e9 situaci na front\u011b po nezvl\u00e1dnut\u00e9 ofenz\u00edv\u011b, kter\u00e1 byla cel\u00e1 financov\u00e1na a zdrojov\u00e1na z pen\u011bz Kolektivn\u00edho z\u00e1padu a Ukrajina tuto ofenz\u00edvu nevedla za vlastn\u00ed prost\u0159edky. Investo\u0159i z USA a z EU o\u010dek\u00e1vali v\u00fdsledky, podobn\u011b jako na voln\u00e9m trhu pr\u00e1ce, kdy\u017e n\u011bkdo zaplat\u00ed zam\u011bstnance, aby postavili v dan\u00e9m terminu bar\u00e1k, anebo naopak v term\u00ednu star\u00fd bar\u00e1k zbourali, ale kdy\u017e po skon\u010den\u00ed term\u00ednu se s ni\u010d\u00edm nepohnulo, tak co ud\u011bl\u00e1 investor?<\/p>\n<p>P\u0159inese zam\u011bstnanc\u016fm dal\u0161\u00ed bal\u00edk pen\u011bz a n\u00e1\u0159ad\u00ed a prodlou\u017e\u00ed jim term\u00edn o dal\u0161\u00ed p\u016fl rok nebo rok? Ne, to je samoz\u0159ejm\u011b nesmysl. Stane se n\u011bco \u00fapln\u011b jin\u00e9ho.\u00a0<strong>Dojde k ukon\u010den\u00ed financov\u00e1n\u00ed a na gener\u00e1ln\u00edm \u0161t\u00e1bu v Kyjev\u011b proto dosud neexistuje \u017e\u00e1dn\u00fd v\u00e1le\u010dn\u00fd pl\u00e1n na rok 2024!<\/strong>\u00a0Nikdo s n\u00edm pr\u00fd nepo\u010d\u00edtal, proto\u017ee se o\u010dek\u00e1valo, \u017ee Ukrajinci nejpozd\u011bji v srpnu budou na Krymu a vy\u017eenou Rusy. Pl\u00e1n nevy\u0161el, americk\u00fd kongres neschv\u00e1lil dosud dal\u0161\u00ed pen\u00edze, a tak neexistuje pl\u00e1n na dal\u0161\u00ed boje AFU pro rok 2024. Na ukrajinsk\u00e9 televizi to v rozhovoru p\u0159iznal David Arachamia, p\u0159edseda poslaneck\u00e9ho klubu Zelensk\u00e9ho strany Sluha n\u00e1roda.<\/p>\n<p>&nbsp;<\/p>\n<div id=\"rumble_v3w7ykt\">\n<div id=\"vid_v3w7ykt\" class=\"rumble_v3w7ykt-Rumble-cls\" tabindex=\"-1\">\n<div>\n<div class=\"bigPlayUI ctp\">\n<div class=\"bigPlayUIInner ctp\"><div class='videoWrapper'>\r\n\t            <iframe src='https:\/\/rumble.com\/embed\/pj.v3w7ykt\/' frameborder='0' allowfullscreen><\/iframe>\r\n\t        <\/div><\/div>\n<\/div>\n<\/div>\n<\/div>\n<\/div>\n<p>&nbsp;<\/p>\n<p>Nespokojen\u00fd investor zastavil okam\u017eit\u011b financov\u00e1n\u00ed a za\u010dal se radit s poradci a investi\u010dn\u00edmi analytiky, co m\u00e1 d\u011blat d\u00e1l. A tito analytici u\u017e nejsou politici, ale obvykle bank\u00e9\u0159i. Ti se ned\u00edvaj\u00ed na Ukrajinu p\u0159es politick\u00e9 br\u00fdle, ale skrze kalkula\u010dku.\u00a0<strong>A tito analytici prost\u011b investorovi \u0159eknou, \u017ee ti zam\u011bstnanci jsou \u00fapln\u011b k ni\u010demu, \u017ee nejsou schopni ten \u00fakol splnit, proto\u017ee na to zkr\u00e1tka nemaj\u00ed.<\/strong>\u00a0A tak za\u010dne investor na rady analytik\u016f prov\u00e1d\u011bt n\u011bco, \u010demu se \u0159\u00edk\u00e1\u00a0<em>crisis management<\/em>. Krizov\u00e9 mana\u017eerstv\u00ed je o tom, jak zachr\u00e1nit z investovan\u00fdch pen\u011bz v\u0161echno, co se d\u00e1, p\u0159i\u010dem\u017e na v\u0161em ostatn\u00edm u\u017e nez\u00e1le\u017e\u00ed. A z\u00e1padn\u00ed investo\u0159i, kte\u0159\u00ed utopili v Ukrajin\u011b ji\u017e podle zdroj\u016f\u00a0<strong>[<a href=\"https:\/\/href.li\/?https:\/\/www.ifw-kiel.de\/topics\/war-against-ukraine\/ukraine-support-tracker\/\" target=\"_blank\" rel=\"nofollow noopener\">1<\/a>]<\/strong>\u00a0Kiel Institutu p\u0159es 250 miliard EUR a v\u00fdsledkem je co?<\/p>\n<h6><span style=\"font-size: 18pt;\">Rusku roste HDP v dob\u011b mamut\u00edch sankc\u00ed v\u00edce, ne\u017e evropsk\u00fdm zem\u00edm, kter\u00e9 je na Rusko uvalily<\/span><\/h6>\n<p>V\u00fdsledkem je, \u017ee rusk\u00e1 ekonomika za rok 2023 podle odhad\u016f\u00a0<strong>[<a href=\"https:\/\/href.li\/?https:\/\/interfax.com\/newsroom\/top-stories\/95277\/\" target=\"_blank\" rel=\"nofollow noopener\">2<\/a>]<\/strong>\u00a0poroste o 2,2% HDP navzdory mamut\u00edm sankc\u00edm ze strany z\u00e1padu, ukrajinsk\u00fdm voj\u00e1k\u016fm se nepoda\u0159ilo dostat ani na Krym, ani do Melitopolu, ani do Tokmaku, proto\u017ee u\u017e p\u016fl roku bojuj\u00ed s Rusy o rozml\u00e1cenou vesni\u010dku s n\u00e1zvem\u00a0<em>Rabotino<\/em>, kter\u00e1 u\u017e ani neexistuje, ale tento sc\u00e9n\u00e1\u0159 se opakuje i v Avd\u011bjevce a v dal\u0161\u00edch m\u011bstech a obc\u00edch na frontov\u00e9 linii.<\/p>\n<p>Prost\u011b nam\u00edsto ofenz\u00edvy se vedou pozi\u010dn\u00ed z\u00e1kopov\u00e9 p\u0159est\u0159elky a Rusov\u00e9 tam v\u017edy jednou za dva a\u017e t\u0159i dny shod\u00ed 500 lb. bomby, \u010d\u00edm\u017e se situaci asi na 5 dn\u00ed zklidn\u00ed, ne\u017e Kyjev p\u0159it\u00e1hne nov\u00e9 odvedence pochytan\u00e9 na ulic\u00edch po cel\u00e9 Ukrajin\u011b, kte\u0159\u00ed m\u011bli tu sm\u016flu, \u017ee je chytili b\u011bhem n\u00e1kupu v obchod\u011b apod. Tohle si ale z\u00e1padn\u00ed investo\u0159i nezaplatili, tohle necht\u011bli vid\u011bt.<\/p>\n<figure id=\"attachment_57858\" class=\"wp-caption aligncenter\" style=\"width: 696px;\"><a href=\"https:\/\/aeronet.news\/wp-content\/uploads\/EuropeGDP2023Chart.jpg\"><img decoding=\"async\" loading=\"lazy\" class=\"wp-image-57858 \" src=\"https:\/\/aeronet.news\/wp-content\/uploads\/EuropeGDP2023Chart.jpg\" sizes=\"(max-width: 700px) 100vw, 700px\" srcset=\"https:\/\/aeronet.news\/wp-content\/uploads\/EuropeGDP2023Chart.jpg 700w, https:\/\/aeronet.news\/wp-content\/uploads\/EuropeGDP2023Chart-300x213.jpg 300w, https:\/\/aeronet.news\/wp-content\/uploads\/EuropeGDP2023Chart-503x357.jpg 503w, https:\/\/aeronet.news\/wp-content\/uploads\/EuropeGDP2023Chart-680x483.jpg 680w\" alt=\"\" width=\"696\" height=\"494\" \/><\/a><figcaption class=\"wp-caption-text\">R\u016fst HDP v zem\u00edch Evropy mezi roky 2022 a 2023<\/figcaption><\/figure>\n<p>Ukrajina dostala pen\u00edze na jedinou v\u011bc, a to byla mamut\u00ed por\u00e1\u017eka Rusk\u00e9 arm\u00e1dy a pr\u016flom fronty a\u017e na Krym, kter\u00fd m\u011bl zp\u016fsobit zhroucen\u00ed vl\u00e1dy Vladimira Putina v Kremlu! P\u0159esn\u011b to bylo \u00fakolem ukrajinsk\u00fdch d\u011bln\u00edk\u016f na front\u011b, p\u0159esn\u011b to m\u011bli pro z\u00e1padn\u00ed investory ud\u011blat, ale neud\u011blali. P\u0159ed\u00e1ci t\u011bchto d\u011bln\u00edk\u016f (rozum\u011bj politici) se te\u010f sna\u017e\u00ed investora ukecat, \u017ee z objektivn\u00edch p\u0159\u00ed\u010din to ne\u0161lo ud\u011blat, p\u0159i\u010dem\u017e si dokonce dovol\u00ed z ne\u00fasp\u011bchu obvinit investory, \u017ee dodali d\u011bln\u00edk\u016fm m\u00e1lo n\u00e1\u0159ad\u00ed, rozum\u011bj zbran\u00ed, m\u00e1lo munice a hlavn\u011b m\u00e1lo pra\u0161ul\u00ed.<\/p>\n<h6><span style=\"font-size: 18pt;\">Z\u00e1padn\u00ed investo\u0159i si zaplatili u Ukrajinc\u016f por\u00e1\u017eku Ruska, ale pln\u011bn\u00ed nenastalo. A tak nastupuje krizov\u00fd management<\/span><\/h6>\n<p>Nedivte se, \u017ee investor\u016fm v americk\u00e9m Kongresu praskly pojistky a vztekem zablokovali dal\u0161\u00ed pen\u00edze pro Ukrajinu. Na takov\u00e9 jedn\u00e1n\u00ed toti\u017e nejsou zvykl\u00ed. Realita je takov\u00e1, \u017ee ministr zahrani\u010d\u00ed\u00a0<strong>Dmytro Kuleba ve \u010dtvrtek p\u0159ijel do Bruselu na sch\u016fzku NATO a tam ji\u017e otev\u0159en\u011b \u010delil ot\u00e1zk\u00e1m [<a href=\"https:\/\/href.li\/?https:\/\/www.rt.com\/russia\/588260-kuleba-nato-membership-compromise\/\" target=\"_blank\" rel=\"nofollow noopener\">3<\/a>], jestli Ukrajina p\u0159ijme nab\u00eddku, \u017ee odstoup\u00ed Rusku obsazen\u00e1 \u00fazem\u00ed v\u00fdm\u011bnou za m\u00edr a n\u00e1sledn\u00e9 p\u0159ijet\u00ed Ukrajiny do NATO.<\/strong>\u00a0Tato neuv\u011b\u0159iteln\u00e1 nab\u00eddka, tedy l\u00e9pe \u0159e\u010deno doned\u00e1vna neuv\u011b\u0159iteln\u00e1, se ji\u017e ve \u010dtvrtek za zav\u0159en\u00fdmi dve\u0159mi p\u0159et\u0159\u00e1sala mezi z\u00e1stupci zem\u00ed NATO. A v\u00edte, na \u010d\u00ed pokyn? Na pokyn Washingtonu!<\/p>\n<figure id=\"attachment_57860\" class=\"wp-caption aligncenter\" style=\"width: 698px;\"><a href=\"https:\/\/aeronet.news\/wp-content\/uploads\/BlinkenKulebaBrussels.jpg\"><img decoding=\"async\" loading=\"lazy\" class=\"wp-image-57860 \" src=\"https:\/\/aeronet.news\/wp-content\/uploads\/BlinkenKulebaBrussels-1024x576.jpg\" sizes=\"(max-width: 700px) 100vw, 700px\" srcset=\"https:\/\/aeronet.news\/wp-content\/uploads\/BlinkenKulebaBrussels-1024x576.jpg 1024w, https:\/\/aeronet.news\/wp-content\/uploads\/BlinkenKulebaBrussels-300x169.jpg 300w, https:\/\/aeronet.news\/wp-content\/uploads\/BlinkenKulebaBrussels-768x432.jpg 768w, https:\/\/aeronet.news\/wp-content\/uploads\/BlinkenKulebaBrussels-700x394.jpg 700w, https:\/\/aeronet.news\/wp-content\/uploads\/BlinkenKulebaBrussels-635x357.jpg 635w, https:\/\/aeronet.news\/wp-content\/uploads\/BlinkenKulebaBrussels-859x483.jpg 859w, https:\/\/aeronet.news\/wp-content\/uploads\/BlinkenKulebaBrussels.jpg 1280w\" alt=\"\" width=\"698\" height=\"393\" \/><\/a><figcaption class=\"wp-caption-text\">Minist\u0159i zahrani\u010d\u00ed USA a Ukrajiny, Antony Blinken a Dmytro Kuleba<\/figcaption><\/figure>\n<p>Dmytro Kuleba tento n\u00e1vrh odm\u00edtl, \u017ee Ukrajina nevym\u011bn\u00ed \u010dlenstv\u00ed v NATO za \u00fazemn\u00ed \u00fastupky Rusku, a \u017ee Ukrajina chce d\u00e1l bojovat, \u017ee je to dobr\u00e1 dohoda, \u017ee z\u00e1pad pos\u00edl\u00e1 pen\u00edze, zbran\u011b a munici, ale na front\u011b um\u00edr\u00e1me jenom my, nikoliv z\u00e1padn\u00ed voj\u00e1ci. Novin\u00e1\u0159i na Kulebu koukali jako na magora, o \u010dem to mluv\u00ed, \u017ee takto otev\u0159en\u011b de facto odhaluje, \u017ee Ukrajina ve skute\u010dnosti nebojuje za sebe, ale za z\u00e1padn\u00ed zem\u011b. Takhle otev\u0159en\u011b to dosud Kuleba nikdy p\u0159edt\u00edm ne\u0159ekl, jednalo se o \u201c<em>konspiraci<\/em>\u201d alternativn\u00edch m\u00e9di\u00ed.\u00a0 Kuleba tak\u00e9 poznamenal, \u017ee z 1 000 000 d\u011blost\u0159eleck\u00fdch gran\u00e1t\u016f, kter\u00e9 se EU zav\u00e1zala poslat na Ukrajinu v roce 2023, jich dorazilo jen asi 300 000.<\/p>\n<h6><span style=\"font-size: 18pt;\">Kuleba v Brusel u\u017e va\u0159il z vody, \u010delil u\u017e p\u0159\u00edmo v\u00fdzv\u00e1m k odstoupen\u00ed \u00fazem\u00ed Rusku. Kyjev si neuv\u011bdomil, \u017ee pen\u00edze nebyly dod\u00e1ny z l\u00e1sky<\/span><\/h6>\n<p>Kyjev z\u016fst\u00e1v\u00e1 pevn\u00fd ve sv\u00fdch v\u00e1le\u010dn\u00fdch c\u00edlech, uvedl ministr a sl\u00edbil, \u017ee \u201c<em>n\u00e1s nic nezastav\u00ed<\/em>\u201c. Sponzorov\u00e1n\u00ed Ukrajiny nam\u00edsto vysl\u00e1n\u00ed vlastn\u00edch jednotek do boje proti Rusku ozna\u010dil za \u201c<em>f\u00e9rov\u00fd obchod<\/em>\u201d pro Z\u00e1pad. Doslova uvedl:\u00a0<strong>\u201c<em>Vy n\u00e1m d\u00e1te v\u0161e, co pot\u0159ebujeme, a my budeme bojovat. Ne\u017e\u00e1d\u00e1me po v\u00e1s, abyste ob\u011btovali sv\u00e9 \u017eivoty<\/em>,\u201d<\/strong>\u00a0popsal dohodu a dodal, \u017ee Ukrajina bojuje za z\u00e1padn\u00ed sv\u011bt, a pokud Ukrajina padne, Putin pr\u00fd po\u0161le svoji arm\u00e1du na z\u00e1pad do Evropy. Ukrajinci maj\u00ed obrovsk\u00fd probl\u00e9m, proto\u017ee v roce 2024 jsou v USA prezidentsk\u00e9 volby, v b\u0159eznu budou prezidentsk\u00e9 volby i v Rusku, m\u011bly by b\u00fdt volby prezidenta i na Ukrajin\u011b, ale asi nebudou a m\u016f\u017eou vypuknout nepokoje na Ukrajin\u011b.<\/p>\n<figure id=\"attachment_56570\" class=\"wp-caption aligncenter\" style=\"width: 698px;\"><a href=\"https:\/\/aeronet.news\/wp-content\/uploads\/BidenZelenskyLookingUp.jpg\"><img decoding=\"async\" loading=\"lazy\" class=\"wp-image-56570 \" src=\"https:\/\/aeronet.news\/wp-content\/uploads\/BidenZelenskyLookingUp-1024x682.jpg\" sizes=\"(max-width: 700px) 100vw, 700px\" srcset=\"https:\/\/aeronet.news\/wp-content\/uploads\/BidenZelenskyLookingUp-1024x682.jpg 1024w, https:\/\/aeronet.news\/wp-content\/uploads\/BidenZelenskyLookingUp-300x200.jpg 300w, https:\/\/aeronet.news\/wp-content\/uploads\/BidenZelenskyLookingUp-768x512.jpg 768w, https:\/\/aeronet.news\/wp-content\/uploads\/BidenZelenskyLookingUp-700x466.jpg 700w, https:\/\/aeronet.news\/wp-content\/uploads\/BidenZelenskyLookingUp-536x357.jpg 536w, https:\/\/aeronet.news\/wp-content\/uploads\/BidenZelenskyLookingUp-725x483.jpg 725w, https:\/\/aeronet.news\/wp-content\/uploads\/BidenZelenskyLookingUp.jpg 1280w\" alt=\"\" width=\"698\" height=\"465\" \/><\/a><figcaption class=\"wp-caption-text\">Investor z USA podepsal objedn\u00e1vku a seznam \u00fakol\u016f pro ukrajinsk\u00e9 d\u011bln\u00edky v\u00e1lky. Jejich p\u0159ed\u00e1k si mezit\u00edm prohl\u00ed\u017eel lustr na strop\u011b, jestli ho udr\u017e\u00ed, a\u017e se na n\u011bm bude cht\u00edt ob\u011bsit po p\u0159\u00edpadn\u00e9m nespln\u011bn\u00ed \u00fakol\u016f\u2026<\/figcaption><\/figure>\n<p>V t\u00e9to situaci nikdo nebude cht\u00edt Ukrajin\u011b pos\u00edlat \u017e\u00e1dn\u00e9 velk\u00e9 investice, maximem a v podstat\u011b z\u00e1zrakem bude, pokud Ukrajina dostane pen\u00edze na to, aby p\u0159e\u017eila zimu. Prost\u011b investo\u0159i u\u017e do Ukrajiny nic nenasypou a cht\u011bj\u00ed sv\u00e9 pen\u00edze zp\u011bt. A toho se maj\u00ed do\u010dkat d\u00edky divok\u00e9 privatizaci a je\u0161t\u011b divo\u010dej\u0161\u00ed obnov\u011b a rekonstrukci Ukrajiny. A ta nem\u016f\u017ee prob\u00edhat v dob\u011b v\u00e1lky. Kuleba je jenom politik a nech\u00e1pe, \u017ee cel\u00e1 jeho Ukrajina m\u011bla za \u00fakol jedinou v\u011bc, a to za\u0159\u00eddit zhroucen\u00ed Putinova re\u017eimu v Moskv\u011b.<\/p>\n<h6><span style=\"font-size: 18pt;\">Do konce roku m\u00e1 Ukrajina \u010das zre\u00e1lnit sv\u016fj postoj k po\u017eadavk\u016fm z\u00e1padn\u00edch investor\u016f na konec v\u00e1lky<\/span><\/h6>\n<p>Nam\u00edsto toho je Rusko mocensky a ekonomicky konsolidov\u00e1no tak, \u017ee za rok 2023 jeho r\u016fst HDP p\u0159ekon\u00e1 v\u0161echny zem\u011b z\u00e1padn\u00ed Evropy, s v\u00fdjimkou Irska. Tak\u017ee, jak\u00fd v\u00fdsledek m\u00e1me? Sankce na Rusko nefunguj\u00ed, ekonomiky z\u00e1padn\u00edch zem\u00ed jsou v minim\u00e1ln\u00edm r\u016fstu HDP, anebo dokonce v z\u00e1porn\u00e9m, jako t\u0159eba \u010cesk\u00e1 republika, Ukrajin\u011b se nepoda\u0159ilo obsadit Krym, ani prolomit ruskou frontu, americk\u00fd dolar \u010del\u00ed procesu demise jako sv\u011btov\u00e9 rezervn\u00ed m\u011bny a v Izraeli vypukla v\u00e1lka.<\/p>\n<figure id=\"attachment_56532\" class=\"wp-caption aligncenter\" style=\"width: 698px;\"><a href=\"https:\/\/aeronet.news\/wp-content\/uploads\/ZelenskyGrimSituation.jpg\"><img decoding=\"async\" loading=\"lazy\" class=\"wp-image-56532 \" src=\"https:\/\/aeronet.news\/wp-content\/uploads\/ZelenskyGrimSituation-1024x538.jpg\" sizes=\"(max-width: 700px) 100vw, 700px\" srcset=\"https:\/\/aeronet.news\/wp-content\/uploads\/ZelenskyGrimSituation-1024x538.jpg 1024w, https:\/\/aeronet.news\/wp-content\/uploads\/ZelenskyGrimSituation-300x158.jpg 300w, https:\/\/aeronet.news\/wp-content\/uploads\/ZelenskyGrimSituation-768x403.jpg 768w, https:\/\/aeronet.news\/wp-content\/uploads\/ZelenskyGrimSituation-700x368.jpg 700w, https:\/\/aeronet.news\/wp-content\/uploads\/ZelenskyGrimSituation-680x357.jpg 680w, https:\/\/aeronet.news\/wp-content\/uploads\/ZelenskyGrimSituation-920x483.jpg 920w, https:\/\/aeronet.news\/wp-content\/uploads\/ZelenskyGrimSituation.jpg 1280w\" alt=\"\" width=\"698\" height=\"367\" \/><\/a><figcaption class=\"wp-caption-text\">Zelensk\u00fd p\u0159ivede svoji arm\u00e1du ke stejn\u00e9mu osudu, k jak\u00e9mu Adolf Hitler dovedl n\u011bmeck\u00fd Wehrmacht<\/figcaption><\/figure>\n<p>V t\u00e9to situaci ji\u017e \u017e\u00e1dn\u00e9 investice do Ukrajiny ne\u010dekejte. Ukrajina dostala \u0161anci, dostala mo\u017enost uk\u00e1zat investor\u016fm, co um\u00ed. A m\u00edsto toho uk\u00e1zala p\u0159etahovanou o jakousi vesnici v Z\u00e1poro\u017e\u00ed a pomal\u00e9 ustupov\u00e1n\u00ed z Avd\u011bjevky, kam se metr po metru nasunuje Putinova arm\u00e1da.\u00a0<strong>Za tohle si z\u00e1padn\u00ed investo\u0159i nezaplatili. A proto bude muset Ukrajiny ji\u017e brzy za\u010d\u00edt skl\u00e1dat \u00fa\u010dty. A to nebude hezk\u00fd pohled.<\/strong><\/p>\n<p>B\u011b\u017e\u00ed to p\u0159esn\u011b podle pl\u00e1nu, jak jsem p\u0159edpov\u011bd\u011bl. Sna\u017e\u00ed se ukrajinsk\u00e9 politiky p\u0159emluvit po dobr\u00e9m, aby dostali rozum. Tato f\u00e1ze bude trvat do konce tohoto roku. A proto\u017ee o\u010dek\u00e1v\u00e1m, \u017ee veden\u00ed Ukrajiny k rozumu nep\u0159ijde, po Nov\u00e9m roce se p\u0159\u00edstup Z\u00e1padu k Ukrajin\u011b za\u010dne dramaticky m\u011bnit. V roce 2024 se toti\u017e budou d\u00edt v\u011bci.<\/p>\n<p><a href=\"https:\/\/aeronet.news\/ukrajina-nema-pro-rok-2024-pripraveny-zadny-valecny-plan-protoze-nikdo-v-generalnim-stabu-nepocital-ze-se-valka-prodlouzi-david-arachamia-to-prozradil-na-ukrajinske-televizi\/\">-VK- \u0160\u00e9fredaktor AE News<\/a><\/p>\n<p>&nbsp;<\/p>\n<p><a href=\"https:\/\/stranapro.cz\/\"><img decoding=\"async\" loading=\"lazy\" class=\"wp-image-40286 aligncenter\" src=\"http:\/\/www.infokuryr.cz\/n\/wp-content\/uploads\/2023\/11\/12pro-300x87.png\" alt=\"\" width=\"1066\" height=\"309\" srcset=\"https:\/\/www.infokuryr.cz\/n\/wp-content\/uploads\/2023\/11\/12pro-300x87.png 300w, https:\/\/www.infokuryr.cz\/n\/wp-content\/uploads\/2023\/11\/12pro.png 366w\" sizes=\"(max-width: 1066px) 100vw, 1066px\" \/><\/a><\/p>\n<p>&nbsp;<\/p>\n<p>&nbsp;<\/p>\n<p>&nbsp;<\/p>\n","protected":false},"excerpt":{"rendered":"<p>Ukrajina nem\u00e1 pro rok 2024 p\u0159ipraven\u00fd \u017e\u00e1dn\u00fd v\u00e1le\u010dn\u00fd pl\u00e1n, proto\u017ee nikdo v gener\u00e1ln\u00edm \u0161t\u00e1bu nepo\u010d\u00edtal,&#8230;<\/p>\n","protected":false},"author":2,"featured_media":41404,"comment_status":"closed","ping_status":"closed","sticky":false,"template":"","format":"standard","meta":[],"categories":[6],"tags":[1042,1505,26,40],"_links":{"self":[{"href":"https:\/\/www.infokuryr.cz\/n\/wp-json\/wp\/v2\/posts\/41403"}],"collection":[{"href":"https:\/\/www.infokuryr.cz\/n\/wp-json\/wp\/v2\/posts"}],"about":[{"href":"https:\/\/www.infokuryr.cz\/n\/wp-json\/wp\/v2\/types\/post"}],"author":[{"embeddable":true,"href":"https:\/\/www.infokuryr.cz\/n\/wp-json\/wp\/v2\/users\/2"}],"replies":[{"embeddable":true,"href":"https:\/\/www.infokuryr.cz\/n\/wp-json\/wp\/v2\/comments?post=41403"}],"version-history":[{"count":0,"href":"https:\/\/www.infokuryr.cz\/n\/wp-json\/wp\/v2\/posts\/41403\/revisions"}],"wp:featuredmedia":[{"embeddable":true,"href":"https:\/\/www.infokuryr.cz\/n\/wp-json\/wp\/v2\/media\/41404"}],"wp:attachment":[{"href":"https:\/\/www.infokuryr.cz\/n\/wp-json\/wp\/v2\/media?parent=41403"}],"wp:term":[{"taxonomy":"category","embeddable":true,"href":"https:\/\/www.infokuryr.cz\/n\/wp-json\/wp\/v2\/categories?post=41403"},{"taxonomy":"post_tag","embeddable":true,"href":"https:\/\/www.infokuryr.cz\/n\/wp-json\/wp\/v2\/tags?post=41403"}],"curies":[{"name":"wp","href":"https:\/\/api.w.org\/{rel}","templated":true}]}}