{"id":41391,"date":"2023-12-01T00:43:51","date_gmt":"2023-11-30T23:43:51","guid":{"rendered":"http:\/\/www.infokuryr.cz\/n\/?p=41391"},"modified":"2023-11-30T17:14:00","modified_gmt":"2023-11-30T16:14:00","slug":"tri-mrtvi-sest-zranenych-pri-streleckem-utoku-v-jeruzaleme-uprostred-primeri-v-gaze","status":"publish","type":"post","link":"https:\/\/www.infokuryr.cz\/n\/2023\/12\/01\/tri-mrtvi-sest-zranenych-pri-streleckem-utoku-v-jeruzaleme-uprostred-primeri-v-gaze\/","title":{"rendered":"T\u0159i mrtv\u00ed, \u0161est zran\u011bn\u00fdch p\u0159i st\u0159eleck\u00e9m \u00fatoku v Jeruzal\u00e9m\u011b uprost\u0159ed p\u0159\u00edm\u011b\u0159\u00ed v Gaze"},"content":{"rendered":"<div id=\"fb-root\"><\/div>\n<p><strong><span>T\u0159i lid\u00e9 byli zabiti a \u0161est zran\u011bno p\u0159i st\u0159eleck\u00e9m \u00fatoku u vjezdu do m\u011bsta Jeruzal\u00e9ma 30. listopadu r\u00e1no.<\/span><\/strong><\/p>\n<p><span>Izraelsk\u00e1 policie uvedla, \u017ee dva palestin\u0161t\u00ed ozbrojenci vystoupili z vozidla na ulici Weizman u hlavn\u00edho vchodu do Jeruzal\u00e9ma a zah\u00e1jili palbu do lid\u00ed na autobusov\u00e9 zast\u00e1vce.\u00a0Dva voj\u00e1ci mimo slu\u017ebu a ozbrojen\u00fd civilista v oblasti op\u011btovali palbu a oba st\u0159elce zabili.<\/span><\/p>\n<p><span>Videa zve\u0159ejn\u011bn\u00e1 na soci\u00e1ln\u00edch s\u00edt\u00edch ukazovala, jak dva ozbrojenci vyzbrojen\u00ed \u00fato\u010dnou pu\u0161kou M-16 a ru\u010dn\u00ed zbran\u00ed zah\u00e1jili palbu na lidi na autobusov\u00e9 zast\u00e1vce.<\/span><\/p>\n<p><iframe loading=\"lazy\" src=\"https:\/\/s2.cdnstatic.space\/wp-content\/uploads\/2023\/11\/TqN45iirjgL77qm7.mp4\" width=\"600\" height=\"338\" data-mce-fragment=\"1\"><\/iframe><\/p>\n<p><iframe loading=\"lazy\" src=\"https:\/\/s2.cdnstatic.space\/wp-content\/uploads\/2023\/11\/CI35bifBJFns4AvM.mp4\" width=\"600\" height=\"338\" data-mce-fragment=\"1\"><\/iframe><\/p>\n<p><span>Izraelsk\u00e1 z\u00e1chrann\u00e1 slu\u017eba Magen David Adom (MDA) uvedla, \u017ee jej\u00ed zdravotn\u00edci na m\u00edst\u011b ozn\u00e1mili smrt 24let\u00e9 \u017eeny a osm dal\u0161\u00edch odv\u00e1\u017eeli do nemocnic v Jeruzal\u00e9m\u011b.\u00a0Star\u0161\u00ed mu\u017e a \u017eena, kte\u0159\u00ed byli t\u011b\u017ece zran\u011bni, byli pozd\u011bji prohl\u00e1\u0161eni za mrtv\u00e9 v nemocnici v Jeruzal\u00e9m\u011b.<\/span><\/p>\n<p><span>Dal\u0161\u00ed dva Izraelci byli uvedeni ve v\u00e1\u017en\u00e9m stavu, t\u0159i ve st\u0159edn\u00edm stavu a jeden v dobr\u00e9m stavu, uv\u00e1d\u00ed MDA.<\/span><\/p>\n<p><span>\u00dato\u010dn\u00edci byli pozd\u011bji identifikov\u00e1ni jako brat\u0159i Murad Namr (38) a Ibrahim Namr (30) ze \u010dtvrti Sur Baher ve v\u00fdchodn\u00edm Jeruzal\u00e9m\u011b.\u00a0Podle izraelsk\u00e9 bezpe\u010dnostn\u00ed agentury Shin Bet byli tito dva \u010dleny hnut\u00ed Ham\u00e1s a d\u0159\u00edve byli uv\u011bzn\u011bni za \u201eteroristickou \u010dinnost\u201c.<\/span><\/p>\n<p><span>K \u00fatoku do\u0161lo jen n\u011bkolik hodin pot\u00e9, co byla ozn\u00e1mena dohoda mezi Izraelem a Ham\u00e1sem o prodlou\u017een\u00ed p\u0159\u00edm\u011b\u0159\u00ed v p\u00e1smu Gazy o sedm\u00fd den.<\/span><\/p>\n<p><span>Nap\u011bt\u00ed v Jeruzal\u00e9m\u011b a na Z\u00e1padn\u00edm b\u0159ehu je vysok\u00e9 od 7. \u0159\u00edjna veden\u00e9m Hamasem veden\u00fdm \u00fatokem na Izrael, kter\u00fd vedl k v\u00e1lce v Gaze.\u00a0Izraelsk\u00e9 s\u00edly v posledn\u00edch t\u00fddnech eskalovaly operace na okupovan\u00fdch palestinsk\u00fdch \u00fazem\u00edch.\u00a0Jen o den d\u0159\u00edve byly v uprchlick\u00e9m t\u00e1bo\u0159e Jenin na Z\u00e1padn\u00edm b\u0159ehu Jord\u00e1nu zast\u0159eleny dv\u011b palestinsk\u00e9 d\u011bti.<\/span><\/p>\n<p><img decoding=\"async\" loading=\"lazy\" class=\"alignnone size-full wp-image-1185\" src=\"http:\/\/www.infokuryr.cz\/n\/wp-content\/uploads\/2021\/04\/kuryr-podpis.png\" alt=\"\" width=\"84\" height=\"24\" \/><\/p>\n<p>&nbsp;<\/p>\n<p><a href=\"https:\/\/stranapro.cz\/\"><img decoding=\"async\" loading=\"lazy\" class=\"wp-image-40286 aligncenter\" src=\"http:\/\/www.infokuryr.cz\/n\/wp-content\/uploads\/2023\/11\/12pro-300x87.png\" alt=\"\" width=\"997\" height=\"289\" srcset=\"https:\/\/www.infokuryr.cz\/n\/wp-content\/uploads\/2023\/11\/12pro-300x87.png 300w, https:\/\/www.infokuryr.cz\/n\/wp-content\/uploads\/2023\/11\/12pro.png 366w\" sizes=\"(max-width: 997px) 100vw, 997px\" \/><\/a><\/p>\n<p>&nbsp;<\/p>\n<p>&nbsp;<\/p>\n<p>&nbsp;<\/p>\n","protected":false},"excerpt":{"rendered":"<p>T\u0159i lid\u00e9 byli zabiti a \u0161est zran\u011bno p\u0159i st\u0159eleck\u00e9m \u00fatoku u vjezdu do m\u011bsta Jeruzal\u00e9ma&#8230;<\/p>\n","protected":false},"author":2,"featured_media":41392,"comment_status":"closed","ping_status":"closed","sticky":false,"template":"","format":"standard","meta":[],"categories":[7],"tags":[347,2210,353,320],"_links":{"self":[{"href":"https:\/\/www.infokuryr.cz\/n\/wp-json\/wp\/v2\/posts\/41391"}],"collection":[{"href":"https:\/\/www.infokuryr.cz\/n\/wp-json\/wp\/v2\/posts"}],"about":[{"href":"https:\/\/www.infokuryr.cz\/n\/wp-json\/wp\/v2\/types\/post"}],"author":[{"embeddable":true,"href":"https:\/\/www.infokuryr.cz\/n\/wp-json\/wp\/v2\/users\/2"}],"replies":[{"embeddable":true,"href":"https:\/\/www.infokuryr.cz\/n\/wp-json\/wp\/v2\/comments?post=41391"}],"version-history":[{"count":1,"href":"https:\/\/www.infokuryr.cz\/n\/wp-json\/wp\/v2\/posts\/41391\/revisions"}],"predecessor-version":[{"id":41393,"href":"https:\/\/www.infokuryr.cz\/n\/wp-json\/wp\/v2\/posts\/41391\/revisions\/41393"}],"wp:featuredmedia":[{"embeddable":true,"href":"https:\/\/www.infokuryr.cz\/n\/wp-json\/wp\/v2\/media\/41392"}],"wp:attachment":[{"href":"https:\/\/www.infokuryr.cz\/n\/wp-json\/wp\/v2\/media?parent=41391"}],"wp:term":[{"taxonomy":"category","embeddable":true,"href":"https:\/\/www.infokuryr.cz\/n\/wp-json\/wp\/v2\/categories?post=41391"},{"taxonomy":"post_tag","embeddable":true,"href":"https:\/\/www.infokuryr.cz\/n\/wp-json\/wp\/v2\/tags?post=41391"}],"curies":[{"name":"wp","href":"https:\/\/api.w.org\/{rel}","templated":true}]}}