{"id":4139,"date":"2021-08-18T02:59:05","date_gmt":"2021-08-18T00:59:05","guid":{"rendered":"http:\/\/www.infokuryr.cz\/n\/?p=4139"},"modified":"2021-08-18T02:59:05","modified_gmt":"2021-08-18T00:59:05","slug":"jti-s-klubem-svobodnych-matek-spojily-sily-aby-pomohly-samozivitelum-zacit-podnikat","status":"publish","type":"post","link":"https:\/\/www.infokuryr.cz\/n\/2021\/08\/18\/jti-s-klubem-svobodnych-matek-spojily-sily-aby-pomohly-samozivitelum-zacit-podnikat\/","title":{"rendered":"JTI s Klubem svobodn\u00fdch matek spojily s\u00edly, aby pomohly samo\u017eivitel\u016fm za\u010d\u00edt podnikat"},"content":{"rendered":"<div id=\"fb-root\"><\/div>\n<p><strong>Praha \/ 17. srpna 2021<\/strong> \u2013 Rodi\u010de samo\u017eivitel\u00e9 mohou od za\u010d\u00e1tku leto\u0161n\u00edho roku vyu\u017e\u00edt Akademii podnik\u00e1n\u00ed, spole\u010dn\u00fd program JTI a Klubu svobodn\u00fdch matek, kter\u00fd sv\u00fdm \u00fa\u010dastn\u00edk\u016fm pom\u00e1h\u00e1 rozjet nov\u00e9 nebo o\u017eivit st\u00e1vaj\u00edc\u00ed podnik\u00e1n\u00ed. \u00da\u010dastn\u00edci Akademie z\u00edskaj\u00ed podporu p\u0159edev\u0161\u00edm v\u00a0za\u010d\u00e1tc\u00edch podnik\u00e1n\u00ed, a to zejm\u00e9na s\u00a0ohledem na dopady, kter\u00e9 m\u00e1 covidov\u00e1 uz\u00e1v\u011bra ekonomiky na p\u0159\u00edjmy rodin a na mo\u017enosti podnik\u00e1n\u00ed; program je p\u0159itom postaven\u00fd specificky na m\u00edru pot\u0159eb\u00e1m samo\u017eivitelek a\u00a0samo\u017eivitel\u016f, kte\u0159\u00ed se v\u00a0jednom \u010dlov\u011bku staraj\u00ed jak o podnik\u00e1n\u00ed, tak zejm\u00e9na o svou rodinu.<\/p>\n<p>\u201eSpolupr\u00e1ce JTI s\u00a0Klubem svobodn\u00fdch matek na Akademii podnik\u00e1n\u00ed odstartovala na za\u010d\u00e1tku leto\u0161n\u00edho roku a u\u017e prvn\u00ed p\u016flrok uk\u00e1zal, \u017ee \u00fa\u010dastn\u00edci Akademie z\u00edsk\u00e1vaj\u00ed podporu p\u0159esn\u011b tam, kde je to t\u0159eba,\u201c \u0159\u00edk\u00e1 Idil Yasa, gener\u00e1ln\u00ed \u0159editelka JTI pro \u010ceskou republiku. \u201e\u00da\u010dast v\u00a0programu m\u016f\u017ee pomoci \u00fa\u010dastn\u00edk\u016fm a \u00fa\u010dastnic\u00edm z\u00edskat a pos\u00edlit ekonomickou nez\u00e1vislost cel\u00e9 jejich rodiny, aby mohli \u017e\u00edt \u017eivot p\u0159esn\u011b tak, jak cht\u011bj\u00ed. A pr\u00e1v\u011b svoboda volby je st\u0159edobodem toho, co JTI d\u011bl\u00e1 a jak funguje. Proto pova\u017eujeme Akademii za skv\u011bl\u00fd projekt, na kter\u00e9m s\u00a0Klubem svobodn\u00fdch matek s\u00a0hrdost\u00ed spolupracujeme,\u201c dod\u00e1v\u00e1 Idil Yasa.<\/p>\n<p>\u00da\u010dastn\u00edci Akademie podnik\u00e1n\u00ed z\u00edskaj\u00ed plnou marketingovou podporu, nov\u00e9 webov\u00e9 str\u00e1nky nebo pomoc s\u00a0nastaven\u00edm a provozem sv\u00fdch profil\u016f v\u00a0soci\u00e1ln\u00edch m\u00e9di\u00edch, i pen\u00edze na propagaci nebo po\u0159\u00edzen\u00ed nezbytn\u00e9ho z\u00e1kladn\u00edho vybaven\u00ed.<\/p>\n<p>\u201eAkademii podnik\u00e1n\u00ed jsme m\u011bli v\u00a0hlav\u011b pom\u011brn\u011b dlouhou dobu. Pak p\u0159i\u0161la epidemie nemoci Covid 19 a v\u0161echna ekonomick\u00e1 omezen\u00ed s\u00a0n\u00ed spojen\u00e1. Pro n\u00e1s to znamenalo, \u017ee jsme se museli ihned zam\u011b\u0159it na okam\u017eitou pomoc samo\u017eivitel\u016fm a samo\u017eivitelk\u00e1m, z\u00e1rove\u0148 v\u0161ak uz\u00e1v\u011bra ekonomiky o to v\u00edc zd\u016fraznila pot\u0159ebnost projekt\u016f, kter\u00e9 pom\u00e1haj\u00ed lidem postavit se na vlastn\u00ed nohy \u2013 projekt\u016f, jako je Akademie podnik\u00e1n\u00ed. Proto jsme r\u00e1di, \u017ee se n\u00e1m poda\u0159ilo vlastn\u011b velmi rychle dohodnout spolupr\u00e1ci s\u00a0JTI. Odv\u00e1\u017en\u00e9 \u017eeny a mu\u017ei, kte\u0159\u00ed se neboj\u00ed j\u00edt za sv\u00fdmi profesn\u00edmi sny, dok\u00e1\u017eou p\u0159i tom p\u0159ekonat spoustu p\u0159ek\u00e1\u017eek a je\u0161t\u011b jim zbyde \u010das pe\u010dovat v\u00a0jednom \u010dlov\u011bku o\u00a0rodinu, si zaslou\u017e\u00ed maxim\u00e1ln\u00ed uzn\u00e1n\u00ed,\u201c \u0159\u00edk\u00e1 Dana Pavlouskov\u00e1, \u0159editelka a zakladatelka Klubu svobodn\u00fdch matek.<\/p>\n<p>Jednou z\u00a0podnikatelek, kter\u00e9 se z\u00fa\u010dastnily Akademie, je kosmeti\u010dka Mirka. Dlouhodob\u00e9 uzav\u0159en\u00ed sal\u00f3nu vynucen\u00e9 protiepidemick\u00fdmi opat\u0159en\u00edmi ji st\u00e1lo dlouhodob\u00e9 \u00faspory a p\u0159i\u0161la i o \u010d\u00e1st klient\u016f. Do Akademie se p\u0159ihl\u00e1sila, aby z\u00edskala podporu pro restartov\u00e1n\u00ed sv\u00e9ho podnik\u00e1n\u00ed. &#8222;Vzhledem k\u00a0aktu\u00e1ln\u00ed situaci pot\u0159ebuji oslovit a hlavn\u011b z\u00edskat nov\u00e9 klienty, s t\u00edm souvis\u00ed pomoc s propagac\u00ed, na kterou mi opravdu nezb\u00fdvaj\u00ed prost\u0159edky,\u201c popsala svou situaci.<\/p>\n<p>Dal\u0161\u00ed jedinou dosp\u011blou hlavou rodiny, kter\u00e1 d\u00edky Akademii na\u0161la cestu, jak udr\u017eet sv\u016fj byznys a\u00a0t\u00edm p\u00e1dem i zdroj ob\u017eivy, je Tereza. Jej\u00ed salon pro st\u0159\u00edh\u00e1n\u00ed ps\u016f musel b\u00fdt v dob\u011b lockdownu uzav\u0159en\u00fd a ona p\u0159i\u0161la o v\u0161echny p\u0159\u00edjmy. P\u0159esto musela hradit n\u00e1jemn\u00e9. Tereze se poda\u0159ilo zajistit povolen\u00ed pro mobiln\u00ed provozovnu, s propagac\u00ed j\u00ed pomohly nov\u00e9 webov\u00e9 str\u00e1nky i profil na Facebooku a svou \u017eivnost tak mohla znovu rozjet.<\/p>\n<p>K\u00a0dal\u0161\u00edm obchodn\u00edm \u00fasp\u011bch\u016fm \u00fa\u010dastn\u00edk\u016f Akademie pat\u0159\u00ed rozjezd online v\u00fduky jazyk\u016f, pos\u00edlen\u00ed prodeje oce\u0148ovan\u00fdch dom\u00e1c\u00edch marmel\u00e1d, bytov\u00fdch dopl\u0148k\u016f, rozvoj \u010dinnosti fyzioterapeutky, copywriterky nebo krej\u010dov\u00fdch. Akademi\u00ed zat\u00edm pro\u0161lo dvan\u00e1ct \u00fa\u010dastn\u00edk\u016f a \u00fa\u010dastnic z r\u016fzn\u00fdch m\u00edst \u010cesk\u00e9 republiky; dal\u0161\u00edch deset je aktu\u00e1ln\u011b v\u00a0programu zapsan\u00fdch.<\/p>\n<p>V\u00edce informac\u00ed k\u00a0Akademie podnik\u00e1n\u00ed, v\u010detn\u011b p\u0159\u00edb\u011bh\u016f jednotliv\u00fdch \u00fa\u010dastn\u00edk\u016f a \u00fa\u010dastnic, najdete na: <a href=\"https:\/\/www.klubsvobodnychmatek.cz\/akademie-samozivitelek\">https:\/\/www.klubsvobodnychmatek.cz\/akademie-samozivitelek<\/a><\/p>\n<p><img decoding=\"async\" loading=\"lazy\" class=\"alignnone size-full wp-image-1185\" src=\"http:\/\/www.infokuryr.cz\/n\/wp-content\/uploads\/2021\/04\/kuryr-podpis.png\" alt=\"\" width=\"84\" height=\"24\" \/><\/p>\n<p>&nbsp;<\/p>\n","protected":false},"excerpt":{"rendered":"<p>Praha \/ 17. srpna 2021 \u2013 Rodi\u010de samo\u017eivitel\u00e9 mohou od za\u010d\u00e1tku leto\u0161n\u00edho roku vyu\u017e\u00edt Akademii&#8230;<\/p>\n","protected":false},"author":2,"featured_media":4140,"comment_status":"closed","ping_status":"closed","sticky":false,"template":"","format":"standard","meta":[],"categories":[6],"tags":[76,593,1050],"_links":{"self":[{"href":"https:\/\/www.infokuryr.cz\/n\/wp-json\/wp\/v2\/posts\/4139"}],"collection":[{"href":"https:\/\/www.infokuryr.cz\/n\/wp-json\/wp\/v2\/posts"}],"about":[{"href":"https:\/\/www.infokuryr.cz\/n\/wp-json\/wp\/v2\/types\/post"}],"author":[{"embeddable":true,"href":"https:\/\/www.infokuryr.cz\/n\/wp-json\/wp\/v2\/users\/2"}],"replies":[{"embeddable":true,"href":"https:\/\/www.infokuryr.cz\/n\/wp-json\/wp\/v2\/comments?post=4139"}],"version-history":[{"count":0,"href":"https:\/\/www.infokuryr.cz\/n\/wp-json\/wp\/v2\/posts\/4139\/revisions"}],"wp:featuredmedia":[{"embeddable":true,"href":"https:\/\/www.infokuryr.cz\/n\/wp-json\/wp\/v2\/media\/4140"}],"wp:attachment":[{"href":"https:\/\/www.infokuryr.cz\/n\/wp-json\/wp\/v2\/media?parent=4139"}],"wp:term":[{"taxonomy":"category","embeddable":true,"href":"https:\/\/www.infokuryr.cz\/n\/wp-json\/wp\/v2\/categories?post=4139"},{"taxonomy":"post_tag","embeddable":true,"href":"https:\/\/www.infokuryr.cz\/n\/wp-json\/wp\/v2\/tags?post=4139"}],"curies":[{"name":"wp","href":"https:\/\/api.w.org\/{rel}","templated":true}]}}