{"id":41388,"date":"2023-12-01T00:42:34","date_gmt":"2023-11-30T23:42:34","guid":{"rendered":"http:\/\/www.infokuryr.cz\/n\/?p=41388"},"modified":"2023-11-30T17:06:28","modified_gmt":"2023-11-30T16:06:28","slug":"nejsme-tu-abychom-zebrali-hnev-obyvatel-gazy-kvuli-prudkemu-narustu-cen","status":"publish","type":"post","link":"https:\/\/www.infokuryr.cz\/n\/2023\/12\/01\/nejsme-tu-abychom-zebrali-hnev-obyvatel-gazy-kvuli-prudkemu-narustu-cen\/","title":{"rendered":"\u201eNejsme tu, abychom \u017eebrali\u201c: hn\u011bv obyvatel Gazy kv\u016fli prudk\u00e9mu n\u00e1r\u016fstu cen"},"content":{"rendered":"<div id=\"fb-root\"><\/div>\n<p><span style=\"font-size: 18pt;\"><strong><em>Lid\u00e9 doufaj\u00edc\u00ed, \u017ee si b\u011bhem pauzy v izraelsk\u00e9m bombardov\u00e1n\u00ed koup\u00ed z\u00e1kladn\u00ed v\u011bci, jako je j\u00eddlo, tepl\u00e9 oble\u010den\u00ed, frustrovan\u00ed zdra\u017eov\u00e1n\u00edm<\/em><\/strong><\/span><\/p>\n<p><strong>Deir el-Balah, centr\u00e1ln\u00ed p\u00e1smo Gazy \u2013<\/strong>\u00a0Jak zvuky v\u00e1lky utichly s p\u0159\u00edchodem prvn\u00edho p\u0159\u00edm\u011b\u0159\u00ed mezi Izraelem a Ham\u00e1sem od 7. \u0159\u00edjna, trhy v p\u00e1smu Gazy byly zaplaveny nakupuj\u00edc\u00edmi, kte\u0159\u00ed se zoufale sna\u017eili nakoupit z\u00e1soby j\u00eddla a zimn\u00ed oble\u010den\u00ed. .<\/p>\n<p>N\u00e1klady na tyto produkty v\u0161ak raketov\u011b vzrostly, zejm\u00e9na u z\u00e1kladn\u00edch potravin, co\u017e vyvolalo hn\u011bv a z\u00e1\u0161\u0165 mezi nakupuj\u00edc\u00edmi, kte\u0159\u00ed obvi\u0148uj\u00ed obchodn\u00edky a st\u00e1nka\u0159e z vysok\u00fdch cen.<\/p>\n<p>Imm Abdullah, kter\u00e1 byla p\u0159ed m\u011bs\u00edcem vys\u00eddlena ze sv\u00e9ho domova ve \u010dtvrti Nassr ve m\u011bst\u011b Gaza pot\u00e9, co Izrael na\u0159\u00eddil lidem v severn\u00ed Gaze, aby se p\u0159esunuli na jih, pob\u00fdvala se sv\u00fdmi 12 d\u011btmi a vnou\u010daty v jedn\u00e9 ze \u0161kol \u0159\u00edzen\u00fdch OSN v Deir el-Balah. \u0158ekla, \u017ee podm\u00ednky ve \u0161kole jsou zoufal\u00e9, bez vody a t\u00e9m\u011b\u0159 bez z\u00e1sob.<\/p>\n<p>&#8222;Kdy\u017e na n\u00e1s Izraelci hodili let\u00e1ky, ode\u0161la jsem se svou rodinou jen ve sv\u00e9m modlitebn\u00edm oble\u010den\u00ed,&#8220; \u0159ekla.\u00a0\u201eVe \u0161kole sotva dost\u00e1v\u00e1me potravinovou pomoc.\u00a0Druh\u00fd den jsme dostali plechovku tu\u0148\u00e1ka.\u00a0Jak t\u00edm m\u00e1m u\u017eivit rodinu?&#8220;<\/p>\n<figure id=\"attachment_2522328\" class=\"wp-caption aligncenter\" style=\"width: 765px;\" aria-describedby=\"caption-attachment-2522328\"><img decoding=\"async\" loading=\"lazy\" class=\" wp-image-2522328\" src=\"https:\/\/www.aljazeera.com\/wp-content\/uploads\/2023\/11\/1E3A4897-1701257120.jpg?w=770&amp;resize=770%2C513&amp;quality=80\" alt=\"Naru\u0161en\u00ed cen z\u00e1kladn\u00edch potravinov\u00fdch produkt\u016f v p\u00e1smu Gazy vedlo k inflaci o 300 a\u017e 2000 procent\" width=\"765\" height=\"510\" data-recalc-dims=\"1\" \/><figcaption id=\"caption-attachment-2522328\" class=\"wp-caption-text\"><em>Ceny z\u00e1kladn\u00edch potravin\u00e1\u0159sk\u00fdch v\u00fdrobk\u016f v Gaze od za\u010d\u00e1tku v\u00e1lky prudce vzrostly [Abdelhakim Abu Riash\/Al Jazeera]<\/em><\/figcaption><\/figure>\n<p>Imm Abdullah p\u0159i\u0161el na m\u011bstsk\u00fd trh, aby se pokusil koupit j\u00eddlo a n\u011bjak\u00e9 teplej\u0161\u00ed oble\u010den\u00ed pro sebe a sv\u00e1 vnou\u010data, proto\u017ee se po\u010das\u00ed ochladilo.\u00a0Ale pot\u00e9, co nav\u0161t\u00edvila r\u016fzn\u00e9 st\u00e1nky a hledala z\u00e1kladn\u00ed potravin\u00e1\u0159sk\u00e9 produkty, jej\u00ed podr\u00e1\u017ed\u011bn\u00ed probublalo.<\/p>\n<p>&#8222;Nev\u011b\u0159\u00edm obchodn\u00edk\u016fm, kdy\u017e \u0159\u00edkaj\u00ed, \u017ee ceny jsou mimo jejich kontrolu,&#8220; \u0159ekla.\u00a0&#8222;Mohou regulovat ceny a b\u00fdt ohledupln\u00ed k tomu, \u017ee proch\u00e1z\u00edme v\u00fdjime\u010dn\u00fdmi \u010dasy, co\u017e nen\u00ed n\u011bco, \u010deho by m\u011bli vyu\u017e\u00edvat.&#8220;<\/p>\n<p>Zachrastila seznam produkt\u016f, kter\u00e9 jsou nyn\u00ed nedostupn\u00e9: Balen\u00e1 voda, kter\u00e1 d\u0159\u00edve st\u00e1la 2 \u0161ekely (0,50 dolaru), je nyn\u00ed za 4 nebo 5 \u0161ekel\u016f (0,80\u20131 dolar).\u00a0Karton vajec m\u00e1 45 \u0161ekel\u016f (12 dolar\u016f).\u00a0Kilo soli, kter\u00e9 bylo d\u0159\u00edve 1 \u0161ekel, je nyn\u00ed 12 (3,20 $), zat\u00edmco cukr je 25 \u0161ekel\u016f (6,70 $).<\/p>\n<p>&#8222;Je to tak nespravedliv\u00e9,&#8220; \u0159ekl imm Abdullah.\u00a0\u201eU\u017e to nem\u016f\u017eu vydr\u017eet a n\u011bkter\u00e9 dny si jdu sednout k mo\u0159i a plakat, proto\u017ee nev\u00edm, jak u\u017eivit nebo u\u017eivit svou rodinu.\u00a0N\u011bkdy si p\u0159eji, abychom z\u016fstali v na\u0161em dom\u011b a nechali se bombardovat, m\u00edsto abychom pro\u0161li t\u00edmhle.&#8220;<\/p>\n<h2 id=\"billions-lost-due-to-blockade\">Miliardy ztracen\u00e9 kv\u016fli blok\u00e1d\u011b<\/h2>\n<p>Podle palestinsk\u00e9ho \u00fast\u0159edn\u00edho statistick\u00e9ho \u00fa\u0159adu\u00a0dos\u00e1hla\u00a0<a href=\"https:\/\/reliefweb.int\/report\/occupied-palestinian-territory\/al-mezan-warns-gaza-global-recession-and-financial-crisis-are-bringing-hundreds-thousands-palestinians-their-knees\" target=\"_blank\" rel=\"noopener\">m\u00edra chudoby v p\u00e1smu Gazy 53 procent, p\u0159i\u010dem\u017e jedna t\u0159etina (33,7 procenta) obyvatel Gazy \u017eije v extr\u00e9mn\u00ed chudob\u011b.<\/a><\/p>\n<p>P\u0159ibli\u017en\u011b 64 procent dom\u00e1cnost\u00ed v Gaze nem\u00e1 dostatek j\u00eddla a nezam\u011bstnanost dosahuje 47 procent, co\u017e je jedna z nejvy\u0161\u0161\u00edch hodnot na sv\u011bt\u011b.<\/p>\n<p>Podle Elhasana Bakra, ekonomick\u00e9ho analytika se s\u00eddlem v Gaze, vedlo naru\u0161en\u00ed cen k inflaci mezi 300 a 2000 procenty u r\u016fzn\u00fdch produkt\u016f.<\/p>\n<p>Je\u0161t\u011b p\u0159ed 7. \u0159\u00edjnem vedla 17let\u00e1 izraelsk\u00e1 blok\u00e1da pob\u0159e\u017en\u00ed enkl\u00e1vy ke ztr\u00e1t\u011b 35 miliard dolar\u016f pro palestinskou ekonomiku.<\/p>\n<p>&#8222;Posledn\u00ed izraelsk\u00e1 agrese byla dal\u0161\u00edm h\u0159eb\u00edkem do rakve ekonomiky Gazy,&#8220; \u0159ekl Bakr Al-D\u017eaz\u00ed\u0159e.\u00a0&#8222;P\u0159\u00edm\u00e1 ztr\u00e1ta soukrom\u00e9ho sektoru p\u0159es\u00e1hla 3 miliardy dolar\u016f, zat\u00edmco nep\u0159\u00edm\u00e9 ztr\u00e1ty jsou v\u00edce ne\u017e 1,5 miliardy dolar\u016f.&#8220;<\/p>\n<figure id=\"attachment_2522317\" class=\"wp-caption aligncenter\" style=\"width: 762px;\" aria-describedby=\"caption-attachment-2522317\"><img decoding=\"async\" loading=\"lazy\" class=\" wp-image-2522317\" src=\"https:\/\/www.aljazeera.com\/wp-content\/uploads\/2023\/11\/1E3A4848-1701256854.jpg?w=770&amp;resize=770%2C513&amp;quality=80\" alt=\"Elhasan Bakr, ekonomick\u00fd analytik z p\u00e1sma Gazy\" width=\"762\" height=\"508\" data-recalc-dims=\"1\" \/><figcaption id=\"caption-attachment-2522317\" class=\"wp-caption-text\"><em>Elhasan Bakr, ekonomick\u00fd analytik z p\u00e1sma Gazy [Abdelhakim Abu Riash\/Al Jazeera]<\/em><\/figcaption><\/figure>\n<p>Zem\u011bd\u011blsk\u00fd sektor, dodal, utrp\u011bl p\u0159\u00edmou ztr\u00e1tu 300 milion\u016f dolar\u016f.<\/p>\n<p>&#8222;To zahrnuje vyklu\u010den\u00ed a buldozac\u00ed plodn\u00fdch strom\u016f v zem\u011bd\u011blsk\u00fdch pozemc\u00edch na severu a v\u00fdchod\u011b u izraelsk\u00e9ho plotu, co\u017e znamen\u00e1, \u017ee bude trvat dal\u0161\u00edch n\u011bkolik let, ne\u017e farm\u00e1\u0159i sklid\u00ed to, co zasej\u00ed,&#8220; vysv\u011btlil.<\/p>\n<p>\u201eMluv\u00edme o \u00fapln\u00e9 paral\u00fdze ekonomick\u00e9 aktivity v Gaze.\u00a0V soukrom\u00e9m sektoru je 65 000 ekonomick\u00fdch za\u0159\u00edzen\u00ed \u2013 od zem\u011bd\u011blstv\u00ed a\u017e po odv\u011btv\u00ed slu\u017eeb \u2013, kter\u00e1 byla bu\u010f zni\u010dena, nebo p\u0159estala fungovat kv\u016fli v\u00e1lce.\u00a0To vedlo k obrovsk\u00e9 ztr\u00e1t\u011b pracovn\u00edch m\u00edst, co\u017e n\u00e1sledn\u011b vede k \u00fapln\u00e9mu nedostatku potravinov\u00e9 bezpe\u010dnosti.\u201c<\/p>\n<p>Krom\u011b toho mal\u00e9 mno\u017estv\u00ed pomoci, kter\u00e9 Izrael povolil vstoupit do Gazy, neposta\u010duje k pokryt\u00ed pot\u0159eb t\u00e9m\u011b\u0159 jednoho milionu vys\u00eddlen\u00fdch lid\u00ed, kte\u0159\u00ed z\u016fst\u00e1vaj\u00ed ve \u0161kol\u00e1ch OSN by\u0165 jen jeden den.<\/p>\n<p>\u201eOd 22. \u0159\u00edjna do 12. listopadu \u2013 za t\u011bch 20 dn\u00ed \u2013 vjelo do p\u00e1sma Gazy m\u00e9n\u011b ne\u017e 1100 kamion\u016f,\u201c \u0159ekl Bakr.\u00a0\u201eM\u00e9n\u011b ne\u017e 400 t\u011bchto kamion\u016f p\u0159ev\u00e1\u017eelo potravin\u00e1\u0159sk\u00e9 v\u00fdrobky.\u00a0Je pokryto sotva 10 procent pot\u0159eb potravin\u00e1\u0159sk\u00e9ho sektoru Gazy.\u00a0To zdaleka nesta\u010d\u00ed, zvl\u00e1\u0161t\u011b kdy\u017e vezmete v \u00favahu skute\u010dnost, \u017ee p\u0159ed 7. \u0159\u00edjnem denn\u011b vj\u00ed\u017ed\u011blo do Stripu nejm\u00e9n\u011b 500 kamion\u016f.\u201c<\/p>\n<p>P\u00e1smo Gazy, dodal, by pot\u0159ebovalo 1 000 a\u017e 1 500 kamion\u016f denn\u011b k pokryt\u00ed pot\u0159eb 2,3 milionu obyvatel.<\/p>\n<figure id=\"attachment_2522303\" class=\"wp-caption aligncenter\" style=\"width: 764px;\" aria-describedby=\"caption-attachment-2522303\"><img decoding=\"async\" loading=\"lazy\" class=\" wp-image-2522303\" src=\"https:\/\/www.aljazeera.com\/wp-content\/uploads\/2023\/11\/1E3A4889-1701256560.jpg?w=770&amp;resize=770%2C513&amp;quality=80\" alt=\"Mohammed Yasser Abu Amra (vlevo) dost\u00e1v\u00e1 pen\u00edze od nakupuj\u00edc\u00edho na trhu Deir al-Balah\" width=\"764\" height=\"509\" data-recalc-dims=\"1\" \/><figcaption id=\"caption-attachment-2522303\" class=\"wp-caption-text\"><em>Mohammed Yasser Abu Amra (vlevo) dost\u00e1v\u00e1 pen\u00edze od nakupuj\u00edc\u00edho na trhu Deir el-Balah [Abdelhakim Abu Riash\/Al Jazeera]<\/em><\/figcaption><\/figure>\n<h2 id=\"we-had-to-walk-past-dead-bodies-to-shop\">&#8222;Museli jsme proj\u00edt kolem mrtv\u00fdch t\u011bl, abychom nakupovali&#8220;<\/h2>\n<p>Na trhu Deir el-Balah stoj\u00ed Mohammed Yasser Abu Amra nad pytli s ko\u0159en\u00edm a obil\u00edm, kter\u00e9 prod\u00e1v\u00e1 ka\u017ed\u00fd den, kdy trv\u00e1 p\u0159\u00edm\u011b\u0159\u00ed.<\/p>\n<p>&#8222;V\u00e1lka ovlivnila v\u0161echno, od n\u00e1klad\u016f na dod\u00e1vky a\u017e po dod\u00e1vky,&#8220; \u0159ekl 28let\u00fd mu\u017e.\u00a0&#8222;A\u0165 u\u017e m\u00e1m cokoli, jakmile to bude hotov\u00e9, nebudu m\u00edt pen\u00edze na n\u00e1kup stejn\u00fdch produkt\u016f, proto\u017ee to bude dra\u017e\u0161\u00ed, tak\u017ee mi nezb\u00fdv\u00e1 nic jin\u00e9ho, \u200b\u200bne\u017e zv\u00fd\u0161it ceny, abych se dostal do rovnov\u00e1hy.&#8220;<\/p>\n<p>Hlavn\u00edm d\u016fvodem r\u016fstu cen je podle n\u011bj uzav\u0159en\u00ed hrani\u010dn\u00edch p\u0159echod\u016f, co\u017e vedlo k tomu, \u017ee velkoobchodn\u00edci prod\u00e1vaj\u00ed produkty obchodn\u00edk\u016fm za mnohem vy\u0161\u0161\u00ed ceny.<\/p>\n<p>&#8222;\u010co\u010dka b\u00fdvala 2 \u0161ekely (0,50 dolaru) za kilo a prod\u00e1vali jsme ji za 3 (0,80 dolaru),&#8220; \u0159ekl Abu Amra.\u00a0\u201eTe\u010f to koup\u00edme za 8 \u0161ekel\u016f (2 dolary) a prod\u00e1me za 10 (2,60 dolaru).<\/p>\n<p>Pytel fava fazol\u00ed b\u00fdval 70 \u0161ekel\u016f (18 dolar\u016f) a nyn\u00ed m\u00e1 cenu 150 \u0161ekel\u016f (40 dolar\u016f), dodal, zat\u00edmco d\u0159\u00edve m\u011bl pytel kuku\u0159i\u010dn\u00e9 mouky 90 \u0161ekel\u016f (19 dolar\u016f), ale nyn\u00ed je 120 \u0161ekel\u016f (32 dolar\u016f).\u00a0Soused Abu Amra, rovn\u011b\u017e obchodn\u00edk, p\u0159i\u0161el p\u0159i izraelsk\u00e9m \u00fatoku o sv\u016fj domov a sklad, co\u017e vedlo ke ztr\u00e1t\u011b produkce v hodnot\u011b 8 000 dolar\u016f.<\/p>\n<p>Dal\u0161\u00ed nakupuj\u00edc\u00ed, Imm Watan Muheisan, \u0159ekl nahlas \u2013 ke zlosti okoln\u00edch obchodn\u00edk\u016f \u2013 \u017ee sou\u010dasn\u00e9 ceny jsou \u201e\u0161\u00edlen\u00e9\u201c.<\/p>\n<p>\u201ePokud m\u00e1te 1000 \u0161ekel\u016f (270 dolar\u016f), m\u016f\u017eete si koupit jen hrst potravin,\u201c odsekla.\u00a0\u201eJedno kilo brambor je nyn\u00ed 25 \u0161ekel\u016f (6,70 dolaru), d\u0159\u00edve to byly t\u0159i kila za 5 \u0161ekel\u016f (1,70 dolaru).<\/p>\n<p>Matka sedmi d\u011bt\u00ed, kter\u00e1 p\u0159ed \u010dty\u0159mi t\u00fddny uprchla z domova v uprchlick\u00e9m t\u00e1bo\u0159e Shati (Pl\u00e1\u017e) v\u00fdchodn\u011b od m\u011bsta Gaza, se ukr\u00fdv\u00e1 ve \u0161kole OSN pro d\u00edvky v Deir el-Balah, kde, jak \u0159ekla, ona a jej\u00ed rodina sotva p\u0159e\u017e\u00edvaj\u00ed.<\/p>\n<p>&#8222;\u0160li jsme sem a museli jsme proj\u00edt kolem mrtv\u00fdch t\u011bl na ulici,&#8220; \u0159ekla.\u00a0&#8222;Na trh jsme nosili na\u0161e nejlep\u0161\u00ed oble\u010den\u00ed&#8230; nejsme tu, abychom \u017eebrali.&#8220;<\/p>\n<figure id=\"attachment_2522313\" class=\"wp-caption aligncenter\" style=\"width: 761px;\" aria-describedby=\"caption-attachment-2522313\"><img decoding=\"async\" loading=\"lazy\" class=\" wp-image-2522313\" src=\"https:\/\/www.aljazeera.com\/wp-content\/uploads\/2023\/11\/1E3A4992-1701256717.jpg?w=770&amp;resize=770%2C513&amp;quality=80\" alt=\"Imm Watan Muheisan\" width=\"761\" height=\"507\" data-recalc-dims=\"1\" \/><figcaption id=\"caption-attachment-2522313\" class=\"wp-caption-text\"><em>Imm Watan Muheisan ozna\u010dil sou\u010dasn\u00e9 ceny potravin\u00e1\u0159sk\u00fdch v\u00fdrobk\u016f za \u201e\u0161\u00edlen\u00e9\u201c [Abdelhakim Abu Riash\/Al Jazeera]<\/em><\/figcaption><\/figure>\n<h2 id=\"black-market-prices-take-over\">Ceny na \u010dern\u00e9m trhu p\u0159eb\u00edraj\u00ed roli<\/h2>\n<p>Ahmad Abulnaja, 18let\u00fd obchodn\u00edk, za\u010dal prod\u00e1vat oble\u010den\u00ed se sv\u00fdm star\u0161\u00edm bratrancem Alim na za\u010d\u00e1tku v\u00e1lky.\u00a0Souhlasil, \u017ee za zdra\u017eov\u00e1n\u00edm stoj\u00ed velkoobchodn\u00edci.<\/p>\n<p>\u201eTenk\u00e1\u0159sk\u00e1 souprava se d\u0159\u00edve prod\u00e1vala za 20 a\u017e 25 \u0161ekel\u016f (5,30 \u2013 6,70 dolaru), ale nyn\u00ed je to 45 (12 dolar\u016f),\u201c \u0159ekl.\u00a0&#8222;To znamen\u00e1, \u017ee obchodn\u00edk, od kter\u00e9ho m\u00e1m z\u00e1soby, zv\u00fd\u0161il cenu, proto\u017ee z\u00e1soby ub\u00fdvaj\u00ed.&#8220;<\/p>\n<p>R\u016fst cen je v\u00fdrazn\u011bj\u0161\u00ed u potravin\u00e1\u0159sk\u00fdch v\u00fdrobk\u016f ne\u017e u oble\u010den\u00ed, ale popt\u00e1vka po oble\u010den\u00ed je tak\u00e9 vysok\u00e1, proto\u017ee vys\u00eddlen\u00ed lid\u00e9 se s p\u0159\u00edchodem zimy sna\u017e\u00ed koupit tepl\u00e9 oble\u010den\u00ed. Byli nuceni opustit sv\u00e9 domovy v severn\u00ed Gaze, ani\u017e by p\u0159inesli sv\u016fj majetek.<\/p>\n<p>Abulnaj\u016fv bratranec Ali \u0159ekl, \u017ee v\u011b\u0159\u00ed, \u017ee neform\u00e1ln\u00ed ceny budou existovat po dlouhou dobu, proto\u017ee rozsah ni\u010den\u00ed v Gaze je tak obrovsk\u00fd a popt\u00e1vka po produktech nevykazuje \u017e\u00e1dn\u00e9 zn\u00e1mky poklesu.<\/p>\n<p>&#8222;Chv\u00edli potrv\u00e1, ne\u017e budeme m\u00edt \u0159e\u0161en\u00ed,&#8220; \u0159ekl.\u00a0&#8222;I kdy\u017e do p\u00e1sma Gazy vstoup\u00ed v\u00edce produkt\u016f, nic nebr\u00e1n\u00ed jednomu obchodn\u00edkovi prod\u00e1vat produkt za cenu, kterou si stanov\u00ed, zvl\u00e1\u0161t\u011b kdy\u017e je severn\u00ed Gaza od\u0159\u00edznuta od zbytku p\u00e1sma.&#8220;<\/p>\n<p>Je tu tak\u00e9 probl\u00e9m nedostatku kompenzac\u00ed pro podniky, \u0159ekl ekonomick\u00fd analytik Elhasan Bakr.\u00a0Pouk\u00e1zal na skute\u010dnost, \u017ee po p\u0159edchoz\u00edch izraelsk\u00fdch v\u00e1lk\u00e1ch v enkl\u00e1v\u011b se d\u00e1rcovsk\u00e1 pomoc soust\u0159edila sp\u00ed\u0161e na p\u0159estavbu bytov\u00fdch jednotek ne\u017e na podporu ekonomiky.<\/p>\n<p>Podle odhad\u016f OSN zp\u016fsobily posledn\u00ed \u010dty\u0159i izraelsk\u00e9 ofenzivy na P\u00e1smu v letech 2009 a\u017e 2021 \u0161kody odhadovan\u00e9 na 5 miliard dolar\u016f, ale \u017e\u00e1dn\u00e1 ze \u0161kod ve v\u00e1lk\u00e1ch v letech 2014 a 2021 nebyla napravena.<\/p>\n<figure id=\"attachment_2522323\" class=\"wp-caption aligncenter\" style=\"width: 768px;\" aria-describedby=\"caption-attachment-2522323\"><img decoding=\"async\" loading=\"lazy\" class=\" wp-image-2522323\" src=\"https:\/\/www.aljazeera.com\/wp-content\/uploads\/2023\/11\/1E3A4915-1701256999.jpg?w=770&amp;resize=770%2C513&amp;quality=80\" alt=\"Ali Abulnaja prod\u00e1v\u00e1 oble\u010den\u00ed ve st\u00e1nku na tr\u017ei\u0161ti Deir al-Balah\" width=\"768\" height=\"512\" data-recalc-dims=\"1\" \/><figcaption id=\"caption-attachment-2522323\" class=\"wp-caption-text\"><em>Ali Abulnaja prod\u00e1v\u00e1 oble\u010den\u00ed ve st\u00e1nku na tr\u017ei\u0161ti Deir el-Balah [Abdelhakim Abu Riash\/Al Jazeera]<\/em><\/figcaption><\/figure>\n<p>&#8222;Mluv\u00edme o devastaci z\u00e1kladn\u00ed infrastruktury, kter\u00e1 by pot\u0159ebovala m\u011bs\u00edce na obnovu, od silnic p\u0159es komunika\u010dn\u00ed v\u011b\u017ee a\u017e po elektrick\u00e9 instalace a sanit\u00e1rn\u00ed p\u0159\u00edstavby,&#8220; \u0159ekl Bakr.<\/p>\n<p>Ale do t\u00e9 doby se palestinsk\u00e1 ekonomika nevzpamatuje, pokud se nevyvine obrovsk\u00e9 mezin\u00e1rodn\u00ed \u00fasil\u00ed o pomoc, a \u00farove\u0148 chudoby a nezam\u011bstnanosti dos\u00e1hne nov\u00fdch rekordn\u00edch hodnot.<\/p>\n<p>&#8222;V sou\u010dasn\u00e9 f\u00e1zi je Gaza neobyvateln\u00e1,&#8220; \u0159ekl Bakr a dodal, \u017ee v\u00edce ne\u017e 300 000 lid\u00ed p\u0159i\u0161lo o sv\u00e9 domovy.<\/p>\n<p>&#8222;Pot\u0159ebujeme minim\u00e1ln\u011b p\u011bt let, abychom se vr\u00e1tili tam, kde jsme byli p\u0159ed za\u010d\u00e1tkem v\u00e1lky.&#8220;<\/p>\n<p><span class=\"article-by\">Od\u00a0\u00a0<\/span><span class=\"article-author-name-item\"><a class=\"author-link\" href=\"https:\/\/www.aljazeera.com\/author\/linah_alsaafin_201132213274530720\">Linah Alsaafin\u00a0<\/a>\u00a0a\u00a0\u00a0<\/span><span class=\"article-author-name-item\"><a class=\"author-link\" href=\"https:\/\/www.aljazeera.com\/author\/maram_humaid_180330170649742\">Maram Humaid<\/a><\/span><\/p>\n<p>&nbsp;<\/p>\n<p><a href=\"https:\/\/stranapro.cz\/\"><img decoding=\"async\" loading=\"lazy\" class=\"wp-image-40286 aligncenter\" src=\"http:\/\/www.infokuryr.cz\/n\/wp-content\/uploads\/2023\/11\/12pro-300x87.png\" alt=\"\" width=\"1028\" height=\"298\" srcset=\"https:\/\/www.infokuryr.cz\/n\/wp-content\/uploads\/2023\/11\/12pro-300x87.png 300w, https:\/\/www.infokuryr.cz\/n\/wp-content\/uploads\/2023\/11\/12pro.png 366w\" sizes=\"(max-width: 1028px) 100vw, 1028px\" \/><\/a><\/p>\n<p>&nbsp;<\/p>\n<p>&nbsp;<\/p>\n<p>&nbsp;<\/p>\n","protected":false},"excerpt":{"rendered":"<p>Lid\u00e9 doufaj\u00edc\u00ed, \u017ee si b\u011bhem pauzy v izraelsk\u00e9m bombardov\u00e1n\u00ed koup\u00ed z\u00e1kladn\u00ed v\u011bci, jako je j\u00eddlo,&#8230;<\/p>\n","protected":false},"author":2,"featured_media":41389,"comment_status":"closed","ping_status":"closed","sticky":false,"template":"","format":"standard","meta":[],"categories":[7],"tags":[1907,348,750,3080],"_links":{"self":[{"href":"https:\/\/www.infokuryr.cz\/n\/wp-json\/wp\/v2\/posts\/41388"}],"collection":[{"href":"https:\/\/www.infokuryr.cz\/n\/wp-json\/wp\/v2\/posts"}],"about":[{"href":"https:\/\/www.infokuryr.cz\/n\/wp-json\/wp\/v2\/types\/post"}],"author":[{"embeddable":true,"href":"https:\/\/www.infokuryr.cz\/n\/wp-json\/wp\/v2\/users\/2"}],"replies":[{"embeddable":true,"href":"https:\/\/www.infokuryr.cz\/n\/wp-json\/wp\/v2\/comments?post=41388"}],"version-history":[{"count":1,"href":"https:\/\/www.infokuryr.cz\/n\/wp-json\/wp\/v2\/posts\/41388\/revisions"}],"predecessor-version":[{"id":41390,"href":"https:\/\/www.infokuryr.cz\/n\/wp-json\/wp\/v2\/posts\/41388\/revisions\/41390"}],"wp:featuredmedia":[{"embeddable":true,"href":"https:\/\/www.infokuryr.cz\/n\/wp-json\/wp\/v2\/media\/41389"}],"wp:attachment":[{"href":"https:\/\/www.infokuryr.cz\/n\/wp-json\/wp\/v2\/media?parent=41388"}],"wp:term":[{"taxonomy":"category","embeddable":true,"href":"https:\/\/www.infokuryr.cz\/n\/wp-json\/wp\/v2\/categories?post=41388"},{"taxonomy":"post_tag","embeddable":true,"href":"https:\/\/www.infokuryr.cz\/n\/wp-json\/wp\/v2\/tags?post=41388"}],"curies":[{"name":"wp","href":"https:\/\/api.w.org\/{rel}","templated":true}]}}