{"id":41331,"date":"2023-11-30T01:15:44","date_gmt":"2023-11-30T00:15:44","guid":{"rendered":"http:\/\/www.infokuryr.cz\/n\/?p=41331"},"modified":"2023-11-29T16:50:39","modified_gmt":"2023-11-29T15:50:39","slug":"soud-eu-schvalil-zakaz-noseni-satku","status":"publish","type":"post","link":"https:\/\/www.infokuryr.cz\/n\/2023\/11\/30\/soud-eu-schvalil-zakaz-noseni-satku\/","title":{"rendered":"Soud EU schv\u00e1lil z\u00e1kaz no\u0161en\u00ed \u0161\u00e1tk\u016f"},"content":{"rendered":"<div id=\"fb-root\"><\/div>\n<p><span style=\"font-size: 18pt;\"><strong>Vl\u00e1dn\u00ed \u00fa\u0159ady mohou zak\u00e1zat n\u00e1bo\u017eensk\u00e9 oble\u010den\u00ed, pokud je tato politika prosazov\u00e1na stejn\u011b, rozhodl Evropsk\u00fd soudn\u00ed dv\u016fr<\/strong><\/span><\/p>\n<p><span>Nejvy\u0161\u0161\u00ed soud EU rozhodl, \u017ee vl\u00e1dn\u00ed zam\u011bstnavatel\u00e9 mohou zak\u00e1zat no\u0161en\u00ed n\u00e1bo\u017eensk\u00e9ho od\u011bvu v z\u00e1jmu zachov\u00e1n\u00ed\u00a0<\/span><em><span>\u201ezcela neutr\u00e1ln\u00edho administrativn\u00edho prost\u0159ed\u00ed\u201c.\u00a0<\/span><\/em><span>Rozhodnut\u00ed p\u0159i\u0161lo pot\u00e9, co muslimsk\u00e1 \u017eena za\u017ealovala sv\u00e9ho obecn\u00edho zam\u011bstnavatele v Belgii za to, \u017ee j\u00ed \u0159ekl, aby si v pr\u00e1ci sundala hid\u017e\u00e1b.<\/span><\/p>\n<p><span>V \u00fater\u00fd zve\u0159ejn\u011bn\u00e9 rozhodnut\u00ed Evropsk\u00e9ho soudn\u00edho dvora (ESD) stanov\u00ed, \u017ee z\u00e1kazy zjevn\u00e9ho no\u0161en\u00ed n\u00e1bo\u017eensk\u00e9ho od\u011bvu jsou leg\u00e1ln\u00ed, pokud se vztahuj\u00ed na zam\u011bstnance v\u0161ech vyzn\u00e1n\u00ed, a \u017ee jejich vym\u00e1h\u00e1n\u00ed je omezeno na to, \u201eco je nezbytn\u011b nutn\u00e9\u201c\u00a0<\/span><em><span>.<\/span><\/em><span>\u00a0udr\u017eet atmosf\u00e9ru neutrality.<\/span><\/p>\n<p><span>Soud dodal, \u017ee st\u00e1tn\u00ed \u00fa\u0159ady maj\u00ed tak\u00e9 pr\u00e1vo povolit pracovn\u00edk\u016fm nosit symboly n\u00e1bo\u017eensk\u00e9ho nebo politick\u00e9ho p\u0159esv\u011bd\u010den\u00ed, pokud jejich z\u00e1sady obl\u00e9k\u00e1n\u00ed jsou uplat\u0148ov\u00e1ny bez rozd\u00edlu.<\/span><\/p>\n<p><span>Rozhodnut\u00ed se vztahuje pouze na pracovn\u00edky v z\u00e1kulis\u00ed nebo na ty, kte\u0159\u00ed b\u011b\u017en\u011b nep\u0159ich\u00e1zej\u00ed do styku s ve\u0159ejnost\u00ed.\u00a0V roce 2021 stejn\u00fd soud rozhodl, \u017ee \u017eeny v rol\u00edch p\u0159ed ve\u0159ejnost\u00ed mohou b\u00fdt vyhozeny za to, \u017ee si odm\u00edtly sundat \u0161\u00e1tek.<\/span><\/p>\n<p><a href=\"https:\/\/stranapro.cz\/\"><img decoding=\"async\" loading=\"lazy\" class=\"wp-image-40285 aligncenter\" src=\"http:\/\/www.infokuryr.cz\/n\/wp-content\/uploads\/2023\/11\/11pro-300x79.png\" alt=\"\" width=\"528\" height=\"139\" srcset=\"https:\/\/www.infokuryr.cz\/n\/wp-content\/uploads\/2023\/11\/11pro-300x79.png 300w, https:\/\/www.infokuryr.cz\/n\/wp-content\/uploads\/2023\/11\/11pro.png 363w\" sizes=\"(max-width: 528px) 100vw, 528px\" \/><\/a><\/p>\n<p><span>Nejnov\u011bj\u0161\u00ed p\u0159\u00edpad byl p\u0159edlo\u017een Evropsk\u00e9mu soudn\u00edmu dvoru pot\u00e9, co bylo muslimsk\u00e9 \u017een\u011b pracuj\u00edc\u00ed na m\u00edstn\u00edm \u00fa\u0159ad\u011b v belgick\u00e9m m\u011bst\u011b Ans sd\u011bleno, \u017ee v pr\u00e1ci nem\u016f\u017ee nosit hid\u017e\u00e1b, i kdy\u017e jej\u00ed postaven\u00ed z\u0159\u00eddka zahrnuje interakci s ve\u0159ejnost\u00ed.\u00a0Zah\u00e1jila pr\u00e1vn\u00ed n\u00e1mitku proti magistr\u00e1tu s t\u00edm, \u017ee jsou tolerov\u00e1ny\u00a0<\/span><em><span>\u201ediskr\u00e9tn\u00ed znaky p\u0159esv\u011bd\u010den\u00ed\u201c,<\/span><\/em><span>\u00a0jako jsou krucifixov\u00e9 n\u00e1u\u0161nice.<\/span><\/p>\n<p><span>P\u0159\u00edpad se dostal k pracovn\u00edmu soudu ve m\u011bst\u011b Lutych, ne\u017e se dostal k lucembursk\u00e9mu ESD.\u00a0Loni soud vydal\u00a0<\/span><a href=\"https:\/\/swentr.site\/news\/564680-eu-justice-court-hijab-ban\/\" target=\"_blank\" rel=\"noopener noreferrer\"><span>podobn\u00e9 rozhodnut\u00ed<\/span><\/a><span>\u00a0t\u00fdkaj\u00edc\u00ed se soukrom\u00fdch spole\u010dnost\u00ed v p\u0159\u00edpadu, kter\u00fd podal tak\u00e9 belgick\u00fd muslim.<\/span><\/p>\n<p><span>Ot\u00e1zka povolen\u00ed isl\u00e1msk\u00e9ho oble\u010den\u00ed na pracovi\u0161ti je v Evrop\u011b ji\u017e l\u00e9ta sporn\u00e1 jako sou\u010d\u00e1st \u0161ir\u0161\u00ed debaty o muslimsk\u00e9 integraci do tradi\u010dn\u011b k\u0159es\u0165ansk\u00fdch spole\u010dnost\u00ed.\u00a0<\/span><\/p>\n<p><span>Ve Francii, kter\u00e1 je domovem nejv\u011bt\u0161\u00ed muslimsk\u00e9 populace v EU, \u00fastava na\u0159izuje p\u0159\u00edsn\u00e9 odd\u011blen\u00ed vl\u00e1dy a n\u00e1bo\u017eenstv\u00ed.\u00a0V roce 2004 zem\u011b zak\u00e1zala no\u0161en\u00ed v\u0161ech isl\u00e1msk\u00fdch pokr\u00fdvek hlavy ve \u0161kol\u00e1ch, po tomto rozhodnut\u00ed se z\u00e1kazem celoobli\u010dejov\u00fdch pokr\u00fdvek, jako je nik\u00e1b a burka, na ve\u0159ejn\u00fdch m\u00edstech v roce 2010.<\/span><\/p>\n<p><span>Od t\u00e9 doby byly podobn\u00e9 z\u00e1kony p\u0159ijaty mimo jin\u00e9 v Belgii, D\u00e1nsku, Rakousku, Nizozemsku, n\u011bkolika st\u00e1tech v N\u011bmecku, It\u00e1lii, \u0160pan\u011blsku a \u0160v\u00fdcarsku.<\/span><\/p>\n<p><img decoding=\"async\" loading=\"lazy\" class=\"alignnone size-full wp-image-1185\" src=\"http:\/\/www.infokuryr.cz\/n\/wp-content\/uploads\/2021\/04\/kuryr-podpis.png\" alt=\"\" width=\"84\" height=\"24\" \/><\/p>\n<p>&nbsp;<\/p>\n<p>&nbsp;<\/p>\n","protected":false},"excerpt":{"rendered":"<p>Vl\u00e1dn\u00ed \u00fa\u0159ady mohou zak\u00e1zat n\u00e1bo\u017eensk\u00e9 oble\u010den\u00ed, pokud je tato politika prosazov\u00e1na stejn\u011b, rozhodl Evropsk\u00fd soudn\u00ed&#8230;<\/p>\n","protected":false},"author":2,"featured_media":41332,"comment_status":"closed","ping_status":"closed","sticky":false,"template":"","format":"standard","meta":[],"categories":[7],"tags":[41,2518,324,720],"_links":{"self":[{"href":"https:\/\/www.infokuryr.cz\/n\/wp-json\/wp\/v2\/posts\/41331"}],"collection":[{"href":"https:\/\/www.infokuryr.cz\/n\/wp-json\/wp\/v2\/posts"}],"about":[{"href":"https:\/\/www.infokuryr.cz\/n\/wp-json\/wp\/v2\/types\/post"}],"author":[{"embeddable":true,"href":"https:\/\/www.infokuryr.cz\/n\/wp-json\/wp\/v2\/users\/2"}],"replies":[{"embeddable":true,"href":"https:\/\/www.infokuryr.cz\/n\/wp-json\/wp\/v2\/comments?post=41331"}],"version-history":[{"count":0,"href":"https:\/\/www.infokuryr.cz\/n\/wp-json\/wp\/v2\/posts\/41331\/revisions"}],"wp:featuredmedia":[{"embeddable":true,"href":"https:\/\/www.infokuryr.cz\/n\/wp-json\/wp\/v2\/media\/41332"}],"wp:attachment":[{"href":"https:\/\/www.infokuryr.cz\/n\/wp-json\/wp\/v2\/media?parent=41331"}],"wp:term":[{"taxonomy":"category","embeddable":true,"href":"https:\/\/www.infokuryr.cz\/n\/wp-json\/wp\/v2\/categories?post=41331"},{"taxonomy":"post_tag","embeddable":true,"href":"https:\/\/www.infokuryr.cz\/n\/wp-json\/wp\/v2\/tags?post=41331"}],"curies":[{"name":"wp","href":"https:\/\/api.w.org\/{rel}","templated":true}]}}