{"id":41288,"date":"2023-11-29T06:05:29","date_gmt":"2023-11-29T05:05:29","guid":{"rendered":"http:\/\/www.infokuryr.cz\/n\/?p=41288"},"modified":"2023-11-29T06:05:29","modified_gmt":"2023-11-29T05:05:29","slug":"michael-svatos-panika-v-kyjeve-ruske-obrnene-kolony-se-vcera-vecer-daly-do-pohybu-necekanym-smerem","status":"publish","type":"post","link":"https:\/\/www.infokuryr.cz\/n\/2023\/11\/29\/michael-svatos-panika-v-kyjeve-ruske-obrnene-kolony-se-vcera-vecer-daly-do-pohybu-necekanym-smerem\/","title":{"rendered":"Michael Svato\u0161: Panika v Kyjev\u011b! Rusk\u00e9 obrn\u011bn\u00e9 kolony se v\u010dera ve\u010der daly do pohybu ne\u010dekan\u00fdm sm\u011brem!"},"content":{"rendered":"<div id=\"fb-root\"><\/div>\n<p><span style=\"font-size: 18pt;\"><strong>Rusk\u00e9 obrn\u011bn\u00e9 kolony se v\u010dera ve\u010der daly do pohybu ne\u010dekan\u00fdm sm\u011brem! \u010clen nejvy\u0161\u0161\u00edho veden\u00ed prezidentsk\u00e9 kancel\u00e1\u0159e Ukrajiny Le\u0161\u010denko v\u010dera p\u0159iznal obrovsk\u00e9, a\u017e 98% ztr\u00e1ty ukrajinsk\u00e9 arm\u00e1dy na \u017eiv\u00e9 s\u00edle!<\/strong><\/span><\/p>\n<p>Rusko jasn\u011b v\u00edt\u011bz\u00ed a je si toho v\u011bdomo! Ministr Lavrov v\u010dera kategoricky odm\u00edtl n\u00e1vrh Washingtonu na zah\u00e1jen\u00ed m\u00edrov\u00fdch rozhovor\u016f o Ukrajin\u011b,\u00a0<a href=\"https:\/\/kyivindependent.com\/francis-farrell-failing-to-empower-ukraines-victory-the-west-makes-possible-its-defeat\/\">kter\u00fd i tak vyvolal v Kyjev\u011b naprost\u00e9 zd\u011b\u0161en\u00ed<\/a>. Zd\u00e1 se tak, \u017ee letn\u00ed v\u00e1le\u010dn\u00e1 katastrofa vojsk Kyjevsk\u00e9 Soldatesky v z\u00e1poro\u017esk\u00fdch step\u00edch Putina jen d\u00e1le utvrdila v jeho p\u0159esv\u011bd\u010den\u00ed, \u017ee jedin\u00fdm mo\u017en\u00fdm m\u00edrov\u00fdm \u0159e\u0161en\u00edm ukrajinsk\u00e9ho konfliktu bude bezpodm\u00edne\u010dn\u00e1 kapitulace Zelensk\u00e9ho banderovc\u016f podle vzoru bezpodm\u00edne\u010dn\u00e9 kapitulace Hitlerov\u00fdch nacist\u016f. A zd\u00e1 se, \u017ee posledn\u00ed ud\u00e1losti d\u00e1vaj\u00ed Putinovi za pravdu.<\/p>\n<div id=\"attachment_7011\" class=\"wp-caption aligncenter\" style=\"width: 628px;\"><img decoding=\"async\" loading=\"lazy\" class=\" wp-image-7011\" src=\"https:\/\/www.michalapetr.com\/wp-content\/uploads\/2023\/11\/%D0%A1%D0%B5%D1%80%D0%B3%D0%B5%D0%B9_%D0%9B%D0%B5%D1%89%D0%B5%D0%BD%D0%BA%D0%BE.jpg\" sizes=\"(max-width: 338px) 100vw, 338px\" srcset=\"https:\/\/www.michalapetr.com\/wp-content\/uploads\/2023\/11\/\u0421\u0435\u0440\u0433\u0435\u0439_\u041b\u0435\u0449\u0435\u043d\u043a\u043e.jpg 338w, https:\/\/www.michalapetr.com\/wp-content\/uploads\/2023\/11\/\u0421\u0435\u0440\u0433\u0435\u0439_\u041b\u0435\u0449\u0435\u043d\u043a\u043e-300x240.jpg 300w\" alt=\"\" width=\"628\" height=\"501\" aria-describedby=\"caption-attachment-7011\" \/><\/p>\n<p id=\"caption-attachment-7011\" class=\"wp-caption-text\"><em>Sergej Le\u0161\u010denko z kancel\u00e1\u0159e prezidenta Ukrajiny v\u010dera 28.11. v televizi p\u0159iznal obrovsk\u00e9 98% ztr\u00e1ty Arm\u00e1dy Ukrajiny na \u017eiv\u00e9 s\u00edle!<\/em><\/p>\n<\/div>\n<p>V\u010dera ve\u010der, Sergej Le\u0161\u010denko, poradce \u0159editele kancel\u00e1\u0159e prezidenta Zelensk\u00e9ho<a href=\"https:\/\/antikor.com.ua\/ru\/articles\/668740-srednij_vozrast_soldat_v_brigadah_vsu_sostavljaet_54_goda_-_leshchenko\">\u00a0\u0161okoval ukrajinskou ve\u0159ejnost<\/a>, kdy\u017e v televizn\u00edm vystoupen\u00ed poprv\u00e9 ofici\u00e1ln\u011b p\u0159iznal obrovsk\u00e9 ztr\u00e1ty, kter\u00e9 Ukrajinsk\u00e1 arm\u00e1da v posledn\u00edch m\u011bs\u00edc\u00edch utrp\u011bla. Podle Le\u0161\u010denka frontov\u00e9 roty vojsk Soldatesky, kter\u00e9 z posledn\u00edch sil odr\u00e1\u017eej\u00ed st\u00e1le siln\u011bj\u0161\u00ed rusk\u00e9 \u00fatoky, u\u017e \u010dasto tvo\u0159\u00ed jen posledn\u00ed 3 voj\u00e1ci, m\u00edsto obvykl\u00fdch 110 voj\u00e1k\u016f, se kter\u00fdmi boje v l\u00e9t\u011b zah\u00e1jily. Podle Le\u0161\u010denka je pr\u016fm\u011brn\u00fd v\u011bk voj\u00e1k\u016f Soldatesky 54 let, a s t\u011bmito starci nen\u00ed v \u017e\u00e1dn\u00e9m p\u0159\u00edpad\u011b mo\u017en\u00e9 v\u00e9st jak\u00e9koli n\u00e1ro\u010dn\u00e9 \u00fato\u010dn\u00e9 nebo obrann\u00e9 bojov\u00e9 operace s vyhl\u00eddkou na \u00fasp\u011bch! Podle Le\u0161\u010denka je nutn\u00e1 okam\u017eit\u00e1 v\u00fdm\u011bna vybit\u00fdch frontov\u00fdch brig\u00e1d za \u010derstv\u00e9 jednotky. Kde je Kyjev vezme, Le\u0161e\u010denko ne\u0159ekl.<\/p>\n<div id=\"attachment_7010\" class=\"wp-caption aligncenter\" style=\"width: 732px;\"><img decoding=\"async\" loading=\"lazy\" class=\" wp-image-7010\" src=\"https:\/\/www.michalapetr.com\/wp-content\/uploads\/2023\/11\/4e0e8122c475aa31.jpg\" sizes=\"(max-width: 468px) 100vw, 468px\" srcset=\"https:\/\/www.michalapetr.com\/wp-content\/uploads\/2023\/11\/4e0e8122c475aa31.jpg 468w, https:\/\/www.michalapetr.com\/wp-content\/uploads\/2023\/11\/4e0e8122c475aa31-300x169.jpg 300w, https:\/\/www.michalapetr.com\/wp-content\/uploads\/2023\/11\/4e0e8122c475aa31-450x253.jpg 450w\" alt=\"\" width=\"732\" height=\"411\" aria-describedby=\"caption-attachment-7010\" \/><\/p>\n<p id=\"caption-attachment-7010\" class=\"wp-caption-text\"><em>Komisa\u0159 Volodymyr Artyukh obvinil 17. listopadu politiky v gubernii Sumy, \u017ee zradili Ukrajinu a dod\u00e1vaj\u00ed jen 8% po\u017eadovan\u00fdch voj\u00e1k\u016f!<\/em><\/p>\n<\/div>\n<p>Ukrajinsk\u00e1 tajn\u00e1 slu\u017eba USB mezi t\u00edm obvinila \u010deln\u00e9 politiky z nejv\u00fdchodn\u011bj\u0161\u00ed neokupovan\u00e9 \u010d\u00e1sti Ukrajiny, ze\u00a0<a href=\"https:\/\/cs.wikipedia.org\/wiki\/Sumsk%C3%A1_oblast\">Sumsk\u00e9 oblasti<\/a>, kde \u017eije 1 milion Ukrajinc\u016f, a 0.1 milionu Rus\u016f, a kter\u00e1 hrani\u010d\u00ed s Ruskem i B\u011bloruskem, ze sabot\u00e1\u017e\u00ed a zrady,\u00a0<a href=\"http:\/\/dancor.sumy.ua\/news\/newsline\/475533\">proto\u017ee Sumsk\u00e1 oblast pln\u00ed mobiliza\u010dn\u00ed kv\u00f3ty jen na 8%<\/a>! Obdobn\u011b byla v l\u00e9t\u011b obvin\u011bna Poltavsk\u00e1 oblast, (<a href=\"https:\/\/cs.wikipedia.org\/wiki\/Poltavsk%C3%A1_oblast\">1.4 milionu obyvatel, 91% Ukrajinci, 7% Rusov\u00e9<\/a>), kter\u00e1 plnila mobiliza\u010dn\u00ed kv\u00f3ty jen na 13%! Jedin\u00e1 oblast, kter\u00e1 kv\u00f3ty pln\u00ed je Lvov u polsk\u00fdch hranic, 105%. Mariana Zaugl\u00e1, zn\u00e1m\u00e1 jako d\u016fv\u011brn\u00e1 politick\u00e1 spojenkyn\u011b prezidenta Zelensk\u00e9ho, a \u010dlenka mocn\u00e9ho v\u00e1le\u010dn\u00e9ho v\u00fdboru parlamentu Ukrajiny, kter\u00e1 se proslavila loni na\u0159\u00edzen\u00edm sebevra\u017eedn\u00fdch Banzaj \u00fatok\u016f, kter\u00e9 m\u011bly za c\u00edl odvr\u00e1tit por\u00e1\u017eku vojsk Soldatesky u m\u011bsta Lysi\u010dansk, minul\u00fd t\u00fdden p\u0159iznala, \u017ee gener\u00e1l Zalu\u017enyj trv\u00e1 na tom, \u017ee bezpodm\u00edne\u010dn\u011b pot\u0159ebuje dost\u00e1vat na udr\u017een\u00ed tempa sv\u00fdch vojensk\u00fdch operac\u00ed ka\u017edom\u011bs\u00ed\u010dn\u00ed z\u00e1silku nejm\u00e9n\u011b 20 000 \u010derstv\u00fdch du\u0161\u00ed, aby nahradil ty du\u0161e, kter\u00e9 mu Putin pravideln\u011b pos\u00edl\u00e1 do nebe.<\/p>\n<p><a href=\"https:\/\/stranapro.cz\/\"><img decoding=\"async\" loading=\"lazy\" class=\"wp-image-40285 aligncenter\" src=\"http:\/\/www.infokuryr.cz\/n\/wp-content\/uploads\/2023\/11\/11pro-300x79.png\" alt=\"\" width=\"691\" height=\"182\" srcset=\"https:\/\/www.infokuryr.cz\/n\/wp-content\/uploads\/2023\/11\/11pro-300x79.png 300w, https:\/\/www.infokuryr.cz\/n\/wp-content\/uploads\/2023\/11\/11pro.png 363w\" sizes=\"(max-width: 691px) 100vw, 691px\" \/><\/a><\/p>\n<p>V\u010dera ve\u010der za\u010dal ze svobodn\u00e9ho z\u00e1padn\u00edho b\u0159ehu Dn\u011bpru vyk\u0159ikovat\u00a0<em>Petro Andryushchenko,<\/em>\u00a0sv\u011btu zn\u00e1m\u00fd jako uprchl\u00fd poradce ukrajinsk\u00e9ho starosty Mariupolu.\u00a0<a href=\"https:\/\/24tv.ua\/mariupol-sogodni-yakiy-napryamok-rosiyani-perekidayut-veliki_n2441346\"><em>Andryushchenko\u00a0<\/em>varoval,<\/a>\u00a0\u017ee ukrajin\u0161t\u00ed partyz\u00e1ni, kter\u00fdmi se to pr\u00fd v okol\u00ed Mariupolu jenom hem\u017e\u00ed, mu hl\u00e1sili,\u00a0<em>\u017ee m\u011bstem za\u010daly v doprovodu rusk\u00e9 policie proj\u00ed\u017ed\u011bt neobvykle obrovsk\u00e9 obrn\u011bn\u00e9 kolony rusk\u00fdch vojsk, a ty kolony, \u017ee m\u00ed\u0159\u00ed ze Z\u00e1padu na V\u00fdchod, a ne z V\u00fdchodu na Z\u00e1pad, jak by m\u011bly<\/em>! Podle\u00a0<em>Andryushchenka,\u00a0<\/em>pohyb rusk\u00fdch kolon t\u00edmto sm\u011brem znamen\u00e1, \u017ee ukrajinsk\u00e1 ofenz\u00edva p\u0159es Dn\u011bpr a v Z\u00e1poro\u017e\u00ed definitivn\u011b zkrachovala, a Putin se rozhodl p\u0159esunout sv\u00e9 nevyu\u017e\u00edvan\u00e9 z\u00e1lohy z tohoto boji\u0161t\u011b, a za\u00fato\u010dit s nimi sm\u011brem od Bachmutu! Od Bachmutu se d\u00e1 \u00fato\u010dit pouze na Slavjansk, do t\u00fdlu Seversk\u00e9 skupiny vojsk Ukrajiny, a nebo ze severu do t\u00fdlu Avdijivsk\u00e9ho uskupen\u00ed. V obou p\u0159\u00edpadech hroz\u00ed obkl\u00ed\u010den\u00ed 10 000 voj\u00e1k\u016f soldatesky, a ztr\u00e1ty v\u00fdznamn\u00fdch m\u011bst!\u00a0<em>Andryushchenko\u00a0<\/em>tak\u00e9 p\u0159iznal, \u017ee v\u0161ichni ukrajin\u0161t\u00ed partyz\u00e1ni na v\u00fdchodn\u00edm b\u0159ehu Dn\u011bpru jsou nemohouc\u00ed b\u0159\u00eddilov\u00e9, a \u017ee Putinovi se tak v ka\u017ed\u00e9m p\u0159\u00edpad\u011b nejpozd\u011bji na ja\u0159e poda\u0159\u00ed dokon\u010dit stavbu nov\u00e9 \u017eeleznice z Ruska pod\u00e9l pob\u0159e\u017e\u00ed Azovsk\u00e9ho mo\u0159e a\u017e na Krym, a t\u00edm v\u0161echny \u00fatoky na Krymsk\u00fd most ztrat\u00ed sv\u00e9 opodstatn\u011bn\u00ed. Podle\u00a0<em>Andryushchenka,\u00a0<\/em>je u\u017e Putinova nov\u00e1 \u017eeleznice dostav\u011bna a\u017e do Mariupolu, a jej\u00ed dne\u0161n\u00ed zprovozn\u011bn\u00ed, tak umo\u017en\u00ed Rus\u016fm p\u0159isunovat dal\u0161\u00ed munici a materi\u00e1l, a \u00fato\u010dit u Bachmutu je\u0161t\u011b zu\u0159iv\u011bji, \u010di dokonce podniknout i ofenz\u00edvu!<\/p>\n<p><a href=\"https:\/\/www.michalapetr.com\/map-1844-panika-v-kyjeve-ruske-obrnene-kolony-se-vcera-vecer-daly-do-pohybu-necekanym-smerem-clen-nejvyssiho-vedeni-prezidentske-kancelare-ukrajiny-lescenko-vcera-priznal-obrovske-az-98-ztraty-ukra\/\">Michael Svato\u0161<\/a><\/p>\n<p><img decoding=\"async\" loading=\"lazy\" class=\"alignnone size-full wp-image-27204\" src=\"http:\/\/www.infokuryr.cz\/n\/wp-content\/uploads\/2023\/05\/Michael_Svatos.png\" alt=\"\" width=\"180\" height=\"180\" srcset=\"https:\/\/www.infokuryr.cz\/n\/wp-content\/uploads\/2023\/05\/Michael_Svatos.png 180w, https:\/\/www.infokuryr.cz\/n\/wp-content\/uploads\/2023\/05\/Michael_Svatos-150x150.png 150w\" sizes=\"(max-width: 180px) 100vw, 180px\" \/><\/p>\n<p>&nbsp;<\/p>\n<p>&nbsp;<\/p>\n","protected":false},"excerpt":{"rendered":"<p>Rusk\u00e9 obrn\u011bn\u00e9 kolony se v\u010dera ve\u010der daly do pohybu ne\u010dekan\u00fdm sm\u011brem! \u010clen nejvy\u0161\u0161\u00edho veden\u00ed prezidentsk\u00e9&#8230;<\/p>\n","protected":false},"author":2,"featured_media":25151,"comment_status":"closed","ping_status":"closed","sticky":false,"template":"","format":"standard","meta":[],"categories":[6],"tags":[1042,220,22,26],"_links":{"self":[{"href":"https:\/\/www.infokuryr.cz\/n\/wp-json\/wp\/v2\/posts\/41288"}],"collection":[{"href":"https:\/\/www.infokuryr.cz\/n\/wp-json\/wp\/v2\/posts"}],"about":[{"href":"https:\/\/www.infokuryr.cz\/n\/wp-json\/wp\/v2\/types\/post"}],"author":[{"embeddable":true,"href":"https:\/\/www.infokuryr.cz\/n\/wp-json\/wp\/v2\/users\/2"}],"replies":[{"embeddable":true,"href":"https:\/\/www.infokuryr.cz\/n\/wp-json\/wp\/v2\/comments?post=41288"}],"version-history":[{"count":0,"href":"https:\/\/www.infokuryr.cz\/n\/wp-json\/wp\/v2\/posts\/41288\/revisions"}],"wp:featuredmedia":[{"embeddable":true,"href":"https:\/\/www.infokuryr.cz\/n\/wp-json\/wp\/v2\/media\/25151"}],"wp:attachment":[{"href":"https:\/\/www.infokuryr.cz\/n\/wp-json\/wp\/v2\/media?parent=41288"}],"wp:term":[{"taxonomy":"category","embeddable":true,"href":"https:\/\/www.infokuryr.cz\/n\/wp-json\/wp\/v2\/categories?post=41288"},{"taxonomy":"post_tag","embeddable":true,"href":"https:\/\/www.infokuryr.cz\/n\/wp-json\/wp\/v2\/tags?post=41288"}],"curies":[{"name":"wp","href":"https:\/\/api.w.org\/{rel}","templated":true}]}}