{"id":41263,"date":"2023-11-29T01:22:18","date_gmt":"2023-11-29T00:22:18","guid":{"rendered":"http:\/\/www.infokuryr.cz\/n\/?p=41263"},"modified":"2023-11-28T20:14:44","modified_gmt":"2023-11-28T19:14:44","slug":"nato-zabiji-ukrajince-v-boji-proti-rusku","status":"publish","type":"post","link":"https:\/\/www.infokuryr.cz\/n\/2023\/11\/29\/nato-zabiji-ukrajince-v-boji-proti-rusku\/","title":{"rendered":"NATO \u201ezab\u00edj\u00ed\u201c Ukrajince v boji proti Rusku"},"content":{"rendered":"<div id=\"fb-root\"><\/div>\n<p><span style=\"font-size: 18pt;\"><strong>Vojensk\u00fd blok pod veden\u00edm USA byl p\u016fvodn\u011b koncipov\u00e1n jako n\u00e1stroj ke konfrontaci se zem\u00ed, \u0159ekl mluv\u010d\u00ed Dmitrij Peskov<\/strong><\/span><\/p>\n<p><span>NATO se dr\u017e\u00ed sv\u00e9ho pl\u00e1nu omezit Rusko t\u00edm, \u017ee ob\u011btuje nespo\u010det ukrajinsk\u00fdch \u017eivot\u016f, \u0159ekl mluv\u010d\u00ed Kremlu Dmitrij Peskov.\u00a0Jeho vyj\u00e1d\u0159en\u00ed p\u0159i\u0161lo pot\u00e9, co gener\u00e1ln\u00ed tajemn\u00edk bloku Jens Stoltenberg argumentoval, \u017ee se aliance sna\u017e\u00ed zabr\u00e1nit dal\u0161\u00ed eskalaci nap\u011bt\u00ed s Ruskem.<\/span><\/p>\n<p><img decoding=\"async\" loading=\"lazy\" class=\"wp-image-2779 alignleft\" src=\"http:\/\/www.infokuryr.cz\/n\/wp-content\/uploads\/2021\/06\/peskov-300x169.png\" alt=\"\" width=\"485\" height=\"273\" srcset=\"https:\/\/www.infokuryr.cz\/n\/wp-content\/uploads\/2021\/06\/peskov-300x169.png 300w, https:\/\/www.infokuryr.cz\/n\/wp-content\/uploads\/2021\/06\/peskov-768x432.png 768w, https:\/\/www.infokuryr.cz\/n\/wp-content\/uploads\/2021\/06\/peskov.png 827w\" sizes=\"(max-width: 485px) 100vw, 485px\" \/><\/p>\n<p><span>Peskov v \u00fater\u00fd v rozhovoru s novin\u00e1\u0159i pouk\u00e1zal na to, \u017ee bez ohledu na to, jak\u00e1 prohl\u00e1\u0161en\u00ed p\u0159ijdou ze strany NATO, blok byl p\u016fvodn\u011b koncipov\u00e1n a strukturov\u00e1n zp\u016fsobem, kter\u00fd z n\u011bj \u201ev podstat\u011b\u00a0<\/span><em><span>d\u011bl\u00e1 n\u00e1stroj konfrontace s Ruskem a prost\u0159edek k jeho potla\u010den\u00ed\u201c.<\/span><\/em><\/p>\n<p><em><span>&#8222;Aliance zat\u00edm neopustila sv\u00e9 pl\u00e1ny na zadr\u017eov\u00e1n\u00ed Ruska a vyvra\u017e\u010fov\u00e1n\u00ed ukrajinsk\u00e9ho lidu jako ritu\u00e1ln\u00edch ob\u011bt\u00ed v boji proti Rusku,&#8220; \u0159ekl<\/span><\/em><span>\u00a0Peskov s t\u00edm, \u017ee Moskva pl\u00e1nuje sv\u016fj postup s ohledem na tyto skute\u010dnosti.<\/span><\/p>\n<p><span>Stoltenberg na tiskov\u00e9 konferenci p\u0159ed jedn\u00e1n\u00edm ministr\u016f zahrani\u010d\u00ed NATO v pond\u011bl\u00ed uvedl, \u017ee dv\u011bma hlavn\u00edmi c\u00edli organizace jsou pokra\u010duj\u00edc\u00ed podpora Kyjeva a zabr\u00e1n\u011bn\u00ed eskalaci konfliktu, kter\u00e1 by mohla v\u00e9st k \u201eplnohodnotn\u00e9 v\u00e1lce mezi Ruskem\u00a0<\/span><em><span>a NATO.\u201d<\/span><\/em><\/p>\n<p><span>Jedn\u00edm ze zp\u016fsob\u016f, jak tomu blok pod veden\u00edm Spojen\u00fdch st\u00e1t\u016f podle Stoltenberga br\u00e1n\u00ed, je vysl\u00e1n\u00ed\u00a0<\/span><em><span>\u201ejasn\u00e9ho sign\u00e1lu\u201c<\/span><\/em><span>\u00a0do Moskvy, \u017ee aliance je p\u0159ipravena br\u00e1nit sv\u00e9 \u00fazem\u00ed vybudov\u00e1n\u00edm sv\u00fdch ozbrojen\u00fdch sil na sv\u00fdch v\u00fdchodn\u00edch hranic\u00edch.<\/span><\/p>\n<p><em><span>\u201eNed\u011bl\u00e1me to proto, abychom konflikt vyvolali, ale abychom mu zabr\u00e1nili,\u201c<\/span><\/em><span>\u00a0prohl\u00e1sil gener\u00e1ln\u00ed tajemn\u00edk NATO.<\/span><\/p>\n<p><span>Mezit\u00edm tak\u00e9 poznamenal, \u017ee neschopnost ukrajinsk\u00e9 arm\u00e1dy posunout frontovou linii b\u011bhem jej\u00ed tolik propagovan\u00e9 protiofenz\u00edvy, navzdory \u201e\u00a0<\/span><em><span>bezprecedentn\u00ed\u201c<\/span><\/em><span>\u00a0podpo\u0159e Z\u00e1padu, uk\u00e1zala, \u017ee blok nesm\u00ed\u00a0<\/span><em><span>\u201enikdy podce\u0148ovat Rusko\u201c.<\/span><\/em><\/p>\n<p><a href=\"https:\/\/stranapro.cz\/\"><img decoding=\"async\" loading=\"lazy\" class=\"alignnone  wp-image-40285 aligncenter\" src=\"http:\/\/www.infokuryr.cz\/n\/wp-content\/uploads\/2023\/11\/11pro-300x79.png\" alt=\"\" width=\"551\" height=\"145\" srcset=\"https:\/\/www.infokuryr.cz\/n\/wp-content\/uploads\/2023\/11\/11pro-300x79.png 300w, https:\/\/www.infokuryr.cz\/n\/wp-content\/uploads\/2023\/11\/11pro.png 363w\" sizes=\"(max-width: 551px) 100vw, 551px\" \/><\/a><\/p>\n<p><span>Podle posledn\u00edch odhad\u016f rusk\u00e9ho ministerstva obrany ztratil Kyjev od zah\u00e1jen\u00ed ne\u0161\u0165astn\u00e9 protiofenz\u00edvy zat\u00edm a\u017e 103 000 voj\u00e1k\u016f.\u00a0<\/span><\/p>\n<p><span>Vzhledem k tomu, \u017ee se zd\u00e1, \u017ee ukrajinsk\u00e9 s\u00edly nejsou schopny z\u00edskat zp\u011bt ztracen\u00e1 \u00fazem\u00ed, st\u00e1le v\u00edce z\u00e1padn\u00edch p\u0159edstavitel\u016f nazna\u010duje, \u017ee Kyjev mo\u017en\u00e1 bude muset usilovat o m\u00edrovou dohodu s Ruskem a vzd\u00e1t se sv\u00fdch b\u00fdval\u00fdch \u00fazem\u00ed.<\/span><\/p>\n<p><span>Ukrajinsk\u00fd prezident Vladimir Zelenskyj tak\u00e9 v rozhovoru pro Fox News navrhl, \u017ee konflikt s Ruskem by mohl b\u00fdt zastaven, pokud by Kyjev p\u0159ipustil Donbas a Krym, ale tvrdil, \u017ee zem\u011b \u201enen\u00ed p\u0159ipravena\u201c\u00a0<\/span><em><span>na<\/span><\/em><span>\u00a0takovou m\u00edrovou dohodu.<\/span><\/p>\n<p><span>Rusko po desetilet\u00ed odsuzovalo expanzi NATO sm\u011brem k jeho hranic\u00edm a ozna\u010dovalo to za p\u0159\u00edmou hrozbu n\u00e1rodn\u00ed bezpe\u010dnosti.\u00a0Rusk\u00fd prezident Vladimir Putin tak\u00e9 opakovan\u011b uvedl potenci\u00e1ln\u00ed p\u0159istoupen\u00ed Ukrajiny k bloku veden\u00e9m USA jako jeden z kl\u00ed\u010dov\u00fdch spou\u0161t\u011b\u010d\u016f vojensk\u00e9 operace proti Kyjevu.<\/span><\/p>\n<p><span>Moskva tak\u00e9 trvala na tom, \u017ee pokra\u010duj\u00edc\u00ed dod\u00e1vky z\u00e1padn\u00edch zbran\u00ed Ukrajin\u011b slou\u017eily jako d\u016fkaz, \u017ee USA a jejich spojenci v NATO vedou z\u00e1stupnou v\u00e1lku proti Rusku.<\/span><\/p>\n<p><img decoding=\"async\" loading=\"lazy\" class=\"alignnone size-full wp-image-1185\" src=\"http:\/\/www.infokuryr.cz\/n\/wp-content\/uploads\/2021\/04\/kuryr-podpis.png\" alt=\"\" width=\"84\" height=\"24\" \/><\/p>\n<p>&nbsp;<\/p>\n<p>&nbsp;<\/p>\n","protected":false},"excerpt":{"rendered":"<p>Vojensk\u00fd blok pod veden\u00edm USA byl p\u016fvodn\u011b koncipov\u00e1n jako n\u00e1stroj ke konfrontaci se zem\u00ed, \u0159ekl&#8230;<\/p>\n","protected":false},"author":2,"featured_media":34720,"comment_status":"closed","ping_status":"closed","sticky":false,"template":"","format":"standard","meta":[],"categories":[7],"tags":[39,22,1635],"_links":{"self":[{"href":"https:\/\/www.infokuryr.cz\/n\/wp-json\/wp\/v2\/posts\/41263"}],"collection":[{"href":"https:\/\/www.infokuryr.cz\/n\/wp-json\/wp\/v2\/posts"}],"about":[{"href":"https:\/\/www.infokuryr.cz\/n\/wp-json\/wp\/v2\/types\/post"}],"author":[{"embeddable":true,"href":"https:\/\/www.infokuryr.cz\/n\/wp-json\/wp\/v2\/users\/2"}],"replies":[{"embeddable":true,"href":"https:\/\/www.infokuryr.cz\/n\/wp-json\/wp\/v2\/comments?post=41263"}],"version-history":[{"count":1,"href":"https:\/\/www.infokuryr.cz\/n\/wp-json\/wp\/v2\/posts\/41263\/revisions"}],"predecessor-version":[{"id":41264,"href":"https:\/\/www.infokuryr.cz\/n\/wp-json\/wp\/v2\/posts\/41263\/revisions\/41264"}],"wp:featuredmedia":[{"embeddable":true,"href":"https:\/\/www.infokuryr.cz\/n\/wp-json\/wp\/v2\/media\/34720"}],"wp:attachment":[{"href":"https:\/\/www.infokuryr.cz\/n\/wp-json\/wp\/v2\/media?parent=41263"}],"wp:term":[{"taxonomy":"category","embeddable":true,"href":"https:\/\/www.infokuryr.cz\/n\/wp-json\/wp\/v2\/categories?post=41263"},{"taxonomy":"post_tag","embeddable":true,"href":"https:\/\/www.infokuryr.cz\/n\/wp-json\/wp\/v2\/tags?post=41263"}],"curies":[{"name":"wp","href":"https:\/\/api.w.org\/{rel}","templated":true}]}}