{"id":41174,"date":"2023-11-28T01:17:11","date_gmt":"2023-11-28T00:17:11","guid":{"rendered":"http:\/\/www.infokuryr.cz\/n\/?p=41174"},"modified":"2023-11-28T04:03:49","modified_gmt":"2023-11-28T03:03:49","slug":"ukrajinsti-vojaci-hlasi-nedostatek-veleni-a-vybaveni","status":"publish","type":"post","link":"https:\/\/www.infokuryr.cz\/n\/2023\/11\/28\/ukrajinsti-vojaci-hlasi-nedostatek-veleni-a-vybaveni\/","title":{"rendered":"Ukrajin\u0161t\u00ed voj\u00e1ci hl\u00e1s\u00ed nedostatek velen\u00ed a vybaven\u00ed"},"content":{"rendered":"<div id=\"fb-root\"><\/div>\n<p><span style=\"font-size: 18pt;\"><strong>Kyjev nem\u011bl nikdy zah\u00e1jit letn\u00ed protiofenz\u00edvu, kterou po\u017eadovali jeho z\u00e1padn\u00ed podporovatel\u00e9, \u0159ekl n\u011bmeck\u00fdm novin\u00e1\u0159\u016fm jeden voj\u00e1k<\/strong><\/span><\/p>\n<p>Ozbrojen\u00e9 s\u00edly Ukrajiny su\u017euj\u00ed\u00a0<em>\u201eobrovsk\u00e9 probl\u00e9my\u201c<\/em>\u00a0, od nedostate\u010dn\u00e9ho velen\u00ed a\u017e po v\u00e1\u017en\u00fd nedostatek z\u00e1kladn\u00edho vojensk\u00e9ho vybaven\u00ed a z\u00e1sob, uvedl v pond\u011bl\u00ed n\u011bmeck\u00fd bulv\u00e1rn\u00ed den\u00edk Bild s odkazem na n\u011bkolik voj\u00e1k\u016f a d\u016fstojn\u00edk\u016f, se kter\u00fdmi hovo\u0159il.\u00a0N\u011bkolik lid\u00ed \u0159eklo listu, \u017ee tolik vychvalovan\u00e1 letn\u00ed protiofenz\u00edva Kyjeva, kter\u00e1 nep\u0159inesla \u017e\u00e1dn\u00e9 v\u011bt\u0161\u00ed \u00fazemn\u00ed zisky, byla chybou.<\/p>\n<p>Ukrajin\u0161t\u00ed voj\u00e1ci mus\u00ed pou\u017e\u00edvat pades\u00e1t let star\u00e1 sov\u011btsk\u00e1 civiln\u00ed ter\u00e9nn\u00ed auta, aby se dostali do frontov\u00fdch lini\u00ed, \u0159ekli n\u011bkte\u0159\u00ed voj\u00e1ci Bildu s poukazem na akutn\u00ed nedostatek obrn\u011bn\u00fdch transport\u00e9r\u016f a vojensk\u00fdch ter\u00e9nn\u00edch vozidel.\u00a0Jeden ze zdroj\u016f ve zpr\u00e1v\u011b uvedl, \u017ee voj\u00e1ci si opravy a palivo pro sv\u00e1 auta mus\u00ed platit sami, proto\u017ee ukrajinsk\u00e9 veden\u00ed tyto v\u00fddaje nekompenzuje.<\/p>\n<p><em>&#8222;V autoservisu plat\u00edme v\u0161e z vlastn\u00ed kapsy,&#8220;<\/em>\u00a0\u0159ekl voj\u00e1k.\u00a0Kyjevsk\u00e9 s\u00edly tak\u00e9 trp\u00ed nedostatkem pr\u016fzkumn\u00fdch a \u00fadern\u00fdch bezpilotn\u00edch letoun\u016f, kter\u00e9 si tak\u00e9 mus\u00ed po\u0159izovat sami nebo je z\u00edskat od r\u016fzn\u00fdch humanit\u00e1rn\u00edch organizac\u00ed a soukrom\u00fdch d\u00e1rc\u016f.\u00a0N\u011bkter\u00e9 jednotky se mus\u00ed spol\u00e9hat na na zak\u00e1zku vyroben\u00e1 bezpilotn\u00ed letadla vybaven\u00e1 d\u00edly vyroben\u00fdmi na 3D tisk\u00e1rn\u00e1ch, uvedl jeden ze zdroj\u016f Bildu.<\/p>\n<p><a href=\"https:\/\/stranapro.cz\/\"><img decoding=\"async\" loading=\"lazy\" class=\"alignnone wp-image-40285 aligncenter\" src=\"http:\/\/www.infokuryr.cz\/n\/wp-content\/uploads\/2023\/11\/11pro-300x79.png\" alt=\"\" width=\"600\" height=\"158\" srcset=\"https:\/\/www.infokuryr.cz\/n\/wp-content\/uploads\/2023\/11\/11pro-300x79.png 300w, https:\/\/www.infokuryr.cz\/n\/wp-content\/uploads\/2023\/11\/11pro.png 363w\" sizes=\"(max-width: 600px) 100vw, 600px\" \/><\/a><\/p>\n<p><em>\u201ePlat\u00edme tak\u00e9 n\u00e1jem za domy, ve kter\u00fdch sp\u00edme, a za j\u00eddlo.\u00a0To v\u00e1s zlob\u00ed,\u201c<\/em>\u00a0\u0159ekl jeden z voj\u00e1k\u016f a dodal, \u017ee zat\u00edmco Rusko\u00a0<em>\u201einvestuje v\u0161echno\u201c<\/em>\u00a0do sv\u00fdch sil, jejich ukrajin\u0161t\u00ed prot\u011bj\u0161ky se mus\u00ed spol\u00e9hat z velk\u00e9 \u010d\u00e1sti sami na sebe.<\/p>\n<p>Efektivita rusk\u00fdch dron\u016f a jejich neust\u00e1l\u00e1 p\u0159\u00edtomnost na boji\u0161ti tak\u00e9 v\u00e1\u017en\u011b omezuje schopnosti ukrajinsk\u00fdch jednotek, uvedlo n\u011bkolik zdroj\u016f pro Bild.\u00a0N\u011bkte\u0159\u00ed p\u0159ipou\u0161t\u011bli, \u017ee syst\u00e9my protivzdu\u0161n\u00e9 obrany, kter\u00e9 do Kyjeva dod\u00e1v\u00e1 Z\u00e1pad, se do p\u0159edn\u00edch lini\u00ed t\u00e9m\u011b\u0159 v\u016fbec nedostanou.<\/p>\n<p><em>\u201eDes\u00edtky z\u00e1padn\u00edch protiletadlov\u00fdch syst\u00e9m\u016f, jako jsou samohybn\u00e1 protiletadlov\u00e1 d\u011bla [N\u011bmeck\u00e9 v\u00fdroby] Gepard, se pou\u017e\u00edvaj\u00ed jako stacion\u00e1rn\u00ed syst\u00e9my protivzdu\u0161n\u00e9 obrany\u201c<\/em>\u00a0v ukrajinsk\u00fdch m\u011bstech, \u0159ekl jeden voj\u00e1k Bildu.\u00a0<em>&#8222;Vp\u0159edu nem\u00e1me t\u00e9m\u011b\u0159 \u017e\u00e1dn\u00e9 takov\u00e9 vybaven\u00ed,&#8220;<\/em>\u00a0dodal.<\/p>\n<p>Mnoz\u00ed, kte\u0159\u00ed mluvili s Bildem, byli tak\u00e9 velmi kriti\u010dt\u00ed k nejvy\u0161\u0161\u00edmu velen\u00ed zem\u011b, kter\u00e9 podle nich zredukovalo ve\u0161ker\u00fd v\u00fdcvik NATO na nic.\u00a0<em>\u201eVzhledem k tomu, \u017ee vysoc\u00ed d\u016fstojn\u00edci jsou stejn\u00ed jako d\u0159\u00edve, ve srovn\u00e1n\u00ed se sov\u011btskou \u00e9rou se na v\u00e1l\u010den\u00ed t\u00e9m\u011b\u0159 nic nezm\u011bnilo,\u201c<\/em>\u00a0\u0159ekl Bildu voj\u00e1k vycvi\u010den\u00fd st\u00e1ty NATO a dodal, \u017ee ukrajinsk\u00e9 s\u00edly neprov\u00e1d\u011bj\u00ed \u017e\u00e1dn\u00e9\u00a0operace\u00a0<em>\u201ekombinovan\u00fdch zbran\u00ed\u201c .<\/em><\/p>\n<p>Zdroje Bildu potvrdily, \u017ee mnoz\u00ed v \u0159ad\u00e1ch arm\u00e1dy jsou st\u00e1le na\u0161tvan\u00ed na politick\u00e9 a vojensk\u00e9 veden\u00ed Ukrajiny.\u00a0<em>&#8222;Gener\u00e1ln\u00ed \u0161t\u00e1b nikdy nem\u011bl p\u0159edat protiofenzivn\u00ed rozkazy dan\u00e9 [prezidentovi Vladim\u00edru] Zelensk\u00e9mu ze zahrani\u010d\u00ed,&#8220;<\/em>\u00a0\u0159ekl listu jeden d\u016fstojn\u00edk.<\/p>\n<p><img decoding=\"async\" loading=\"lazy\" class=\"alignnone size-full wp-image-1185\" src=\"http:\/\/www.infokuryr.cz\/n\/wp-content\/uploads\/2021\/04\/kuryr-podpis.png\" alt=\"\" width=\"84\" height=\"24\" \/><\/p>\n<p>&nbsp;<\/p>\n<p>&nbsp;<\/p>\n","protected":false},"excerpt":{"rendered":"<p>Kyjev nem\u011bl nikdy zah\u00e1jit letn\u00ed protiofenz\u00edvu, kterou po\u017eadovali jeho z\u00e1padn\u00ed podporovatel\u00e9, \u0159ekl n\u011bmeck\u00fdm novin\u00e1\u0159\u016fm jeden&#8230;<\/p>\n","protected":false},"author":2,"featured_media":29721,"comment_status":"closed","ping_status":"closed","sticky":false,"template":"","format":"standard","meta":[],"categories":[7],"tags":[4338,1884,221,3810,1600],"_links":{"self":[{"href":"https:\/\/www.infokuryr.cz\/n\/wp-json\/wp\/v2\/posts\/41174"}],"collection":[{"href":"https:\/\/www.infokuryr.cz\/n\/wp-json\/wp\/v2\/posts"}],"about":[{"href":"https:\/\/www.infokuryr.cz\/n\/wp-json\/wp\/v2\/types\/post"}],"author":[{"embeddable":true,"href":"https:\/\/www.infokuryr.cz\/n\/wp-json\/wp\/v2\/users\/2"}],"replies":[{"embeddable":true,"href":"https:\/\/www.infokuryr.cz\/n\/wp-json\/wp\/v2\/comments?post=41174"}],"version-history":[{"count":0,"href":"https:\/\/www.infokuryr.cz\/n\/wp-json\/wp\/v2\/posts\/41174\/revisions"}],"wp:featuredmedia":[{"embeddable":true,"href":"https:\/\/www.infokuryr.cz\/n\/wp-json\/wp\/v2\/media\/29721"}],"wp:attachment":[{"href":"https:\/\/www.infokuryr.cz\/n\/wp-json\/wp\/v2\/media?parent=41174"}],"wp:term":[{"taxonomy":"category","embeddable":true,"href":"https:\/\/www.infokuryr.cz\/n\/wp-json\/wp\/v2\/categories?post=41174"},{"taxonomy":"post_tag","embeddable":true,"href":"https:\/\/www.infokuryr.cz\/n\/wp-json\/wp\/v2\/tags?post=41174"}],"curies":[{"name":"wp","href":"https:\/\/api.w.org\/{rel}","templated":true}]}}