{"id":41121,"date":"2023-11-27T06:16:14","date_gmt":"2023-11-27T05:16:14","guid":{"rendered":"https:\/\/www.infokuryr.cz\/n\/?p=41121"},"modified":"2023-11-27T06:16:14","modified_gmt":"2023-11-27T05:16:14","slug":"rusko-odhalilo-spolecny-spojenecky-plan-protivzdusne-obrany","status":"publish","type":"post","link":"https:\/\/www.infokuryr.cz\/n\/2023\/11\/27\/rusko-odhalilo-spolecny-spojenecky-plan-protivzdusne-obrany\/","title":{"rendered":"Rusko odhalilo spole\u010dn\u00fd spojeneck\u00fd pl\u00e1n protivzdu\u0161n\u00e9 obrany"},"content":{"rendered":"<div id=\"fb-root\"><\/div>\n<p><span style=\"font-size: 18pt;\"><strong>P\u0159\u00edslu\u0161n\u00e9 dohody jsou podeps\u00e1ny se v\u0161emi \u010dleny Organizace smlouvy o kolektivn\u00ed bezpe\u010dnosti (CSTO), \u0159\u00edk\u00e1 Sergej \u0160ojgu<\/strong><\/span><\/p>\n<p><span>Spole\u010dn\u00fd syst\u00e9m protivzdu\u0161n\u00e9 obrany mezi Ruskem a b\u00fdval\u00fdmi sov\u011btsk\u00fdmi republikami, kter\u00e9 tvo\u0159\u00ed Organizaci smlouvy o kolektivn\u00ed bezpe\u010dnosti (CSTO), byl skute\u010dn\u011b vytvo\u0159en, p\u0159esto\u017ee se to neodr\u00e1\u017e\u00ed v \u017e\u00e1dn\u00fdch dokumentech, \u0159ekl rusk\u00fd ministr obrany Sergej \u0160ojgu.<\/span><\/p>\n<p><span>Obrann\u00e1 aliance, kter\u00e1 existuje od roku 2002, v sou\u010dasnosti sdru\u017euje Arm\u00e9nii, B\u011blorusko, Kazachst\u00e1n, Kyrgyzst\u00e1n, Rusko a T\u00e1d\u017eikist\u00e1n.<\/span><\/p>\n<p><em><span>\u201eVe skute\u010dnosti ji\u017e [spole\u010dn\u00fd syst\u00e9m protivzdu\u0161n\u00e9 obrany] byl vytvo\u0159en na bilater\u00e1ln\u00ed \u00farovni,\u201c<\/span><\/em><span>\u00a0\u0159ekl \u0160ojgu v ned\u011bli televizn\u00ed stanici Rossija 24.<\/span><\/p>\n<p><a href=\"https:\/\/stranapro.cz\/\"><img decoding=\"async\" loading=\"lazy\" class=\"alignnone  wp-image-40285 aligncenter\" src=\"http:\/\/www.infokuryr.cz\/n\/wp-content\/uploads\/2023\/11\/11pro-300x79.png\" alt=\"\" width=\"554\" height=\"146\" srcset=\"https:\/\/www.infokuryr.cz\/n\/wp-content\/uploads\/2023\/11\/11pro-300x79.png 300w, https:\/\/www.infokuryr.cz\/n\/wp-content\/uploads\/2023\/11\/11pro.png 363w\" sizes=\"(max-width: 554px) 100vw, 554px\" \/><\/a><\/p>\n<p><em><span>&#8222;M\u00e1me dohodu&#8230; s ka\u017ed\u00fdm ze st\u00e1t\u016f, s Arm\u00e9ni\u00ed, s Kazachst\u00e1nem, s Kyrgyzst\u00e1nem, s T\u00e1d\u017eikist\u00e1nem a samoz\u0159ejm\u011b s B\u011bloruskem,&#8220;<\/span><\/em><span>\u00a0vysv\u011btlil.<\/span><\/p>\n<p><span>Ministr zd\u016fraznil, \u017ee spole\u010dn\u00fd syst\u00e9m protivzdu\u0161n\u00e9 obrany je dob\u0159e vybaven a m\u00e1 odpov\u00eddaj\u00edc\u00ed hardware,\u00a0<\/span><em><span>\u201ea pravideln\u011b prov\u00e1d\u00edme cvi\u010den\u00ed a udr\u017eujeme jej ve stavu p\u0159ipravenosti k boji\u201c.<\/span><\/em><\/p>\n<p><em><span>\u201ePokud je pot\u0159eba formalizovat [existenci syst\u00e9mu] v n\u011bjak\u00e9m dokumentu, ud\u011bl\u00e1me to,\u201c<\/span><\/em><span>\u00a0dodal.<\/span><\/p>\n<p><span>Minul\u00fd t\u00fdden rusk\u00fd prezident Vladimir Putin \u0159ekl, \u017ee Moskva dodala dv\u011b divize syst\u00e9m\u016f protivzdu\u0161n\u00e9 obrany S-300 \u2013 skl\u00e1daj\u00edc\u00ed se z osmi odpalovac\u00edch za\u0159\u00edzen\u00ed \u2013 st\u0159edoasijsk\u00e9mu st\u00e1tu T\u00e1d\u017eikist\u00e1n v r\u00e1mci \u00fasil\u00ed o vytvo\u0159en\u00ed spole\u010dn\u00e9ho \u0161t\u00edtu protivzdu\u0161n\u00e9 obrany s p\u0159\u00edslu\u0161n\u00edky Obrann\u00e1 aliance veden\u00e1 Ruskem.\u00a0<\/span><em><span>\u201eObecn\u011b jsme p\u0159ipraveni pokra\u010dovat a dokon\u010dit tuto pr\u00e1ci t\u00fdkaj\u00edc\u00ed se CSTO jako celku,\u201c<\/span><\/em><span>\u00a0zd\u016fraznil Putin.<\/span><\/p>\n<p><img decoding=\"async\" loading=\"lazy\" class=\"alignnone size-full wp-image-1185\" src=\"http:\/\/www.infokuryr.cz\/n\/wp-content\/uploads\/2021\/04\/kuryr-podpis.png\" alt=\"\" width=\"84\" height=\"24\" \/><\/p>\n<p>&nbsp;<\/p>\n<p>&nbsp;<\/p>\n","protected":false},"excerpt":{"rendered":"<p>P\u0159\u00edslu\u0161n\u00e9 dohody jsou podeps\u00e1ny se v\u0161emi \u010dleny Organizace smlouvy o kolektivn\u00ed bezpe\u010dnosti (CSTO), \u0159\u00edk\u00e1 Sergej&#8230;<\/p>\n","protected":false},"author":2,"featured_media":7084,"comment_status":"closed","ping_status":"closed","sticky":false,"template":"","format":"standard","meta":[],"categories":[7],"tags":[1165,1505,22],"_links":{"self":[{"href":"https:\/\/www.infokuryr.cz\/n\/wp-json\/wp\/v2\/posts\/41121"}],"collection":[{"href":"https:\/\/www.infokuryr.cz\/n\/wp-json\/wp\/v2\/posts"}],"about":[{"href":"https:\/\/www.infokuryr.cz\/n\/wp-json\/wp\/v2\/types\/post"}],"author":[{"embeddable":true,"href":"https:\/\/www.infokuryr.cz\/n\/wp-json\/wp\/v2\/users\/2"}],"replies":[{"embeddable":true,"href":"https:\/\/www.infokuryr.cz\/n\/wp-json\/wp\/v2\/comments?post=41121"}],"version-history":[{"count":0,"href":"https:\/\/www.infokuryr.cz\/n\/wp-json\/wp\/v2\/posts\/41121\/revisions"}],"wp:featuredmedia":[{"embeddable":true,"href":"https:\/\/www.infokuryr.cz\/n\/wp-json\/wp\/v2\/media\/7084"}],"wp:attachment":[{"href":"https:\/\/www.infokuryr.cz\/n\/wp-json\/wp\/v2\/media?parent=41121"}],"wp:term":[{"taxonomy":"category","embeddable":true,"href":"https:\/\/www.infokuryr.cz\/n\/wp-json\/wp\/v2\/categories?post=41121"},{"taxonomy":"post_tag","embeddable":true,"href":"https:\/\/www.infokuryr.cz\/n\/wp-json\/wp\/v2\/tags?post=41121"}],"curies":[{"name":"wp","href":"https:\/\/api.w.org\/{rel}","templated":true}]}}