{"id":4108,"date":"2021-08-16T02:47:03","date_gmt":"2021-08-16T00:47:03","guid":{"rendered":"http:\/\/www.infokuryr.cz\/n\/?p=4108"},"modified":"2021-08-16T02:47:03","modified_gmt":"2021-08-16T00:47:03","slug":"aspen-institute-vytahneme-seznamy-lidi-ktere-se-udajne-staraji-o-nase-blaho","status":"publish","type":"post","link":"https:\/\/www.infokuryr.cz\/n\/2021\/08\/16\/aspen-institute-vytahneme-seznamy-lidi-ktere-se-udajne-staraji-o-nase-blaho\/","title":{"rendered":"Aspen Institute: vyt\u00e1hn\u011bme seznamy lid\u00ed, kter\u00e9 se \u00fadajn\u011b staraj\u00ed o na\u0161e blaho"},"content":{"rendered":"<div id=\"fb-root\"><\/div>\n<p><strong>Indoktrinace a p\u0159ev\u00fdchova lid\u00ed ke \u201espr\u00e1vn\u00e9mu\u201c sv\u011btov\u00e9mu n\u00e1zoru. Dnes se tomu \u0159\u00edk\u00e1 liber\u00e1ln\u00ed demokracie, ale podle v\u0161ech vn\u011bj\u0161\u00edch ukazatel\u016f jde sp\u00ed\u0161e o Hayekem tak dob\u0159e popsanou \u201ecestu do otroctv\u00ed\u201c.<\/strong><\/p>\n<p>Jeho prezidentem a v\u00fdkonn\u00fdm \u0159editelem je Walter Isaacson, v minulosti mimo jin\u00e9 \u0161\u00e9fredaktor \u010dasopisu Time a \u0159editel CNN (dodejme: sv\u011bdomit\u00e9ho tlampa\u010de \u201eliber\u00e1ln\u011b demokratick\u00fdch\u201c n\u00e1zor\u016f). Ve spr\u00e1vn\u00ed rad\u011b institutu zasedaj\u00ed nap\u0159.\u00a0<strong>Madeleine Albrightov\u00e1, Condoleezza Riceov\u00e1, Javier Solana<\/strong>\u00a0nebo jord\u00e1nsk\u00e1 kr\u00e1lovna Noor. Aspen Institute je z velk\u00e9 \u010d\u00e1sti financov\u00e1n americk\u00fdmi nadacemi, jako Carnegie Corporation,<strong>\u00a0The Rockefeller Brothers Fund a Fordovy nadace.<\/strong><\/p>\n<p>Vyt\u00e1hn\u011bme sk\u0159ety na sv\u011btlo bo\u017e\u00ed! \u010cesk\u00e1 odno\u017e je je\u0161t\u011b v\u00edce poveden\u00e1, p\u0159esto\u017ee se mnoz\u00ed tv\u00e1\u0159\u00ed, \u017ee bojuj\u00ed za svobodu slova a demokracii.<\/p>\n<p><strong>P\u0159edsedou spr\u00e1vn\u00ed rady byl nejprve Michael \u017dantovsk\u00fd<\/strong>, exporadce V\u00e1clava Havla (dnes je \u010destn\u00fdm \u010dlenem \u201eboardu\u201c AI, stejn\u011b jako Madeleine Albrightov\u00e1), v\u00fdznamnou roli sehr\u00e1l v po\u010d\u00e1tc\u00edch AI v \u010cesku Tom\u00e1\u0161 Klva\u0148a, zn\u00e1m\u00fd jako autor n\u00e1zoru, \u017ee \u201ev roce 1945 Rusov\u00e9 \u010cesko neosvobodili, n\u00fdbr\u017e p\u0159epadli\u201c.<\/p>\n<p>Dnes je p\u0159edsedou spr\u00e1vn\u00ed rady Ivan Hod\u00e1\u010d<\/p>\n<div>V \u201eBoard of directors\u201c vid\u00edme europoslankyni<strong>\u00a0Ditu Charanzovou (ANO), poslance Jana Farsk\u00e9ho (STAN)<\/strong>, advok\u00e1ta Marka Proch\u00e1zku (<a href=\"https:\/\/www.prkpartners.com\/cs\/nas-tym\/marek-prochazka\" target=\"_blank\" rel=\"nofollow noopener noreferrer\">s\u00e1m sebe prezentuje takto<\/a>: \u201eJeho specializace zahrnuje zejm\u00e9na oblast corporate governance, dodr\u017eov\u00e1n\u00ed pravidel etick\u00e9ho kodexu, trvale udr\u017eiteln\u00fd rozvoj, povolovac\u00ed \u0159\u00edzen\u00ed, merchandising a \u0159e\u0161en\u00ed spor\u016f\u201c. Jin\u00fdmi slovy vn\u00e1\u0161en\u00ed nesmysln\u00fdch byrokratick\u00fdch a regula\u010dn\u011b direktivn\u00edch novot do \u0159\u00edd\u00edc\u00edch struktur v podnikov\u00e9 i ve\u0159ejn\u00e9 sf\u00e9\u0159e. Krom\u011b jin\u00e9ho je t\u00e9\u017e spr\u00e1vce autorsk\u00fdch pr\u00e1v p\u0159edn\u00edho \u010desk\u00e9ho v\u00fdtvarn\u00edka, um\u011blce a re\u017eis\u00e9ra animovan\u00fdch film\u016f Zde\u0148ka Milera, zejm\u00e9na autorsk\u00e9ho pr\u00e1va k u\u017eit\u00ed jeho Krte\u010dka.)<\/div>\n<div><\/div>\n<div>Dal\u0161\u00edm jm\u00e9nem je Pavel \u0158eh\u00e1k, ex\u0159editel \u010cesk\u00e9 poji\u0161\u0165ovny, p\u0159edt\u00edm p\u016fsobil v McKinsey &amp; Company. Upozornil na sebe v r\u00e1mci covidov\u00e9 pandemie prac\u00ed pro ministra vnitra Ham\u00e1\u010dka a ministerstvo obrany. Ham\u00e1\u010dek ho dokonce ozna\u010dil za \u201e<a href=\"https:\/\/www.seznamzpravy.cz\/clanek\/tajemny-muz-ktery-na-jare-zachranil-cesko-exreditel-ceske-pojistovny-124767\" target=\"_blank\" rel=\"nofollow noopener noreferrer\"><strong>mu\u017ee, kter\u00fd zachr\u00e1nil \u010cesko<\/strong><\/a>&#8222;.\u00a0 Dal\u0161\u00edm zaj\u00edmav\u00fdm jm\u00e9nem je Tom\u00e1\u0161 Salomon, p\u0159edseda p\u0159edstavenstva a gener\u00e1ln\u00ed \u0159editel \u010cesk\u00e9 spo\u0159itelny. \u010clenem dozor\u010d\u00ed rady AI je\u00a0<strong>Pavel Kysilka, \u010dlen Rady \u010cesk\u00e9 televize. Spolupracovn\u00edkem AI je Adam \u010cern\u00fd, \u0161\u00e9f Syndik\u00e1tu novin\u00e1\u0159\u016f \u010cR.<\/strong><\/div>\n<div>\n<div>S \u010desk\u00fdm\u00a0Aspen Institute jsou spjata je\u0161t\u011b mnoh\u00e1 dal\u0161\u00ed zaj\u00edmav\u00e1 jm\u00e9na:<\/div>\n<ul>\n<li>Opakovan\u00fd\u00a0<strong>ministr zdravotnictv\u00ed Adam Vojt\u011bch,<\/strong><\/li>\n<li>n\u00e1m\u011bstek ministra zahrani\u010d\u00ed<strong>\u00a0Ale\u0161 Chmela\u0159,<\/strong><\/li>\n<li>ekonomick\u00fd poradce premi\u00e9ra Babi\u0161e\u00a0<strong>Ale\u0161 Michl,<\/strong><\/li>\n<li><strong>samozvan\u00fd v\u016fdce \u201e\u010desk\u00fdch elf\u016f\u201c, jinak \u0159editel Pra\u017esk\u00e9ho inova\u010dn\u00edho institutu Bob Kartous<\/strong>,<\/li>\n<li>exministr n\u011bkolika \u010desk\u00fdch vl\u00e1d<strong>\u00a0Cyril Svoboda<\/strong>, v\u016fdce klanu Kroup\u016f \u2013<strong>\u00a0Daniel Kroupa<\/strong>\u00a0(m\u00e1 \u201eslavn\u00e9\u201c potomky &#8211; novin\u00e1\u0159e<strong>\u00a0Janka a \u0159editele Post Bellum Mikul\u00e1\u0161e<\/strong>),<\/li>\n<li>moder\u00e1torka\u00a0<strong>Emma Smetana<\/strong>, dcera komunistick\u00e9 v\u016fdkyn\u011b SSM z roku 1989<strong>\u00a0Moniky Pajerorov\u00e9<\/strong><\/li>\n<li>zakladatelka Centra proti terorismu a hybridn\u00edm hrozb\u00e1m na Ministerstvu vnitra, dnes provozn\u00ed \u0159editelka Den\u00edku N\u00a0<strong>Eva Romancovov\u00e1,\u00a0<\/strong><\/li>\n<li>r\u00e1doby nez\u00e1visl\u00fd medi\u00e1ln\u00ed analytik<strong>\u00a0Filip Ro\u017e\u00e1nek<\/strong>,<\/li>\n<li>politick\u00fd veter\u00e1n n\u011bkolika stran\u00a0<strong>Ivan Gabal,<\/strong><\/li>\n<li>ne\u00fasp\u011b\u0161n\u00e1 slovensk\u00e1 expremi\u00e9rka Iveta Radi\u010dov\u00e1,<\/li>\n<li>b\u00fdval\u00fd n\u00e1m\u011bstek ministra obrany \u010cR a od srpna 2019 velvyslanec \u010cR p\u0159i NATO<strong>\u00a0Jakub Landovsk\u00fd,<\/strong><\/li>\n<li>zakladatel agentury STEM<strong>\u00a0Jan Hartl,<\/strong>\u00a0ministr vnitra a vicepremi\u00e9r\u00a0<strong>Jan Ham\u00e1\u010dek<\/strong>,<\/li>\n<li>redaktor ve\u0159ejnopr\u00e1vn\u00edho \u010cesk\u00e9ho rozhlasu Jan Fingerland,<\/li>\n<li>pir\u00e1tsk\u00fd poslanec\u00a0<strong>Jan Lipavsk\u00fd,<\/strong><\/li>\n<li>poradce gener\u00e1ln\u00edho tajemn\u00edka NATO Jan Luka\u010devi\u010d,<\/li>\n<li>p\u0159edseda spr\u00e1vn\u00ed rady Institutu pro politiku a spole\u010dnost (zalo\u017een\u00e9ho A.Babi\u0161em), d\u0159\u00edve redaktor Respektu Jan Mach\u00e1\u010dek,<\/li>\n<li>europoslanec za ODS\u00a0<strong>Jan Zahradil<\/strong>,<\/li>\n<li>b\u00fdval\u00fd gener\u00e1ln\u00ed \u0159editel N\u00e1rodn\u00ed galerie ne-profesor Ji\u0159\u00ed Fajt,<\/li>\n<li><strong>Ji\u0159\u00ed Pehe<\/strong>\u00a0(jak jinak!),<\/li>\n<li>b\u00fdval\u00fd n\u00e1m\u011bstek ministra \u0161kolstv\u00ed Fialy, dnes n\u00e1m\u011bstek hejtmana Jihomoravsk\u00e9ho kraje Ji\u0159\u00ed Nantl,<\/li>\n<li>b\u00fdval\u00fd n\u00e1m\u011bstek ministra obrany, velvyslanec \u010cR p\u0159i NATO, \u0161\u00e9f Evropsk\u00e9 obrann\u00e9 agentury<strong>\u00a0Ji\u0159\u00ed \u0160ediv\u00fd<\/strong>,<\/li>\n<li>r\u00e1doby nez\u00e1visl\u00fd politick\u00fd koment\u00e1tor Josef Mlejnek ml.,<\/li>\n<li><strong>\u0161\u00e9f \u010desk\u00e9 odborov\u00e9 centr\u00e1ly Josef St\u0159edula,<\/strong><\/li>\n<li>b\u00fdval\u00e1 nejvy\u0161\u0161\u00ed st\u00e1tn\u00ed z\u00e1stupkyn\u011b\u00a0<strong>Lenka Brad\u00e1\u010dov\u00e1<\/strong><\/li>\n<li>r\u00e1doby nez\u00e1visl\u00fd politick\u00fd koment\u00e1tor Lubo\u0161 Palata, st\u00e1l\u00fd spolupracovn\u00edk ve\u0159ejnopr\u00e1vn\u00edho \u010cesk\u00e9ho rozhlasu,<\/li>\n<li><strong>p\u0159edsedkyn\u011b TOP 09 Mark\u00e9ta Pekarov\u00e1 Adamov\u00e1<\/strong><\/li>\n<li>exministr\u00a0<strong>Martin Burs\u00edk<\/strong>,<\/li>\n<li>r\u00e1doby nez\u00e1visl\u00fd politick\u00fd koment\u00e1tor, d\u0159\u00edve \u010dlen veden\u00ed Bakalov\u00fdch Hospod\u00e1\u0159sk\u00fdch novin Martin Ehl,<\/li>\n<li>r\u00e1doby nez\u00e1visl\u00fd politick\u00fd koment\u00e1tor Martin M. \u0160ime\u010dka,<\/li>\n<li>b\u00fdval\u00fd ne\u00fasp\u011b\u0161n\u00fd slovensk\u00fd premi\u00e9r Mikul\u00e1\u0161 Dzurinda,<\/li>\n<li>b\u00fdval\u00fd guvern\u00e9r \u010cNB\u00a0<strong>Miroslav Singer<\/strong>,<\/li>\n<li>b\u00fdval\u00fd \u010dlen bankovn\u00ed rady \u010cNB\u00a0<strong>Mojm\u00edr Hampl<\/strong>,<\/li>\n<li>sinolo\u017eka Olga Lomov\u00e1<\/li>\n<li>r\u00e1doby nez\u00e1visl\u00fd politick\u00fd koment\u00e1tor Respektu\u00a0<strong>Ond\u0159ej Kundra<\/strong><\/li>\n<li>sen\u00e1tor a ne\u00fasp\u011b\u0161n\u00fd kandid\u00e1t na prezidenta\u00a0<strong>Pavel Fischer<\/strong>,<\/li>\n<li>do \u00fanora 2021 gener\u00e1ln\u00ed \u0159editel \u010cSOB Pavel Kav\u00e1nek,<\/li>\n<li>rusk\u00fd, v\u00fdrazn\u011b protiputinovsk\u00fd novin\u00e1\u0159 Pavel Pomerantsev,<\/li>\n<li>r\u00e1doby nez\u00e1visl\u00fd politick\u00fd koment\u00e1tor, st\u00e1l\u00fd spolupracovn\u00edk ve\u0159ejnopr\u00e1vn\u00edho \u010cesk\u00e9ho rozhlasu Petr Holub,<\/li>\n<li>b\u00fdval\u00fd p\u0159edseda vl\u00e1dy a Sen\u00e1tu<strong>\u00a0Petr Pithart,<\/strong><\/li>\n<li>proponovan\u00fd kandid\u00e1t na prezidenta\u00a0<strong>Petr Pavel<\/strong>,<\/li>\n<li>publicista p\u016fsob\u00edc\u00ed ve ve\u0159ejnopr\u00e1vn\u00ed \u010cesk\u00e9 televizi a ve\u0159ejnopr\u00e1vn\u00edm \u010cesk\u00e9m rozhlase Petr Vizina<\/li>\n<li>dlouholet\u00fd pracovn\u00edk \u00dastavu pro studium totalitn\u00edch re\u017eim\u016f Radek Schov\u00e1nek,<\/li>\n<li>b\u00fdval\u00fd n\u00e1m\u011bstek m\u00edstop\u0159edsedy vl\u00e1dy a dnes Viceprezident Svazu pr\u016fmyslu a dopravy\u00a0<strong>Radek \u0160picar<\/strong>,<\/li>\n<li>ministr \u0161kolstv\u00ed \u010cR\u00a0<strong>Robert Plaga,<\/strong><\/li>\n<li>\u0161\u00e9f Ob\u010dansk\u00e9ho institutu<strong>\u00a0Roman Joch<\/strong><\/li>\n<li>r\u00e1doby nez\u00e1visl\u00e1 novin\u00e1\u0159ka Silvie Lauder,<\/li>\n<li>redaktor ve\u0159ejnopr\u00e1vn\u00ed \u010cesk\u00e9 televize\u00a0<strong>Tom\u00e1\u0161 Etzler<\/strong><\/li>\n<li>plze\u0148sk\u00fd biskup Tom\u00e1\u0161 Holub,<\/li>\n<li>b\u00fdval\u00fd ministr, ne\u00fasp\u011b\u0161n\u00fd kandid\u00e1t na prezidenta, dnes \u0161\u00e9f Hospod\u00e1\u0159sk\u00e9 komory\u00a0<strong>Vladim\u00edr Dlouh\u00fd<\/strong>,<\/li>\n<li><strong>Vladim\u00edr \u0160pidla<\/strong>\u00a0(jak jinak!)<\/li>\n<li>b\u00fdval\u00fd multifunkcion\u00e1\u0159, autor v\u00fdroku o tom, \u017ee m\u011bli donbask\u00e9 separatisty pozab\u00edjet a hodit do \u0161karpy,<strong>\u00a0V\u00e1clav Bartu\u0161ka<\/strong>,<\/li>\n<li>p\u0159edseda STAN\u00a0<strong>V\u00edt Raku\u0161an<\/strong>,<\/li>\n<li>pra\u017esk\u00fd prim\u00e1tor\u00a0<strong>Zden\u011bk H\u0159ib,<\/strong><\/li>\n<li>exministryn\u011b\u00a0<strong>Zuzana Roithov\u00e1<\/strong>,<\/li>\n<li>b\u00fdval\u00fd eurokomisa\u0159 za \u010cR \u0160tefan F\u00fcle<\/li>\n<\/ul>\n<\/div>\n<p><strong>Co v\u0161echny tyto lidi spojuje?<\/strong><\/p>\n<div>P\u0159edn\u011b deklarovan\u00e1 podpora budov\u00e1n\u00ed tzv. liber\u00e1ln\u00ed demokracie, a\u010dkoli v n\u00ed p\u0159est\u00e1v\u00e1 m\u00edt to slovo demokracie smysl. A pak tak\u00e9 ostentativn\u00ed verb\u00e1ln\u00ed boj proti nep\u0159\u00e1tel\u016fm jej\u00edch ideologie, alternativn\u00edm n\u00e1zor\u016fm a jejich nositel\u016fm a m\u00e9di\u00edm. To z mnoha jejich \u00fast (a\u017e na v\u00fdjimky) neust\u00e1le sly\u0161\u00edme oso\u010dov\u00e1n\u00ed, \u017ee \u010desk\u00e1 medi\u00e1ln\u00ed alternativa l\u017ee, konspiruje a slou\u017e\u00ed ciz\u00ed moci. A ptejme se: Co d\u011blaj\u00ed v\u0161ichni tito? Ve sv\u00fdch ve\u0159ejn\u00fdch projevech se velmi \u010dasto pram\u00e1lo zab\u00fdvaj\u00ed t\u00edm, zda to, co \u0159\u00edkaj\u00ed, je pravda, nebo jen jist\u00e9mu \u00fa\u010delu slou\u017e\u00edc\u00ed sd\u011blen\u00ed, spojuj\u00ed se pod jednu z\u00e1jmovou st\u0159echu (\u0159\u00edkejme tomu v klidu i konspirace, o\u010d jin\u00e9ho tu m\u016f\u017ee j\u00edt?) a prop\u016fj\u010duj\u00ed sv\u00e9 jm\u00e9no instituci financovan\u00e9 ze zahrani\u010d\u00ed, dokonce z jedn\u00e9 z dominantn\u00edch velmoc\u00ed.<\/div>\n<div><\/div>\n<div>Tak\u017ee o\u010d jde? V tomto \u010dl\u00e1nku o nic men\u0161\u00edho, ne\u017e o jednu z d\u016fle\u017eit\u00fdch dekonspirac\u00ed. O pravdu. A o nez\u00e1vislost na ciz\u00edch z\u00e1jmech, a\u0165 u\u017e p\u0159ich\u00e1zej\u00ed odkudkoliv.<\/div>\n<div><\/div>\n<div><strong>Odhalme jejich tv\u00e1\u0159e a\u017e na d\u0159e\u0148! Nastal \u010das!<\/strong><\/div>\n<div>\u00a0(U Zahradila a Hampla je to \u010dir\u00e1 z\u00e1hada)<\/div>\n<div><\/div>\n<div><a href=\"https:\/\/www.skrytapravda.cz\/domaci\/4190-aspen-institute-vytahneme-seznamy-lidi-ktere-se-udajne-staraji-o-nase-blaho\">Skryt\u00e1 Pravda<\/a><\/div>\n<div><\/div>\n<div><\/div>\n","protected":false},"excerpt":{"rendered":"<p>Indoktrinace a p\u0159ev\u00fdchova lid\u00ed ke \u201espr\u00e1vn\u00e9mu\u201c sv\u011btov\u00e9mu n\u00e1zoru. Dnes se tomu \u0159\u00edk\u00e1 liber\u00e1ln\u00ed demokracie, ale&#8230;<\/p>\n","protected":false},"author":2,"featured_media":4109,"comment_status":"closed","ping_status":"closed","sticky":false,"template":"","format":"standard","meta":[],"categories":[6],"tags":[278,29,1045,1044],"_links":{"self":[{"href":"https:\/\/www.infokuryr.cz\/n\/wp-json\/wp\/v2\/posts\/4108"}],"collection":[{"href":"https:\/\/www.infokuryr.cz\/n\/wp-json\/wp\/v2\/posts"}],"about":[{"href":"https:\/\/www.infokuryr.cz\/n\/wp-json\/wp\/v2\/types\/post"}],"author":[{"embeddable":true,"href":"https:\/\/www.infokuryr.cz\/n\/wp-json\/wp\/v2\/users\/2"}],"replies":[{"embeddable":true,"href":"https:\/\/www.infokuryr.cz\/n\/wp-json\/wp\/v2\/comments?post=4108"}],"version-history":[{"count":0,"href":"https:\/\/www.infokuryr.cz\/n\/wp-json\/wp\/v2\/posts\/4108\/revisions"}],"wp:featuredmedia":[{"embeddable":true,"href":"https:\/\/www.infokuryr.cz\/n\/wp-json\/wp\/v2\/media\/4109"}],"wp:attachment":[{"href":"https:\/\/www.infokuryr.cz\/n\/wp-json\/wp\/v2\/media?parent=4108"}],"wp:term":[{"taxonomy":"category","embeddable":true,"href":"https:\/\/www.infokuryr.cz\/n\/wp-json\/wp\/v2\/categories?post=4108"},{"taxonomy":"post_tag","embeddable":true,"href":"https:\/\/www.infokuryr.cz\/n\/wp-json\/wp\/v2\/tags?post=4108"}],"curies":[{"name":"wp","href":"https:\/\/api.w.org\/{rel}","templated":true}]}}