{"id":41061,"date":"2023-11-27T01:01:33","date_gmt":"2023-11-27T00:01:33","guid":{"rendered":"https:\/\/www.infokuryr.cz\/n\/?p=41061"},"modified":"2023-11-26T15:21:37","modified_gmt":"2023-11-26T14:21:37","slug":"predseda-evropske-rady-pro-vyzkum-vyuzijte-nabozenske-a-vojenske-vudce-pro-ockovaci-kampane","status":"publish","type":"post","link":"https:\/\/www.infokuryr.cz\/n\/2023\/11\/27\/predseda-evropske-rady-pro-vyzkum-vyuzijte-nabozenske-a-vojenske-vudce-pro-ockovaci-kampane\/","title":{"rendered":"P\u0159edseda Evropsk\u00e9 rady pro v\u00fdzkum: Vyu\u017eijte n\u00e1bo\u017eensk\u00e9 a vojensk\u00e9 v\u016fdce pro o\u010dkovac\u00ed kampan\u011b"},"content":{"rendered":"<div id=\"fb-root\"><\/div>\n<div class=\"elementor-element elementor-element-1fb4c2c elementor-widget elementor-widget-theme-post-content\" data-id=\"1fb4c2c\" data-element_type=\"widget\" data-widget_type=\"theme-post-content.default\">\n<div class=\"elementor-widget-container\">\n<p><strong><span>Neobt\u011b\u017eujte se vysv\u011btlov\u00e1n\u00edm v\u011bdy, jen pou\u017eijte n\u00e1bo\u017eensk\u00e9 a vojensk\u00e9 v\u016fdce k o\u010dkov\u00e1n\u00ed lid\u00ed, \u0159\u00edk\u00e1 prezident Evropsk\u00e9 rady pro v\u00fdzkum.<\/span><\/strong><\/p>\n<p><span>Maria Leptin, redaktorka Agendy Sv\u011btov\u00e9ho ekonomick\u00e9ho f\u00f3ra, se domn\u00edv\u00e1, \u017ee vl\u00e1dy by nem\u011bly vyu\u017e\u00edvat v\u011bdu k tomu, aby p\u0159esv\u011bd\u010dily sv\u00e9 ob\u010dany, aby pou\u017e\u00edvali experiment\u00e1ln\u00ed injekce mRNA.\u00a0M\u00edsto toho v\u0161e, co mus\u00edte ud\u011blat, je zapojit \u201en\u00e1bo\u017eensk\u00fd establishment\u201c do manipulace s chov\u00e1n\u00edm lid\u00ed nebo arm\u00e1dn\u00edho gener\u00e1la, aby p\u0159esv\u011bd\u010dili obyvatelstvo, \u017ee zem\u011b je ve v\u00e1lce.<\/span><\/p>\n<p><span>Na Sv\u011btov\u00e9m ekonomick\u00e9m f\u00f3ru v Davosu za\u010d\u00e1tkem tohoto roku prob\u011bhla panelov\u00e1 diskuse o tom, jak by sv\u011bt mohl posunout svou strategii Covidien od boje proti pandemi\u00edm k \u0159\u00edzen\u00ed endemit\u016f.\u00a0Mezi panelisty pat\u0159il St\u00e9phane Bancel, gener\u00e1ln\u00ed \u0159editel spole\u010dnosti Moderna, Shyam Bishen, \u010dlen v\u00fdkonn\u00e9 rady WEF, Seth F. Berkley, b\u00fdval\u00fd gener\u00e1ln\u00ed \u0159editel GAVI a spoluzakladatel COVAX, Michelle Williams z Harvardsk\u00e9 univerzity a Maria Leptin, prezidentka Evropsk\u00e9 rady pro v\u00fdzkum .<\/span><\/p>\n<p><span>&#8222;Pandemie Covid-19 pouk\u00e1zala na obt\u00ed\u017ee a rizika v\u011bdeck\u00e9ho pop\u00edr\u00e1n\u00ed&#8230; jak vid\u00edte situaci nyn\u00ed, zlep\u0161ila se nebo ne?&#8220; zeptala se moder\u00e1torka Euronews Sasha Vakulina Leptin.<\/span><\/p>\n<p><a href=\"https:\/\/stranapro.cz\/\"><img decoding=\"async\" loading=\"lazy\" class=\"alignnone  wp-image-40285 aligncenter\" src=\"http:\/\/www.infokuryr.cz\/n\/wp-content\/uploads\/2023\/11\/11pro-300x79.png\" alt=\"\" width=\"562\" height=\"148\" srcset=\"https:\/\/www.infokuryr.cz\/n\/wp-content\/uploads\/2023\/11\/11pro-300x79.png 300w, https:\/\/www.infokuryr.cz\/n\/wp-content\/uploads\/2023\/11\/11pro.png 363w\" sizes=\"(max-width: 562px) 100vw, 562px\" \/><\/a><\/p>\n<p><span>&#8222;P\u0159\u00e1l bych si, aby se zlep\u0161ila,&#8220; odpov\u011bd\u011bl Leptin, &#8222;a j\u00e1 jsem v\u00e1\u0161niv\u00fd v\u011bdec.&#8220;\u00a0V\u011b\u0159\u00ed v\u0161ak, \u017ee v\u011bda za vakc\u00ednami by nem\u011bla b\u00fdt vysv\u011btlov\u00e1na a ve\u0159ejnost by m\u011bla b\u00fdt udr\u017eov\u00e1na v nev\u011bdomosti.\u00a0Leptin se domn\u00edv\u00e1, \u017ee o\u010dkovac\u00ed kampan\u011b by nem\u011bly b\u00fdt prov\u00e1d\u011bny s informovan\u00fdm souhlasem, ale m\u011bly by b\u00fdt obyvatelstvu vnucov\u00e1ny manipulac\u00ed nebo n\u00e1tlakem.\u00a0Tato taktika je pravd\u011bpodobn\u011b neju\u017eite\u010dn\u011bj\u0161\u00ed, kdy\u017e v\u011bda zalo\u017een\u00e1 na d\u016fkazech nepodporuje \u201ev\u011bdu\u201c a populace ji pravd\u011bpodobn\u011b zpochyb\u0148uje.<\/span><\/p>\n<p><span>&#8222;Dv\u011b ze zem\u00ed, kter\u00e9 byly nej\u00fasp\u011b\u0161n\u011bj\u0161\u00ed v dosahov\u00e1n\u00ed vysok\u00e9 proo\u010dkovanosti, toho nedos\u00e1hly t\u00edm, \u017ee by jejich ob\u010dan\u00e9 porozum\u011bli v\u011bd\u011b,&#8220; \u0159ekla.<\/span><\/p>\n<p><span>\u201eJedn\u00edm je Bh\u00fat\u00e1n, kde velmi \u00fasp\u011b\u0161n\u011b p\u0159ipravili kampa\u0148, kter\u00e1 zohlednila pot\u0159eby zem\u011b a ob\u010dan\u016f, informovala a dokonce zapojila n\u00e1bo\u017eensk\u00e9 autority, aby na\u0161li spr\u00e1vn\u00fd \u010das a datum, a dos\u00e1hli fantastick\u00e9 proo\u010dkovanosti.\u00a0\u017d\u00e1dn\u00e1 v\u011bda nebyla vysv\u011btlena.<\/span><\/p>\n<p><span>\u201eDal\u0161\u00ed p\u0159\u00edklad, kter\u00fd zn\u00e1m, je Portugalsko, kde bylo ta\u017een\u00ed sv\u011b\u0159eno arm\u00e1dn\u00edmu gener\u00e1lovi ve v\u00fdslu\u017eb\u011b.\u00a0Gener\u00e1l arm\u00e1dy zach\u00e1zel se zem\u00ed jako se sv\u00fdmi jednotkami a shrom\u00e1\u017edil jednotky.\u00a0Vyhl\u00e1sil v\u00e1lku za v\u00e1lku, kterou chce zem\u011b spole\u010dn\u011b vybojovat ve vlasteneck\u00e9m z\u00e1palu.\u00a0A byli tam naho\u0159e, mysl\u00edm, l\u00edd\u0159i v Evrop\u011b, ne-li ve sv\u011bt\u011b.\u00a0Tak\u017ee \u017e\u00e1dn\u00e1 v\u011bda.\u00a0Na to bychom nem\u011bli zapom\u00ednat.<\/span><\/p>\n<p><span>&#8222;Dobr\u00e9 pl\u00e1nov\u00e1n\u00ed, promy\u0161len\u00e1 integrace v jedn\u00e9 zemi a spr\u00e1vn\u00fd p\u0159\u00edstup v jin\u00e9.&#8220;<\/span><\/p>\n<figure class=\"wp-block-embed is-type-video is-provider-youtube wp-block-embed-youtube wp-embed-aspect-16-9 wp-has-aspect-ratio\">\n<div class=\"wp-block-embed__wrapper\"><iframe loading=\"lazy\" title=\"Stav pandemie |  Sv\u011btov\u00e9 ekonomick\u00e9 f\u00f3rum |  Davos 2023\" src=\"https:\/\/www.youtube.com\/embed\/nXlCiFaBP1s?start=827&amp;feature=oembed\" width=\"800\" height=\"450\" frameborder=\"0\" allowfullscreen=\"allowfullscreen\" data-mce-fragment=\"1\"><\/iframe><\/div>\n<\/figure>\n<p><span>O\u010dkov\u00e1n\u00ed proti Covidu bylo a je obrovsk\u00fdm experimentem na sv\u011btov\u00e9 populaci.\u00a0D\u016fle\u017eit\u00fdm detailem p\u0159ehl\u00ed\u017een\u00fdm v\u0161emi panelisty a moder\u00e1torem je, \u017ee v obou p\u0159\u00edkladech, kter\u00e9 Leptin citoval, p\u0159\u00edjemci experiment\u00e1ln\u00edch injekc\u00ed dobrovoln\u011b nesouhlasili.<\/span><\/p>\n<p><span>Leptinov\u00e1 a jej\u00ed kolegov\u00e9 diskutuj\u00edc\u00ed by si m\u011bli p\u0159ipomenout obsah nejd\u016fle\u017eit\u011bj\u0161\u00edho dokumentu v historii etiky l\u00e9ka\u0159sk\u00e9ho v\u00fdzkumu, Norimbersk\u00e9ho kodexu.<\/span><\/p>\n<p><span>Prvn\u00ed z deseti kodex\u016f p\u0159ijat\u00fdch v Norimberku v roce 1947 uv\u00e1d\u00ed: \u201eDobrovoln\u00fd souhlas testovan\u00e9ho je naprosto nezbytn\u00fd.\u00a0New England Journal of Medicine (\u201cNEJM\u201d) poskytuje\u00a0<\/span><a href=\"https:\/\/www.nejm.org\/doi\/full\/10.1056\/nejm199711133372006\" target=\"_blank\" rel=\"noreferrer noopener\" data-type=\"link\" data-id=\"https:\/\/www.nejm.org\/doi\/full\/10.1056\/nejm199711133372006\"><span>dal\u0161\u00ed podrobnosti<\/span><\/a><span>\u00a0:<\/span><\/p>\n<p><em><span>To znamen\u00e1, \u017ee subjekt \u00fadaj\u016f mus\u00ed m\u00edt zp\u016fsobilost ud\u011blit souhlas;\u00a0\u017ee mus\u00ed m\u00edt mo\u017enost se rozhodnout svobodn\u011b a bez pou\u017eit\u00ed s\u00edly, podvodu, klamu, n\u00e1tlaku, n\u00e1tlaku nebo jin\u00fdch forem n\u00e1tlaku nebo n\u00e1tlaku;\u00a0a \u017ee mus\u00ed m\u00edt dostate\u010dn\u00e9 znalosti a porozum\u011bn\u00ed prvk\u016fm p\u0159edm\u011btu v\u00fdzkumu, aby mohla u\u010dinit informovan\u00e9 rozhodnut\u00ed.<\/span><\/em><\/p>\n<p><em><span>Ten vy\u017eaduje, aby p\u0159ed ud\u011blen\u00edm souhlasu byl subjekt informov\u00e1n o povaze, trv\u00e1n\u00ed a \u00fa\u010delu experimentu, metod\u011b a prost\u0159edc\u00edch, kter\u00fdmi m\u00e1 b\u00fdt proveden, o v\u0161ech nep\u0159\u00edjemnostech a nebezpe\u010d\u00edch, kter\u00e1 lze rozumn\u011b o\u010dek\u00e1vat, jako\u017e i jako \u00fa\u010dinky na jeho zdrav\u00ed Osoba, kter\u00e1 m\u016f\u017ee vyplynout z \u00fa\u010dasti na experimentu, je informov\u00e1na.<\/span><\/em><\/p>\n<p><em><span>Povinnost a odpov\u011bdnost ur\u010dit kvalitu souhlasu le\u017e\u00ed na ka\u017ed\u00e9 osob\u011b, kter\u00e1 experiment iniciuje, vede nebo se ho \u00fa\u010dastn\u00ed.\u00a0Je to osobn\u00ed povinnost a odpov\u011bdnost, kterou nelze beztrestn\u011b delegovat na jin\u00e9.<\/span><\/em><\/p>\n<p><span>Jak m\u016f\u017ee osoba, kter\u00e1 iniciuje, \u0159\u00edd\u00ed nebo prov\u00e1d\u011bj\u00ed experiment, z\u00edskat nezbytn\u00fd dobrovoln\u00fd souhlas od \u00fa\u010dastn\u00edka, ani\u017e by vysv\u011btlila v\u011bdu?<\/span><\/p>\n<\/div>\n<\/div>\n<div class=\"elementor-element elementor-element-8c57238 quelle dc-has-condition dc-condition-empty elementor-widget elementor-widget-heading\" data-id=\"8c57238\" data-element_type=\"widget\" data-widget_type=\"heading.default\">\n<div class=\"elementor-widget-container\">\n<h3 class=\"elementor-heading-title elementor-size-default\"><span style=\"font-size: 8pt;\"><a href=\"https:\/\/expose-news.com\/2023\/11\/22\/dont-bother-explaining-the-science-just-use\/\" target=\"_blank\" rel=\"nofollow noopener\">ZDROJ<\/a><\/p>\n<p><\/span><\/h3>\n<\/div>\n<\/div>\n","protected":false},"excerpt":{"rendered":"<p>Neobt\u011b\u017eujte se vysv\u011btlov\u00e1n\u00edm v\u011bdy, jen pou\u017eijte n\u00e1bo\u017eensk\u00e9 a vojensk\u00e9 v\u016fdce k o\u010dkov\u00e1n\u00ed lid\u00ed, \u0159\u00edk\u00e1 prezident&#8230;<\/p>\n","protected":false},"author":2,"featured_media":11278,"comment_status":"closed","ping_status":"closed","sticky":false,"template":"","format":"standard","meta":[],"categories":[7],"tags":[80,41,173,524,213,1051,5492],"_links":{"self":[{"href":"https:\/\/www.infokuryr.cz\/n\/wp-json\/wp\/v2\/posts\/41061"}],"collection":[{"href":"https:\/\/www.infokuryr.cz\/n\/wp-json\/wp\/v2\/posts"}],"about":[{"href":"https:\/\/www.infokuryr.cz\/n\/wp-json\/wp\/v2\/types\/post"}],"author":[{"embeddable":true,"href":"https:\/\/www.infokuryr.cz\/n\/wp-json\/wp\/v2\/users\/2"}],"replies":[{"embeddable":true,"href":"https:\/\/www.infokuryr.cz\/n\/wp-json\/wp\/v2\/comments?post=41061"}],"version-history":[{"count":1,"href":"https:\/\/www.infokuryr.cz\/n\/wp-json\/wp\/v2\/posts\/41061\/revisions"}],"predecessor-version":[{"id":41062,"href":"https:\/\/www.infokuryr.cz\/n\/wp-json\/wp\/v2\/posts\/41061\/revisions\/41062"}],"wp:featuredmedia":[{"embeddable":true,"href":"https:\/\/www.infokuryr.cz\/n\/wp-json\/wp\/v2\/media\/11278"}],"wp:attachment":[{"href":"https:\/\/www.infokuryr.cz\/n\/wp-json\/wp\/v2\/media?parent=41061"}],"wp:term":[{"taxonomy":"category","embeddable":true,"href":"https:\/\/www.infokuryr.cz\/n\/wp-json\/wp\/v2\/categories?post=41061"},{"taxonomy":"post_tag","embeddable":true,"href":"https:\/\/www.infokuryr.cz\/n\/wp-json\/wp\/v2\/tags?post=41061"}],"curies":[{"name":"wp","href":"https:\/\/api.w.org\/{rel}","templated":true}]}}