{"id":41050,"date":"2023-11-26T05:25:00","date_gmt":"2023-11-26T04:25:00","guid":{"rendered":"https:\/\/www.infokuryr.cz\/n\/?p=41050"},"modified":"2023-11-26T05:46:27","modified_gmt":"2023-11-26T04:46:27","slug":"studie-zjistila-ze-2-3-lidi-ockovanych-proti-covid-19-trpi-zdravotnimi-komplikacemi-i-po-roce","status":"publish","type":"post","link":"https:\/\/www.infokuryr.cz\/n\/2023\/11\/26\/studie-zjistila-ze-2-3-lidi-ockovanych-proti-covid-19-trpi-zdravotnimi-komplikacemi-i-po-roce\/","title":{"rendered":"Studie zjistila, \u017ee 2\/3 lid\u00ed o\u010dkovan\u00fdch proti Covid-19 trp\u00ed zdravotn\u00edmi komplikacemi i po roce"},"content":{"rendered":"<div id=\"fb-root\"><\/div>\n<p>Ned\u00e1vn\u00e1 studie publikovan\u00e1 v odborn\u00e9m \u010dasopise\u00a0<em>ScienceDirect<\/em>\u00a0odhalila, \u017ee t\u00e9m\u011b\u0159 dv\u011b t\u0159etiny p\u0159\u00edjemc\u016f vakc\u00edny proti onemocn\u011bn\u00ed Covid-19 trp\u00ed zdravotn\u00edmi komplikacemi i rok po o\u010dkov\u00e1n\u00ed.<\/p>\n<p>Studie financovan\u00e1 Indickou radou pro l\u00e9ka\u0159sk\u00fd v\u00fdzkum v hlavn\u00edm m\u011bst\u011b Nov\u00e9m Dill\u00ed, proveden\u00e1 v obdob\u00ed od z\u00e1\u0159\u00ed 2021 do kv\u011btna 2023 se zam\u011b\u0159ila na potenci\u00e1ln\u00ed syndrom z o\u010dkov\u00e1n\u00ed proti Covid-19 (PCVS) a jeho vliv na kvalitu \u017eivota dosp\u011bl\u00fdch Ind\u016f ve v\u011bku 18 a v\u00edce let , kte\u0159\u00ed obdr\u017eeli vakc\u00ednu COVAXIN od spole\u010dnosti Bharat Biotech nebo vakc\u00ednu od spole\u010dnosti AstraZeneca.<\/p>\n<p>(Souvisej\u00edc\u00ed: Australsk\u00e1 here\u010dka\u00a0<a href=\"https:\/\/www.naturalnews.com\/2023-11-19-actress-sues-astrazeneca-for-life-threatening-vaccine-injury-but-continues-pushing-covid-jabs.html\" target=\"_blank\" rel=\"noopener\">\u017ealuje<\/a>\u00a0AstraZenecu za \u017eivot ohro\u017euj\u00edc\u00ed po\u0161kozen\u00ed zdrav\u00ed vakc\u00ednou, p\u0159esto nad\u00e1le obhajuje jin\u00e9 \u201evakc\u00edny\u201c proti Covidu-19.)<\/p>\n<p>Podle autor\u016f studie Yogendra Shrestha a Rajesh Venkataramana z Katedry farmaceutick\u00e9 praxe na Farmaceutick\u00e9 fakult\u011b Sri Adichunchanagiri, a\u017e 52,8 % p\u0159\u00edjemc\u016f vakc\u00edny za\u017eilo alespo\u0148 jeden projev postvakcina\u010dn\u00edho syndromu m\u011bs\u00edc po prvn\u00edm o\u010dkov\u00e1n\u00ed.<\/p>\n<p>\u0160okuj\u00edc\u00ed je, \u017ee toto \u010d\u00edslo se za 12 m\u011bs\u00edc\u016f zv\u00fd\u0161ilo na 64,6%.\u00a0Celkov\u011b m\u011bl postvakcina\u010dn\u00ed syndrom vy\u0161\u0161\u00ed v\u00fdskyt mezi jedinci o\u010dkovan\u00fdmi vakc\u00ednou od AstraZenecy (65,59%) v porovn\u00e1n\u00ed s COVAXINEM (59,4%).<\/p>\n<p>Je tak\u00e9 pozoruhodn\u00e9, \u017ee lid\u00e9, kte\u0159\u00ed se rozhodli pro p\u0159eo\u010dkov\u00e1n\u00ed posiluj\u00edc\u00ed d\u00e1vkou, m\u011bli je\u0161t\u011b vy\u0161\u0161\u00ed m\u00edru postvakcina\u010dn\u00edho syndromu, p\u0159i\u010dem\u017e v\u00edce ne\u017e 80% z nich hl\u00e1silo zdravotn\u00ed komplikace.\u00a0V\u00fdskyt zdravotn\u00edch probl\u00e9m\u016f se \u010dasem sni\u017euje, ale op\u011bt se zv\u00fd\u0161\u00ed po p\u0159eo\u010dkov\u00e1n\u00ed.<\/p>\n<p>Kvalita \u017eivota se naopak \u010dasem zlep\u0161uje, ale po posilovac\u00edch d\u00e1vk\u00e1ch kles\u00e1.<\/p>\n<p>Krom\u011b toho auto\u0159i poznamenali, \u017ee v diskus\u00edch o vlivu o\u010dkov\u00e1n\u00ed na lidi s takzvan\u00fdm \u201ep\u0159etrv\u00e1vaj\u00edc\u00edm covidem\u201c zazn\u011bly r\u016fzn\u00e9 n\u00e1zory.<\/p>\n<p><em>\u201eN\u011bkter\u00e9 d\u016fkazy nazna\u010duj\u00ed zm\u011bnu, zlep\u0161en\u00ed, pokra\u010dov\u00e1n\u00ed nebo dokonce i zhor\u0161en\u00ed dlouhodob\u00fdch symptom\u016f p\u0159etrv\u00e1vaj\u00edc\u00edho covidu po o\u010dkov\u00e1n\u00ed.\u00a0Pom\u011br zm\u011bny titr\u016f protil\u00e1tek byl v\u00fdrazn\u011b v\u011bt\u0161\u00ed ve skupin\u011b lid\u00ed, u kter\u00fdch se projevy onemocn\u011bn\u00ed zhor\u0161ily.\u201c<\/em><\/p>\n<h2><span style=\"font-size: 14pt;\">Americk\u00e9 Centrum pro prevenci a kontrolu onemocn\u011bn\u00ed (CDC) st\u00e1le doporu\u010duje vakc\u00edny proti Covidu-19, navzdory d\u016fkaz\u016fm o jejich ne\u017e\u00e1douc\u00edch \u00fa\u010dinc\u00edch z n\u011bkolika studi\u00ed<\/span><\/h2>\n<p>Tato kontroverzn\u00ed studie se p\u0159id\u00e1v\u00e1 k rostouc\u00edmu po\u010dtu v\u00fdzkum\u016f, kter\u00e9 nazna\u010duj\u00ed potenci\u00e1ln\u00ed zdravotn\u00ed komplikace spojen\u00e9 s o\u010dkov\u00e1n\u00edm proti Covidu-19.<\/p>\n<p>B\u0159eznov\u00fd p\u0159ehled publikovan\u00fd v\u00a0<em>National Library of Medicine<\/em>\u00a0(N\u00e1rodn\u00ed knihovna medic\u00edny) analyzoval 81 \u010dl\u00e1nk\u016f potvrzuj\u00edc\u00edch kardiovaskul\u00e1rn\u00ed komplikace u 17 636 jedinc\u016f, kte\u0159\u00ed dostali mRNA vakc\u00ednu.<\/p>\n<p>Studie uv\u00e1d\u00ed 284 \u00famrt\u00ed, p\u0159i\u010dem\u017e tromb\u00f3za je \u010dast\u00fdm probl\u00e9mem spojen\u00fdm s mRNA \u201evakc\u00ednami\u201c.<\/p>\n<div class=\"code-block code-block-9\">\n<div id=\"badat-992785055\">\n<p><a href=\"https:\/\/stranapro.cz\/\"><img decoding=\"async\" loading=\"lazy\" class=\"alignnone wp-image-40285 aligncenter\" src=\"http:\/\/www.infokuryr.cz\/n\/wp-content\/uploads\/2023\/11\/11pro-300x79.png\" alt=\"\" width=\"505\" height=\"133\" srcset=\"https:\/\/www.infokuryr.cz\/n\/wp-content\/uploads\/2023\/11\/11pro-300x79.png 300w, https:\/\/www.infokuryr.cz\/n\/wp-content\/uploads\/2023\/11\/11pro.png 363w\" sizes=\"(max-width: 505px) 100vw, 505px\" \/><\/a><\/p>\n<\/div>\n<\/div>\n<p>Vakc\u00edna od spole\u010dnosti Pfizer se nej\u010dast\u011bji poj\u00ed s tromb\u00f3zami, zat\u00edmco p\u0159\u00edjemci vakc\u00edny Moderna zaznamenali vy\u0161\u0161\u00ed v\u00fdskyt mozkov\u00fdch mrtvic.\u00a0Kardiolog Peter McCullough popsal tato zji\u0161t\u011bn\u00ed jako \u201ekatastrofu kardiovaskul\u00e1rn\u00ed bezpe\u010dnosti\u201c, p\u0159i\u010dem\u017e zpochyb\u0148uje ve\u0159ejn\u00e9 zdravotnick\u00e9 \u00fa\u0159ady kv\u016fli jejich neust\u00e1l\u00e9 propagaci t\u011bchto vakc\u00edn.<\/p>\n<p>V p\u0159\u00edsp\u011bvku na Substacku ze dne 11. listopadu 2023 Dr.\u00a0McCullough zd\u016fraznil, \u017ee 284 dob\u0159e popsan\u00fdch\u00a0<a href=\"https:\/\/www.badatel.net\/po-ockovani-proti-covidu-malo-833-sportovcov-vazne-nasledky-540-zomrelo\/\">\u00famrt\u00ed<\/a>\u00a0v d\u016fsledku kardiovaskul\u00e1rn\u00edch a trombotick\u00fdch komplikac\u00ed by m\u011blo podn\u00edtit glob\u00e1ln\u00ed sta\u017een\u00ed vakc\u00edn.\u00a0Pr\u016fm\u011brn\u00fd \u010das mezi o\u010dkov\u00e1n\u00edm a n\u00e1stupem symptom\u016f byl hl\u00e1\u0161en 5,6 dne pro vakc\u00edny Moderna a 4,8 dne pro vakc\u00edny Pfizer.<\/p>\n<p>Krom\u011b toho, p\u0159edprintov\u00e1 studie publikovan\u00e1 na port\u00e1lu medRxiv odhalila \u010dast\u00e9 chronick\u00e9 symptomy mezi p\u0159\u00edjemci vakc\u00edny, v\u010detn\u011b:<\/p>\n<ul>\n<li>nadm\u011brn\u00e9 \u00fanavy<\/li>\n<li>mozkov\u00e9 mlhy<\/li>\n<li>necitlivosti v kon\u010detin\u00e1ch<\/li>\n<li>neuropatie (po\u0161kozen\u00ed nerv\u016f)<\/li>\n<li>nesn\u00e1\u0161enlivosti cvi\u010den\u00ed<\/li>\n<\/ul>\n<p>Nejm\u00e9n\u011b polovina \u00fa\u010dastn\u00edk\u016f s medi\u00e1nem \u010detnosti 22 symptom\u016f tak\u00e9 hl\u00e1sila z\u00e1vrat\u011b, pocity p\u00e1len\u00ed, hu\u010den\u00ed v u\u0161\u00edch, bolesti hlavy, nespavost, bu\u0161en\u00ed srdce a myalgii (bolesti sval\u016f).<\/p>\n<p>Navzdory v\u0161em t\u011bmto obav\u00e1m v\u0161ak americk\u00e9 Centrum pro kontrolu a prevenci nemoc\u00ed (CDC) st\u00e1le doporu\u010duje pro roky 2023 \u2013 2024 aktualizovan\u00e9 vakc\u00edny proti Covid-19 od spole\u010dnost\u00ed Pfizer, Moderna a Novavax, a to i pro d\u011bti ve v\u011bku od \u0161esti m\u011bs\u00edc\u016f.<\/p>\n<p>\u00da\u0159ady trvaj\u00ed na tom, \u017ee tato o\u010dkov\u00e1n\u00ed jsou nezbytn\u00e1 k ochran\u011b p\u0159ed v\u00e1\u017en\u00fdm pr\u016fb\u011bhem onemocn\u011bn\u00ed Covid-19.\u00a0Ned\u00e1vn\u00e9 vl\u00e1dn\u00ed z\u00e1znamy v\u0161ak odhalily, \u017ee v roce 2021 se mezi o\u010dkovan\u00fdmi jednotlivci vyskytlo v\u00edce ne\u017e p\u011bt milion\u016f infekc\u00ed Covidu-19.<\/p>\n<p>Podobn\u011b na Slovensku nov\u00e1 ministryn\u011b zdravotnictv\u00ed Dolinkov\u00e1 nam\u00edsto zru\u0161en\u00ed o\u010dkov\u00e1n\u00ed proti Covidu-19 se sna\u017e\u00ed o roz\u0161\u00ed\u0159en\u00ed o\u010dkovac\u00edch kapacit a zkr\u00e1cen\u00ed \u010dasu \u010dek\u00e1n\u00ed pro z\u00e1jemce o toto o\u010dkov\u00e1n\u00ed.<\/p>\n<h2>Z\u00e1v\u011br<\/h2>\n<p>V\u00edce informac\u00ed o nebezpe\u010d\u00edch vakc\u00edn proti Covidu-19 naleznete na str\u00e1nce\u00a0<a href=\"https:\/\/vaccines.news\/\" target=\"_blank\" rel=\"noopener\">Vaccines.news<\/a>\u00a0.<\/p>\n<p>V n\u00e1sleduj\u00edc\u00edm\u00a0<a href=\"https:\/\/www.brighteon.com\/859ddd60-e1f2-4bdb-b15b-7435de54a262\" target=\"_blank\" rel=\"noopener\">videu<\/a>\u00a0si prohl\u00e9dn\u011bte, jak britsk\u00fd poslanec Andrew Bridgen vyz\u00fdv\u00e1 k zastaven\u00ed pod\u00e1v\u00e1n\u00ed mRNA vakc\u00edn proti Covidu-19 v Doln\u00ed sn\u011bmovn\u011b parlamentu (v angli\u010dtin\u011b):<\/p>\n<p><iframe loading=\"lazy\" src=\"https:\/\/www.brighteon.com\/embed\/859ddd60-e1f2-4bdb-b15b-7435de54a262\" width=\"580\" height=\"326\" frameborder=\"0\" allowfullscreen=\"allowfullscreen\" data-mce-fragment=\"1\"><\/iframe><\/p>\n<p>Autor: Laura Harrisov\u00e1, Zdroj:\u00a0<a href=\"https:\/\/www.naturalnews.com\/2023-11-22-study-two-thirds-vaccinated-suffer-from-complications.html\" target=\"_blank\" rel=\"noopener\">naturalnews.com<\/a><\/p>\n","protected":false},"excerpt":{"rendered":"<p>Ned\u00e1vn\u00e1 studie publikovan\u00e1 v odborn\u00e9m \u010dasopise\u00a0ScienceDirect\u00a0odhalila, \u017ee t\u00e9m\u011b\u0159 dv\u011b t\u0159etiny p\u0159\u00edjemc\u016f vakc\u00edny proti onemocn\u011bn\u00ed Covid-19&#8230;<\/p>\n","protected":false},"author":2,"featured_media":11677,"comment_status":"closed","ping_status":"closed","sticky":false,"template":"","format":"standard","meta":[],"categories":[7],"tags":[23,213,651,21],"_links":{"self":[{"href":"https:\/\/www.infokuryr.cz\/n\/wp-json\/wp\/v2\/posts\/41050"}],"collection":[{"href":"https:\/\/www.infokuryr.cz\/n\/wp-json\/wp\/v2\/posts"}],"about":[{"href":"https:\/\/www.infokuryr.cz\/n\/wp-json\/wp\/v2\/types\/post"}],"author":[{"embeddable":true,"href":"https:\/\/www.infokuryr.cz\/n\/wp-json\/wp\/v2\/users\/2"}],"replies":[{"embeddable":true,"href":"https:\/\/www.infokuryr.cz\/n\/wp-json\/wp\/v2\/comments?post=41050"}],"version-history":[{"count":0,"href":"https:\/\/www.infokuryr.cz\/n\/wp-json\/wp\/v2\/posts\/41050\/revisions"}],"wp:featuredmedia":[{"embeddable":true,"href":"https:\/\/www.infokuryr.cz\/n\/wp-json\/wp\/v2\/media\/11677"}],"wp:attachment":[{"href":"https:\/\/www.infokuryr.cz\/n\/wp-json\/wp\/v2\/media?parent=41050"}],"wp:term":[{"taxonomy":"category","embeddable":true,"href":"https:\/\/www.infokuryr.cz\/n\/wp-json\/wp\/v2\/categories?post=41050"},{"taxonomy":"post_tag","embeddable":true,"href":"https:\/\/www.infokuryr.cz\/n\/wp-json\/wp\/v2\/tags?post=41050"}],"curies":[{"name":"wp","href":"https:\/\/api.w.org\/{rel}","templated":true}]}}