{"id":41047,"date":"2023-11-26T01:20:34","date_gmt":"2023-11-26T00:20:34","guid":{"rendered":"https:\/\/www.infokuryr.cz\/n\/?p=41047"},"modified":"2023-11-25T12:54:36","modified_gmt":"2023-11-25T11:54:36","slug":"rusko-prislo-kvuli-sankcim-o-76-osobnich-dopravnich-letadel","status":"publish","type":"post","link":"https:\/\/www.infokuryr.cz\/n\/2023\/11\/26\/rusko-prislo-kvuli-sankcim-o-76-osobnich-dopravnich-letadel\/","title":{"rendered":"Rusko p\u0159i\u0161lo kv\u016fli sankc\u00edm o 76 osobn\u00edch dopravn\u00edch letadel"},"content":{"rendered":"<div id=\"fb-root\"><\/div>\n<p class=\"lead\"><strong>Rusk\u00e1 federace p\u0159i\u0161la o 76 sv\u00fdch osobn\u00edch letadel v d\u016fsledku sankc\u00ed, kter\u00e9 byly uvaleny na leteck\u00fd pr\u016fmysl na\u0161\u00ed zem\u011b.<\/strong><\/p>\n<p><span>Informuje o tom agentura\u00a0<\/span><a href=\"https:\/\/ria.ru\/\" target=\"_blank\" rel=\"noopener\"><span>RIA Novosti<\/span><\/a><span>\u00a0s odvol\u00e1n\u00edm na prohl\u00e1\u0161en\u00ed ministra dopravy Rusk\u00e9 federace\u00a0<\/span><strong><span>Vitalije Saveljeva<\/span><\/strong><span>\u00a0.<\/span><\/p>\n<p><em>\u201eRozhodnut\u00ed o odebr\u00e1n\u00ed letadel n\u00e1s ne\u010dekan\u011b zasko\u010dilo.\u00a0Celkem jsme ztratili 76 osobn\u00edch letadel,\u201c<span class=\"after-quote\">\u00a0&#8211; \u0159ekl.<\/span><\/em><\/p>\n<p><span>\u0160\u00e9f resortu tak\u00e9 poznamenal, \u017ee dotace na osobn\u00ed lety rusk\u00fdch aerolini\u00ed maj\u00ed v roce 2024 dos\u00e1hnout 25 miliard rubl\u016f.<\/span><\/p>\n<p><span>Pro srovn\u00e1n\u00ed, v roce 2022 obdr\u017eely rusk\u00e9 aerolinky kompenzaci v\u00fddaj\u016f za lety v r\u00e1mci zem\u011b pod sankcemi 100 miliard rubl\u016f, v roce 2023 \u010dinila v\u00fd\u0161e dotac\u00ed 60 miliard rubl\u016f.<\/span><\/p>\n<p><strong><span>M\u00e9dia <\/span><\/strong><span>\u00a0ji\u017e d\u0159\u00edve\u00a0uvedla, \u017ee podle rusk\u00e9ho ministerstva dopravy osobn\u00ed p\u0159eprava dom\u00e1c\u00edch leteck\u00fdch spole\u010dnost\u00ed v prvn\u00ed polovin\u011b roku <\/span><span>dos\u00e1hla 53 milion\u016f lid\u00ed<\/span><span> .<\/span><\/p>\n<p><img decoding=\"async\" loading=\"lazy\" class=\"alignnone size-full wp-image-1185\" src=\"http:\/\/www.infokuryr.cz\/n\/wp-content\/uploads\/2021\/04\/kuryr-podpis.png\" alt=\"\" width=\"84\" height=\"24\" \/><\/p>\n<p>&nbsp;<\/p>\n<p><a href=\"https:\/\/stranapro.cz\/\"><img decoding=\"async\" loading=\"lazy\" class=\"wp-image-40286 aligncenter\" src=\"http:\/\/www.infokuryr.cz\/n\/wp-content\/uploads\/2023\/11\/12pro-300x87.png\" alt=\"\" width=\"797\" height=\"231\" srcset=\"https:\/\/www.infokuryr.cz\/n\/wp-content\/uploads\/2023\/11\/12pro-300x87.png 300w, https:\/\/www.infokuryr.cz\/n\/wp-content\/uploads\/2023\/11\/12pro.png 366w\" sizes=\"(max-width: 797px) 100vw, 797px\" \/><\/a><\/p>\n<p>&nbsp;<\/p>\n<p>&nbsp;<\/p>\n<p>&nbsp;<\/p>\n<p>&nbsp;<\/p>\n","protected":false},"excerpt":{"rendered":"<p>Rusk\u00e1 federace p\u0159i\u0161la o 76 sv\u00fdch osobn\u00edch letadel v d\u016fsledku sankc\u00ed, kter\u00e9 byly uvaleny na&#8230;<\/p>\n","protected":false},"author":2,"featured_media":41048,"comment_status":"closed","ping_status":"closed","sticky":false,"template":"","format":"standard","meta":[],"categories":[7],"tags":[457,22,125],"_links":{"self":[{"href":"https:\/\/www.infokuryr.cz\/n\/wp-json\/wp\/v2\/posts\/41047"}],"collection":[{"href":"https:\/\/www.infokuryr.cz\/n\/wp-json\/wp\/v2\/posts"}],"about":[{"href":"https:\/\/www.infokuryr.cz\/n\/wp-json\/wp\/v2\/types\/post"}],"author":[{"embeddable":true,"href":"https:\/\/www.infokuryr.cz\/n\/wp-json\/wp\/v2\/users\/2"}],"replies":[{"embeddable":true,"href":"https:\/\/www.infokuryr.cz\/n\/wp-json\/wp\/v2\/comments?post=41047"}],"version-history":[{"count":0,"href":"https:\/\/www.infokuryr.cz\/n\/wp-json\/wp\/v2\/posts\/41047\/revisions"}],"wp:featuredmedia":[{"embeddable":true,"href":"https:\/\/www.infokuryr.cz\/n\/wp-json\/wp\/v2\/media\/41048"}],"wp:attachment":[{"href":"https:\/\/www.infokuryr.cz\/n\/wp-json\/wp\/v2\/media?parent=41047"}],"wp:term":[{"taxonomy":"category","embeddable":true,"href":"https:\/\/www.infokuryr.cz\/n\/wp-json\/wp\/v2\/categories?post=41047"},{"taxonomy":"post_tag","embeddable":true,"href":"https:\/\/www.infokuryr.cz\/n\/wp-json\/wp\/v2\/tags?post=41047"}],"curies":[{"name":"wp","href":"https:\/\/api.w.org\/{rel}","templated":true}]}}