{"id":4094,"date":"2021-08-16T01:49:52","date_gmt":"2021-08-15T23:49:52","guid":{"rendered":"http:\/\/www.infokuryr.cz\/n\/?p=4094"},"modified":"2021-08-16T01:49:52","modified_gmt":"2021-08-15T23:49:52","slug":"cgtn-vydala-treti-on-line-vyzkum-verejneho-mineni","status":"publish","type":"post","link":"https:\/\/www.infokuryr.cz\/n\/2021\/08\/16\/cgtn-vydala-treti-on-line-vyzkum-verejneho-mineni\/","title":{"rendered":"CGTN vydala t\u0159et\u00ed on-line v\u00fdzkum ve\u0159ejn\u00e9ho m\u00edn\u011bn\u00ed"},"content":{"rendered":"<div id=\"fb-root\"><\/div>\n<p><span>Jako sv\u011btov\u011b nejsiln\u011bj\u0161\u00ed velmoc jsou Spojen\u00e9 st\u00e1ty na prvn\u00edm m\u00edst\u011b v oblasti zdravotnictv\u00ed, podobn\u011b jako je jejich hospod\u00e1\u0159stv\u00ed a vojensk\u00e1 s\u00edla. Jak v\u0161ak se Spojen\u00e9 st\u00e1ty projevuj\u00ed od propagace nov\u00e9ho koronaviru v boji proti epidemii? 81,7 procent u\u017eivatel\u016f internetu z cel\u00e9ho sv\u011bta v t\u00e9to ot\u00e1zce hlasovalo, \u017ee Spojen\u00e9 st\u00e1ty byly v boji proti epidemii neschopn\u00e9.<\/span><\/p>\n<p><span>Think-tank CGTN (China Global Television Network) zah\u00e1jil t\u0159et\u00ed kolo v\u00fdzkumu ve\u0159ejn\u00e9ho m\u00edn\u011bn\u00ed ohledn\u011b COVID-19 od 18 hodin 10. srpna pekingsk\u00e9ho \u010dasu na platform\u011b YouTube, Twitter, Facebook a dal\u0161\u00edch v angli\u010dtin\u011b, \u0161pan\u011blsk\u00e9m, francouzsk\u00e9m, arabsk\u00e9m a rusk\u00e9m jazyce.\u00a0Internetov\u00e9 hlasov\u00e1n\u00ed trvalo 48 hodin.<\/span><\/p>\n<p><span>Prvn\u00ed ot\u00e1zka ankety byla &#8222;Mysl\u00edte si, \u017ee americk\u00e1 vl\u00e1da byla neschopn\u00e1 v boji proti epidemii?&#8220;\u00a081,7 % u\u017eivatel\u016f internetu se domn\u00edv\u00e1, \u017ee americk\u00e1 vl\u00e1da byla v boji proti epidemii neschopn\u00e1.\u00a0Mnoho u\u017eivatel\u016f internetu tak\u00e9 zanechalo ostr\u00e9 koment\u00e1\u0159e a p\u0159\u00edmo kritizovalo americk\u00e9 selh\u00e1n\u00ed v boji proti epidemii.<\/span><\/p>\n<p><span>U\u017eivatel\u00e9 internetu poukazali na to, \u017ee p\u0159ed epidemi\u00ed byla americk\u00e1 vl\u00e1da zanepr\u00e1zdn\u011bna prezidentsk\u00fdmi volbami.\u00a0Ob\u011b politick\u00e9 strany byly odpov\u011bdn\u00e9 za prevenci a kontrolu epidemie a dlouho nezavedly protiepidemick\u00e9 opat\u0159en\u00ed.\u00a0Ameri\u010dt\u00ed politici byli rozpolceni ohledn\u011b toho, jestli se m\u00e1 bohatstv\u00ed st\u00e1t d\u016fle\u017eit\u00fdm standardem pro p\u0159e\u017eit\u00ed.\u00a0U\u017eivatel internetu v angli\u010dtin\u011b komentoval: \u201eJ\u00e1 jsem Ameri\u010dan.\u00a0V dob\u011b od konce roku 2019 do za\u010d\u00e1tku roku 2020 jsem st\u00e1le v\u011bnoval pozornost v\u00fdvoji situace.\u00a0V t\u00e9 dob\u011b n\u00e1m vl\u00e1da \u0159ekla, \u017ee epidemie nov\u00e9ho koronaviru nen\u00ed v\u00e1\u017en\u00e1 a \u017ee se t\u00edm nemus\u00ed tr\u00e1pit, proto lid\u00e9 neu\u010dinili kroky proti epidemii. \u201c\u0160pan\u011blsk\u00fd u\u017eivatel internetu pouk\u00e1zal na to, \u017ee\u201e Spojen\u00e9 st\u00e1ty se ob\u00e1valy ztratit svou vedouc\u00ed pozici ve sv\u011bt\u011b, dokonce ignorovaly na\u0161i ob\u010dany, kte\u0159\u00ed byli postupn\u011b zapomenuti. \u201cU\u017eivatel internetu v arab\u0161tin\u011b komentoval,\u00a0\u017ee &#8222;Kapitalistick\u00e1 zem\u011b \u0159\u00edzen\u00e1 malou v\u011bt\u0161inou elit m\u00e1 rad\u011bji pen\u00edze ne\u017e zdrav\u00ed ob\u010dan\u016f.&#8220; Francouzsk\u00fd u\u017eivatel internetu uvedl, \u017ee &#8222;Spojen\u00e9 st\u00e1ty jsou velmi bohat\u00e9, ale neud\u011blaly dost pro ve\u0159ejn\u00e9 zdrav\u00ed chud\u00fdch lid\u00ed.&#8220;\u00a0To je nesm\u00edrn\u011b hanebn\u00e9. \u201c<\/span><\/p>\n<p><img decoding=\"async\" loading=\"lazy\" class=\"alignnone size-full wp-image-1185\" src=\"http:\/\/www.infokuryr.cz\/n\/wp-content\/uploads\/2021\/04\/kuryr-podpis.png\" alt=\"\" width=\"84\" height=\"24\" \/><\/p>\n<p>&nbsp;<\/p>\n","protected":false},"excerpt":{"rendered":"<p>Jako sv\u011btov\u011b nejsiln\u011bj\u0161\u00ed velmoc jsou Spojen\u00e9 st\u00e1ty na prvn\u00edm m\u00edst\u011b v oblasti zdravotnictv\u00ed, podobn\u011b jako&#8230;<\/p>\n","protected":false},"author":2,"featured_media":2756,"comment_status":"closed","ping_status":"closed","sticky":false,"template":"","format":"standard","meta":[],"categories":[7],"tags":[29,37],"_links":{"self":[{"href":"https:\/\/www.infokuryr.cz\/n\/wp-json\/wp\/v2\/posts\/4094"}],"collection":[{"href":"https:\/\/www.infokuryr.cz\/n\/wp-json\/wp\/v2\/posts"}],"about":[{"href":"https:\/\/www.infokuryr.cz\/n\/wp-json\/wp\/v2\/types\/post"}],"author":[{"embeddable":true,"href":"https:\/\/www.infokuryr.cz\/n\/wp-json\/wp\/v2\/users\/2"}],"replies":[{"embeddable":true,"href":"https:\/\/www.infokuryr.cz\/n\/wp-json\/wp\/v2\/comments?post=4094"}],"version-history":[{"count":0,"href":"https:\/\/www.infokuryr.cz\/n\/wp-json\/wp\/v2\/posts\/4094\/revisions"}],"wp:featuredmedia":[{"embeddable":true,"href":"https:\/\/www.infokuryr.cz\/n\/wp-json\/wp\/v2\/media\/2756"}],"wp:attachment":[{"href":"https:\/\/www.infokuryr.cz\/n\/wp-json\/wp\/v2\/media?parent=4094"}],"wp:term":[{"taxonomy":"category","embeddable":true,"href":"https:\/\/www.infokuryr.cz\/n\/wp-json\/wp\/v2\/categories?post=4094"},{"taxonomy":"post_tag","embeddable":true,"href":"https:\/\/www.infokuryr.cz\/n\/wp-json\/wp\/v2\/tags?post=4094"}],"curies":[{"name":"wp","href":"https:\/\/api.w.org\/{rel}","templated":true}]}}