{"id":4092,"date":"2021-08-15T18:55:41","date_gmt":"2021-08-15T16:55:41","guid":{"rendered":"http:\/\/www.infokuryr.cz\/n\/?p=4092"},"modified":"2021-08-15T18:57:20","modified_gmt":"2021-08-15T16:57:20","slug":"taliban-vyjednava-o-predani-moci-hnuti-v-afghanistanu","status":"publish","type":"post","link":"https:\/\/www.infokuryr.cz\/n\/2021\/08\/15\/taliban-vyjednava-o-predani-moci-hnuti-v-afghanistanu\/","title":{"rendered":"Taliban vyjedn\u00e1v\u00e1 o p\u0159ed\u00e1n\u00ed moci v Afgh\u00e1nist\u00e1nu"},"content":{"rendered":"<div id=\"fb-root\"><\/div>\n<p>Ozbrojenci Talibanu\u00a0 obsadili K\u00e1bul. Nyn\u00ed veden\u00ed hnut\u00ed jedn\u00e1 s \u00fa\u0159ady o p\u0159ed\u00e1n\u00ed moci v Afgh\u00e1nist\u00e1nu.\u00a0M\u00e9dia informuj\u00ed, \u017ee prezident Ashraf Ghani ji\u017e rezignoval a uprchl ze zem\u011b.\u00a0 Taliban d\u0159\u00edve uvedl, \u017ee p\u0159evzal kontrolu nad \u0159adou velk\u00fdch m\u011bst, v\u010detn\u011b Kandah\u00e1ru.<\/p>\n<p>Taliban\u00a0 m\u00e1 v \u00famyslu brzy ozn\u00e1mit z prezidentsk\u00e9ho pal\u00e1ce vytvo\u0159en\u00ed isl\u00e1msk\u00e9ho emir\u00e1tu Afgh\u00e1nist\u00e1nu, uv\u00e1d\u00ed agentura Associated Press s odvol\u00e1n\u00edm na mluv\u010d\u00ed hnut\u00ed.<\/p>\n<p><strong>P\u0159edstavitel\u00e9 Talibanu uvedli, \u017ee v Afgh\u00e1nist\u00e1nu nebude \u017e\u00e1dn\u00e1 p\u0159echodn\u00e1 vl\u00e1da a hnut\u00ed o\u010dek\u00e1v\u00e1 \u00fapln\u00e9 p\u0159ed\u00e1n\u00ed moci.<\/strong><\/p>\n<p><img decoding=\"async\" loading=\"lazy\" class=\"alignnone size-full wp-image-1185\" src=\"http:\/\/www.infokuryr.cz\/n\/wp-content\/uploads\/2021\/04\/kuryr-podpis.png\" alt=\"\" width=\"84\" height=\"24\" \/><\/p>\n<p>&nbsp;<\/p>\n<p>&nbsp;<\/p>\n<p>&nbsp;<\/p>\n","protected":false},"excerpt":{"rendered":"<p>Ozbrojenci Talibanu\u00a0 obsadili K\u00e1bul. Nyn\u00ed veden\u00ed hnut\u00ed jedn\u00e1 s \u00fa\u0159ady o p\u0159ed\u00e1n\u00ed moci v Afgh\u00e1nist\u00e1nu.\u00a0M\u00e9dia&#8230;<\/p>\n","protected":false},"author":2,"featured_media":3253,"comment_status":"closed","ping_status":"closed","sticky":false,"template":"","format":"standard","meta":[],"categories":[7],"tags":[118,227],"_links":{"self":[{"href":"https:\/\/www.infokuryr.cz\/n\/wp-json\/wp\/v2\/posts\/4092"}],"collection":[{"href":"https:\/\/www.infokuryr.cz\/n\/wp-json\/wp\/v2\/posts"}],"about":[{"href":"https:\/\/www.infokuryr.cz\/n\/wp-json\/wp\/v2\/types\/post"}],"author":[{"embeddable":true,"href":"https:\/\/www.infokuryr.cz\/n\/wp-json\/wp\/v2\/users\/2"}],"replies":[{"embeddable":true,"href":"https:\/\/www.infokuryr.cz\/n\/wp-json\/wp\/v2\/comments?post=4092"}],"version-history":[{"count":0,"href":"https:\/\/www.infokuryr.cz\/n\/wp-json\/wp\/v2\/posts\/4092\/revisions"}],"wp:featuredmedia":[{"embeddable":true,"href":"https:\/\/www.infokuryr.cz\/n\/wp-json\/wp\/v2\/media\/3253"}],"wp:attachment":[{"href":"https:\/\/www.infokuryr.cz\/n\/wp-json\/wp\/v2\/media?parent=4092"}],"wp:term":[{"taxonomy":"category","embeddable":true,"href":"https:\/\/www.infokuryr.cz\/n\/wp-json\/wp\/v2\/categories?post=4092"},{"taxonomy":"post_tag","embeddable":true,"href":"https:\/\/www.infokuryr.cz\/n\/wp-json\/wp\/v2\/tags?post=4092"}],"curies":[{"name":"wp","href":"https:\/\/api.w.org\/{rel}","templated":true}]}}