{"id":40899,"date":"2023-11-24T11:58:13","date_gmt":"2023-11-24T10:58:13","guid":{"rendered":"https:\/\/www.infokuryr.cz\/n\/?p=40899"},"modified":"2023-11-24T11:58:13","modified_gmt":"2023-11-24T10:58:13","slug":"skupina-pro-zmenu-klimatu-je-legalne-oznacena-za-zlocineckou-organizaci","status":"publish","type":"post","link":"https:\/\/www.infokuryr.cz\/n\/2023\/11\/24\/skupina-pro-zmenu-klimatu-je-legalne-oznacena-za-zlocineckou-organizaci\/","title":{"rendered":"Skupina pro zm\u011bnu klimatu je leg\u00e1ln\u011b ozna\u010dena za \u201ezlo\u010dineckou organizaci\u201c"},"content":{"rendered":"<div id=\"fb-root\"><\/div>\n<p><span style=\"font-size: 18pt;\"><strong>N\u011bmeck\u00fd soud rozhodl, \u017ee \u010dinnost posledn\u00ed generace p\u0159edstavuje hrozbu pro ve\u0159ejnou bezpe\u010dnost a po\u0159\u00e1dek<\/strong><\/span><\/p>\n<p><span>Skupina Last Generation pro zm\u011bnu klimatu byla\u00a0mnichovsk\u00fdm krajsk\u00fdm soudem ozna\u010dena jako\u00a0<\/span><em><span>\u201ezlo\u010dineck\u00e1 organizace\u201c , kter\u00fd ve \u010dtvrtek ozn\u00e1mil rozsudek pot\u00e9, co zv\u00e1\u017eil deset st\u00ed\u017enost\u00ed klimatick\u00fdch aktivist\u016f na prohl\u00eddky a zabaven\u00ed.<\/span><\/em><\/p>\n<p><span>Soud st\u00ed\u017enosti zam\u00edtl a rozhodl, \u017ee Posledn\u00ed generace spl\u0148uje po\u017eadavky na to, aby mohla b\u00fdt pova\u017eov\u00e1na za skupinu organizovan\u00e9ho zlo\u010dinu \u2013 argumentoval t\u00edm, \u017ee p\u00e1ch\u00e1n\u00ed trestn\u00fdch \u010din\u016f nemus\u00ed b\u00fdt nutn\u011b jedin\u00fdm \u00fa\u010delem skupiny, kter\u00e1 m\u00e1 b\u00fdt jako takov\u00e1 ozna\u010dena.<\/span><\/p>\n<p><span>Soud uvedl, \u017ee aktivity skupiny, v\u010detn\u011b naru\u0161ov\u00e1n\u00ed dopravy a po\u0161kozov\u00e1n\u00ed majetku, p\u0159edstavuj\u00ed v\u00fdznamnou hrozbu pro ve\u0159ejnou bezpe\u010dnost a po\u0159\u00e1dek.<\/span><\/p>\n<p><a href=\"https:\/\/stranapro.cz\/\"><img decoding=\"async\" loading=\"lazy\" class=\"alignnone  wp-image-40285 aligncenter\" src=\"http:\/\/www.infokuryr.cz\/n\/wp-content\/uploads\/2023\/11\/11pro-300x79.png\" alt=\"\" width=\"581\" height=\"153\" srcset=\"https:\/\/www.infokuryr.cz\/n\/wp-content\/uploads\/2023\/11\/11pro-300x79.png 300w, https:\/\/www.infokuryr.cz\/n\/wp-content\/uploads\/2023\/11\/11pro.png 363w\" sizes=\"(max-width: 581px) 100vw, 581px\" \/><\/a><\/p>\n<p><span>Skupina Last Generation vznikla v roce 2021 a byla vytvo\u0159ena z \u00fa\u010dastn\u00edk\u016f \u201ehladovky posledn\u00ed generace\u201c, protestn\u00ed akce, kter\u00e1 po\u017eadovala\u00a0<\/span><em><span>\u201eve\u0159ejn\u00fd rozhovor o klimatick\u00e9 nouzi\u201c<\/span><\/em><span>\u00a0s tehdej\u0161\u00edmi kandid\u00e1ty na kancl\u00e9\u0159e N\u011bmecka.\u00a0Akce zahrnovala kempov\u00e1n\u00ed v berl\u00ednsk\u00e9 vl\u00e1dn\u00ed \u010dtvrti a tak\u00e9 naru\u0161en\u00ed dopravy ve m\u011bst\u011b.<\/span><\/p>\n<p><span>Skupina se od t\u00e9 doby rozrostla a z\u016fstala aktivn\u00ed p\u0159edev\u0161\u00edm v N\u011bmecku, Rakousku a It\u00e1lii.\u00a0Aktivist\u00e9 The Last Generation zablokovali hlavn\u00ed dopravn\u00ed cesty a leti\u0161t\u011b, naru\u0161ili provoz za\u0159\u00edzen\u00ed souvisej\u00edc\u00edch s pr\u016fmyslem fosiln\u00edch paliv a zinscenovali \u00fatoky na muzea s c\u00edlem upozornit na probl\u00e9my zm\u011bny klimatu.<\/span><\/p>\n<p><span>Tyto aktivity um\u00edstily skupinu do centra pozornosti m\u00e9di\u00ed a \u00fato\u010dily na obrazy um\u011blc\u016f jako van Gogh a Monet.\u00a0Metody aktivist\u016f Posledn\u00ed generace jsou podobn\u00e9 metod\u00e1m britsk\u00e9 skupiny \u201eJust Stop Oil\u201c a zahrnovaly rozt\u00edr\u00e1n\u00ed potravin na obrazy pokryt\u00e9 ochrann\u00fdm sklem.<\/span><\/p>\n<p><img decoding=\"async\" loading=\"lazy\" class=\"alignnone size-full wp-image-1185\" src=\"http:\/\/www.infokuryr.cz\/n\/wp-content\/uploads\/2021\/04\/kuryr-podpis.png\" alt=\"\" width=\"84\" height=\"24\" \/><\/p>\n<p>&nbsp;<\/p>\n<p>&nbsp;<\/p>\n","protected":false},"excerpt":{"rendered":"<p>N\u011bmeck\u00fd soud rozhodl, \u017ee \u010dinnost posledn\u00ed generace p\u0159edstavuje hrozbu pro ve\u0159ejnou bezpe\u010dnost a po\u0159\u00e1dek Skupina&#8230;<\/p>\n","protected":false},"author":2,"featured_media":40900,"comment_status":"closed","ping_status":"closed","sticky":false,"template":"","format":"standard","meta":[],"categories":[7],"tags":[4893,84,520,324,2703],"_links":{"self":[{"href":"https:\/\/www.infokuryr.cz\/n\/wp-json\/wp\/v2\/posts\/40899"}],"collection":[{"href":"https:\/\/www.infokuryr.cz\/n\/wp-json\/wp\/v2\/posts"}],"about":[{"href":"https:\/\/www.infokuryr.cz\/n\/wp-json\/wp\/v2\/types\/post"}],"author":[{"embeddable":true,"href":"https:\/\/www.infokuryr.cz\/n\/wp-json\/wp\/v2\/users\/2"}],"replies":[{"embeddable":true,"href":"https:\/\/www.infokuryr.cz\/n\/wp-json\/wp\/v2\/comments?post=40899"}],"version-history":[{"count":0,"href":"https:\/\/www.infokuryr.cz\/n\/wp-json\/wp\/v2\/posts\/40899\/revisions"}],"wp:featuredmedia":[{"embeddable":true,"href":"https:\/\/www.infokuryr.cz\/n\/wp-json\/wp\/v2\/media\/40900"}],"wp:attachment":[{"href":"https:\/\/www.infokuryr.cz\/n\/wp-json\/wp\/v2\/media?parent=40899"}],"wp:term":[{"taxonomy":"category","embeddable":true,"href":"https:\/\/www.infokuryr.cz\/n\/wp-json\/wp\/v2\/categories?post=40899"},{"taxonomy":"post_tag","embeddable":true,"href":"https:\/\/www.infokuryr.cz\/n\/wp-json\/wp\/v2\/tags?post=40899"}],"curies":[{"name":"wp","href":"https:\/\/api.w.org\/{rel}","templated":true}]}}